{"id":860,"date":"2024-06-30T15:29:00","date_gmt":"2024-06-30T13:29:00","guid":{"rendered":"https:\/\/horebnews.net\/?p=860"},"modified":"2024-06-30T15:29:00","modified_gmt":"2024-06-30T13:29:00","slug":"presidence-du-faso-des-deputes-maliens-chez-le-president-de-la-transition-ibrahim-traore","status":"publish","type":"post","link":"https:\/\/horebnews.net\/index.php\/politique\/presidence-du-faso-des-deputes-maliens-chez-le-president-de-la-transition-ibrahim-traore\/","title":{"rendered":"Pr\u00e9sidence du Faso : Des d\u00e9put\u00e9s maliens chez le pr\u00e9sident de la transition Ibrahim Traor\u00e9"},"content":{"rendered":"<p>Le Pr\u00e9sident de la Transition, le Capitaine Ibrahim Traor\u00e9, a re\u00e7u en audience ce jeudi 25 janvier 2024, une d\u00e9l\u00e9gation de d\u00e9put\u00e9s du Conseil national de Transition de la R\u00e9publique du Mali. En s\u00e9jour au Burkina dans le cadre d\u2019une visite de travail et de partage d\u2019exp\u00e9riences avec les parlementaires burkinab\u00e8, la d\u00e9l\u00e9gation est venue faire le point des travaux au Chef de l\u2019Etat burkinab\u00e8.<br \/>\nLe Pr\u00e9sident de l\u2019Assembl\u00e9e l\u00e9gislative de Transition du Burkina Faso, Ousmane Bougouma qui a introduit la d\u00e9l\u00e9gation aupr\u00e8s du Chef de l\u2019Etat, a indiqu\u00e9 que les \u00e9changes ont port\u00e9 sur le rapprochement entre les deux parlements. Ce rapprochement s\u2019inscrit dans le cadre de la mise en place de l\u2019Alliance des Etats du Sahel (AES), en septembre 2023, par les plus hautes autorit\u00e9s du Mali, du Niger et du Burkina Faso, qui partagent les m\u00eames r\u00e9alit\u00e9s socio-\u00e9conomiques et les m\u00eames adversit\u00e9s.<br \/>\n\u00ab Nous sommes donc venus dire au Chef de l\u2019Etat la volont\u00e9 de nos parlements, dans la dynamique de l\u2019AES, de se rapprocher davantage afin d\u2019harmoniser les proc\u00e9dures mais aussi de voir comment dans le rapprochement de nos populations, nous pouvons travailler afin que nos textes soient plus harmonieux au profit de nos populations \u00bb, a pr\u00e9cis\u00e9 Dr Bougouma.<br \/>\nLes parlementaires maliens et burkinab\u00e8 ont, au cours de l\u2019audience, d\u00e9clin\u00e9 au Capitaine Ibrahim Traor\u00e9, quelques recommandations qui ont sanctionn\u00e9 leurs travaux. \u00ab La forte recommandation a \u00e9t\u00e9 que les Chefs d\u2019Etats du Mali et du Burkina Faso puissent acc\u00e9l\u00e9rer et aider la R\u00e9publique s\u0153ur du Niger dans la mise en place de ses organes l\u00e9gislatifs et de s\u2019impr\u00e9gner des exp\u00e9riences, mutualiser les connaissances et les dispositifs mis en place d\u00e9j\u00e0 dans les deux pays \u00bb, a soutenu madame Diarra Raky Talla, Chef de la d\u00e9l\u00e9gation malienne.<br \/>\nLes d\u00e9put\u00e9s du Burkina Faso et de la R\u00e9publique du Mali ont r\u00e9it\u00e9r\u00e9 leur ferme volont\u00e9 de travailler pour rendre la diplomatie parlementaire plus active et \u00e0 poursuivre les \u00e9changes de mutualisation des textes au sein des pays membres de l\u2019AES.<br \/>\nDirection de la Communication de la Pr\u00e9sidence du Faso<\/p>\n","protected":false},"excerpt":{"rendered":"<p>Le Pr\u00e9sident de la Transition, le Capitaine Ibrahim Traor\u00e9, a re\u00e7u en audience ce jeudi 25 janvier 2024, une d\u00e9l\u00e9gation de d\u00e9put\u00e9s du Conseil national de Transition de la R\u00e9publique du Mali. En s\u00e9jour au Burkina dans le cadre d\u2019une visite de travail et de partage d\u2019exp\u00e9riences avec les parlementaires burkinab\u00e8, la d\u00e9l\u00e9gation est venue [&hellip;]<\/p>\n","protected":false},"author":1,"featured_media":861,"comment_status":"open","ping_status":"open","sticky":false,"template":"","format":"standard","meta":{"footnotes":""},"categories":[9],"tags":[],"yoast_head":"<!-- This site is optimized with the Yoast SEO plugin v22.9 - https:\/\/yoast.com\/wordpress\/plugins\/seo\/ -->\n<title>Pr\u00e9sidence du Faso : Des d\u00e9put\u00e9s maliens chez le pr\u00e9sident de la transition Ibrahim Traor\u00e9 - HOREBNEWS<\/title>\n<meta name=\"robots\" content=\"index, follow, max-snippet:-1, max-image-preview:large, max-video-preview:-1\" \/>\n<link rel=\"canonical\" href=\"https:\/\/horebnews.net\/index.php\/politique\/presidence-du-faso-des-deputes-maliens-chez-le-president-de-la-transition-ibrahim-traore\/\" \/>\n<meta property=\"og:locale\" content=\"fr_FR\" \/>\n<meta property=\"og:type\" content=\"article\" \/>\n<meta property=\"og:title\" content=\"Pr\u00e9sidence du Faso : Des d\u00e9put\u00e9s maliens chez le pr\u00e9sident de la transition Ibrahim Traor\u00e9 - HOREBNEWS\" \/>\n<meta property=\"og:description\" content=\"Le Pr\u00e9sident de la Transition, le Capitaine Ibrahim Traor\u00e9, a re\u00e7u en audience ce jeudi 25 janvier 2024, une d\u00e9l\u00e9gation de d\u00e9put\u00e9s du Conseil national de Transition de la R\u00e9publique du Mali. En s\u00e9jour au Burkina dans le cadre d\u2019une visite de travail et de partage d\u2019exp\u00e9riences avec les parlementaires burkinab\u00e8, la d\u00e9l\u00e9gation est venue [&hellip;]\" \/>\n<meta property=\"og:url\" content=\"https:\/\/horebnews.net\/index.php\/politique\/presidence-du-faso-des-deputes-maliens-chez-le-president-de-la-transition-ibrahim-traore\/\" \/>\n<meta property=\"og:site_name\" content=\"HOREBNEWS\" \/>\n<meta property=\"article:published_time\" content=\"2024-06-30T13:29:00+00:00\" \/>\n<meta property=\"og:image\" content=\"http:\/\/horebnews.net\/wp-content\/uploads\/2024\/06\/422606290_773205918181556_3843962639172477569_n-1600x800-1.jpg\" \/>\n\t<meta property=\"og:image:width\" content=\"1600\" \/>\n\t<meta property=\"og:image:height\" content=\"800\" \/>\n\t<meta property=\"og:image:type\" content=\"image\/jpeg\" \/>\n<meta name=\"author\" content=\"Salvador Ki\u00e9br\u00e9\" \/>\n<meta name=\"twitter:card\" content=\"summary_large_image\" \/>\n<meta name=\"twitter:label1\" content=\"\u00c9crit par\" \/>\n\t<meta name=\"twitter:data1\" content=\"Salvador Ki\u00e9br\u00e9\" \/>\n\t<meta name=\"twitter:label2\" content=\"Dur\u00e9e de lecture estim\u00e9e\" \/>\n\t<meta name=\"twitter:data2\" content=\"2 minutes\" \/>\n<script type=\"application\/ld+json\" class=\"yoast-schema-graph\">{\"@context\":\"https:\/\/schema.org\",\"@graph\":[{\"@type\":\"Article\",\"@id\":\"https:\/\/horebnews.net\/index.php\/politique\/presidence-du-faso-des-deputes-maliens-chez-le-president-de-la-transition-ibrahim-traore\/#article\",\"isPartOf\":{\"@id\":\"https:\/\/horebnews.net\/index.php\/politique\/presidence-du-faso-des-deputes-maliens-chez-le-president-de-la-transition-ibrahim-traore\/\"},\"author\":{\"name\":\"Salvador Ki\u00e9br\u00e9\",\"@id\":\"https:\/\/horebnews.net\/#\/schema\/person\/6220ecfd92c7dd59560ac5df08114b42\"},\"headline\":\"Pr\u00e9sidence du Faso : Des d\u00e9put\u00e9s maliens chez le pr\u00e9sident de la transition Ibrahim Traor\u00e9\",\"datePublished\":\"2024-06-30T13:29:00+00:00\",\"dateModified\":\"2024-06-30T13:29:00+00:00\",\"mainEntityOfPage\":{\"@id\":\"https:\/\/horebnews.net\/index.php\/politique\/presidence-du-faso-des-deputes-maliens-chez-le-president-de-la-transition-ibrahim-traore\/\"},\"wordCount\":408,\"commentCount\":0,\"publisher\":{\"@id\":\"https:\/\/horebnews.net\/#organization\"},\"image\":{\"@id\":\"https:\/\/horebnews.net\/index.php\/politique\/presidence-du-faso-des-deputes-maliens-chez-le-president-de-la-transition-ibrahim-traore\/#primaryimage\"},\"thumbnailUrl\":\"https:\/\/horebnews.net\/wp-content\/uploads\/2024\/06\/422606290_773205918181556_3843962639172477569_n-1600x800-1.jpg\",\"articleSection\":[\"POLITIQUE\"],\"inLanguage\":\"fr-FR\",\"potentialAction\":[{\"@type\":\"CommentAction\",\"name\":\"Comment\",\"target\":[\"https:\/\/horebnews.net\/index.php\/politique\/presidence-du-faso-des-deputes-maliens-chez-le-president-de-la-transition-ibrahim-traore\/#respond\"]}]},{\"@type\":\"WebPage\",\"@id\":\"https:\/\/horebnews.net\/index.php\/politique\/presidence-du-faso-des-deputes-maliens-chez-le-president-de-la-transition-ibrahim-traore\/\",\"url\":\"https:\/\/horebnews.net\/index.php\/politique\/presidence-du-faso-des-deputes-maliens-chez-le-president-de-la-transition-ibrahim-traore\/\",\"name\":\"Pr\u00e9sidence du Faso : Des d\u00e9put\u00e9s maliens chez le pr\u00e9sident de la transition Ibrahim Traor\u00e9 - HOREBNEWS\",\"isPartOf\":{\"@id\":\"https:\/\/horebnews.net\/#website\"},\"primaryImageOfPage\":{\"@id\":\"https:\/\/horebnews.net\/index.php\/politique\/presidence-du-faso-des-deputes-maliens-chez-le-president-de-la-transition-ibrahim-traore\/#primaryimage\"},\"image\":{\"@id\":\"https:\/\/horebnews.net\/index.php\/politique\/presidence-du-faso-des-deputes-maliens-chez-le-president-de-la-transition-ibrahim-traore\/#primaryimage\"},\"thumbnailUrl\":\"https:\/\/horebnews.net\/wp-content\/uploads\/2024\/06\/422606290_773205918181556_3843962639172477569_n-1600x800-1.jpg\",\"datePublished\":\"2024-06-30T13:29:00+00:00\",\"dateModified\":\"2024-06-30T13:29:00+00:00\",\"breadcrumb\":{\"@id\":\"https:\/\/horebnews.net\/index.php\/politique\/presidence-du-faso-des-deputes-maliens-chez-le-president-de-la-transition-ibrahim-traore\/#breadcrumb\"},\"inLanguage\":\"fr-FR\",\"potentialAction\":[{\"@type\":\"ReadAction\",\"target\":[\"https:\/\/horebnews.net\/index.php\/politique\/presidence-du-faso-des-deputes-maliens-chez-le-president-de-la-transition-ibrahim-traore\/\"]}]},{\"@type\":\"ImageObject\",\"inLanguage\":\"fr-FR\",\"@id\":\"https:\/\/horebnews.net\/index.php\/politique\/presidence-du-faso-des-deputes-maliens-chez-le-president-de-la-transition-ibrahim-traore\/#primaryimage\",\"url\":\"https:\/\/horebnews.net\/wp-content\/uploads\/2024\/06\/422606290_773205918181556_3843962639172477569_n-1600x800-1.jpg\",\"contentUrl\":\"https:\/\/horebnews.net\/wp-content\/uploads\/2024\/06\/422606290_773205918181556_3843962639172477569_n-1600x800-1.jpg\",\"width\":1600,\"height\":800},{\"@type\":\"BreadcrumbList\",\"@id\":\"https:\/\/horebnews.net\/index.php\/politique\/presidence-du-faso-des-deputes-maliens-chez-le-president-de-la-transition-ibrahim-traore\/#breadcrumb\",\"itemListElement\":[{\"@type\":\"ListItem\",\"position\":1,\"name\":\"Accueil\",\"item\":\"https:\/\/horebnews.net\/\"},{\"@type\":\"ListItem\",\"position\":2,\"name\":\"POLITIQUE\",\"item\":\"https:\/\/horebnews.net\/index.php\/category\/politique\/\"},{\"@type\":\"ListItem\",\"position\":3,\"name\":\"Pr\u00e9sidence du Faso : Des d\u00e9put\u00e9s maliens chez le pr\u00e9sident de la transition Ibrahim Traor\u00e9\"}]},{\"@type\":\"WebSite\",\"@id\":\"https:\/\/horebnews.net\/#website\",\"url\":\"https:\/\/horebnews.net\/\",\"name\":\"HOREBNEWS\",\"description\":\"La vraie info\",\"publisher\":{\"@id\":\"https:\/\/horebnews.net\/#organization\"},\"potentialAction\":[{\"@type\":\"SearchAction\",\"target\":{\"@type\":\"EntryPoint\",\"urlTemplate\":\"https:\/\/horebnews.net\/?s={search_term_string}\"},\"query-input\":\"required name=search_term_string\"}],\"inLanguage\":\"fr-FR\"},{\"@type\":\"Organization\",\"@id\":\"https:\/\/horebnews.net\/#organization\",\"name\":\"HOREBNEWS\",\"url\":\"https:\/\/horebnews.net\/\",\"logo\":{\"@type\":\"ImageObject\",\"inLanguage\":\"fr-FR\",\"@id\":\"https:\/\/horebnews.net\/#\/schema\/logo\/image\/\",\"url\":\"http:\/\/horebnews.net\/wp-content\/uploads\/2024\/06\/Image-collee-7.png\",\"contentUrl\":\"http:\/\/horebnews.net\/wp-content\/uploads\/2024\/06\/Image-collee-7.png\",\"width\":399,\"height\":113,\"caption\":\"HOREBNEWS\"},\"image\":{\"@id\":\"https:\/\/horebnews.net\/#\/schema\/logo\/image\/\"}},{\"@type\":\"Person\",\"@id\":\"https:\/\/horebnews.net\/#\/schema\/person\/6220ecfd92c7dd59560ac5df08114b42\",\"name\":\"Salvador Ki\u00e9br\u00e9\",\"image\":{\"@type\":\"ImageObject\",\"inLanguage\":\"fr-FR\",\"@id\":\"https:\/\/horebnews.net\/#\/schema\/person\/image\/\",\"url\":\"https:\/\/secure.gravatar.com\/avatar\/f6d33f9478484bca7302ed6ef6ad859d?s=96&d=mm&r=g\",\"contentUrl\":\"https:\/\/secure.gravatar.com\/avatar\/f6d33f9478484bca7302ed6ef6ad859d?s=96&d=mm&r=g\",\"caption\":\"Salvador Ki\u00e9br\u00e9\"},\"sameAs\":[\"http:\/\/horebnews.net\"],\"url\":\"https:\/\/horebnews.net\/index.php\/author\/demsco82\/\"}]}<\/script>\n<!-- \/ Yoast SEO plugin. -->","yoast_head_json":{"title":"Pr\u00e9sidence du Faso : Des d\u00e9put\u00e9s maliens chez le pr\u00e9sident de la transition Ibrahim Traor\u00e9 - HOREBNEWS","robots":{"index":"index","follow":"follow","max-snippet":"max-snippet:-1","max-image-preview":"max-image-preview:large","max-video-preview":"max-video-preview:-1"},"canonical":"https:\/\/horebnews.net\/index.php\/politique\/presidence-du-faso-des-deputes-maliens-chez-le-president-de-la-transition-ibrahim-traore\/","og_locale":"fr_FR","og_type":"article","og_title":"Pr\u00e9sidence du Faso : Des d\u00e9put\u00e9s maliens chez le pr\u00e9sident de la transition Ibrahim Traor\u00e9 - HOREBNEWS","og_description":"Le Pr\u00e9sident de la Transition, le Capitaine Ibrahim Traor\u00e9, a re\u00e7u en audience ce jeudi 25 janvier 2024, une d\u00e9l\u00e9gation de d\u00e9put\u00e9s du Conseil national de Transition de la R\u00e9publique du Mali. En s\u00e9jour au Burkina dans le cadre d\u2019une visite de travail et de partage d\u2019exp\u00e9riences avec les parlementaires burkinab\u00e8, la d\u00e9l\u00e9gation est venue [&hellip;]","og_url":"https:\/\/horebnews.net\/index.php\/politique\/presidence-du-faso-des-deputes-maliens-chez-le-president-de-la-transition-ibrahim-traore\/","og_site_name":"HOREBNEWS","article_published_time":"2024-06-30T13:29:00+00:00","og_image":[{"width":1600,"height":800,"url":"http:\/\/horebnews.net\/wp-content\/uploads\/2024\/06\/422606290_773205918181556_3843962639172477569_n-1600x800-1.jpg","type":"image\/jpeg"}],"author":"Salvador Ki\u00e9br\u00e9","twitter_card":"summary_large_image","twitter_misc":{"\u00c9crit par":"Salvador Ki\u00e9br\u00e9","Dur\u00e9e de lecture estim\u00e9e":"2 minutes"},"schema":{"@context":"https:\/\/schema.org","@graph":[{"@type":"Article","@id":"https:\/\/horebnews.net\/index.php\/politique\/presidence-du-faso-des-deputes-maliens-chez-le-president-de-la-transition-ibrahim-traore\/#article","isPartOf":{"@id":"https:\/\/horebnews.net\/index.php\/politique\/presidence-du-faso-des-deputes-maliens-chez-le-president-de-la-transition-ibrahim-traore\/"},"author":{"name":"Salvador Ki\u00e9br\u00e9","@id":"https:\/\/horebnews.net\/#\/schema\/person\/6220ecfd92c7dd59560ac5df08114b42"},"headline":"Pr\u00e9sidence du Faso : Des d\u00e9put\u00e9s maliens chez le pr\u00e9sident de la transition Ibrahim Traor\u00e9","datePublished":"2024-06-30T13:29:00+00:00","dateModified":"2024-06-30T13:29:00+00:00","mainEntityOfPage":{"@id":"https:\/\/horebnews.net\/index.php\/politique\/presidence-du-faso-des-deputes-maliens-chez-le-president-de-la-transition-ibrahim-traore\/"},"wordCount":408,"commentCount":0,"publisher":{"@id":"https:\/\/horebnews.net\/#organization"},"image":{"@id":"https:\/\/horebnews.net\/index.php\/politique\/presidence-du-faso-des-deputes-maliens-chez-le-president-de-la-transition-ibrahim-traore\/#primaryimage"},"thumbnailUrl":"https:\/\/horebnews.net\/wp-content\/uploads\/2024\/06\/422606290_773205918181556_3843962639172477569_n-1600x800-1.jpg","articleSection":["POLITIQUE"],"inLanguage":"fr-FR","potentialAction":[{"@type":"CommentAction","name":"Comment","target":["https:\/\/horebnews.net\/index.php\/politique\/presidence-du-faso-des-deputes-maliens-chez-le-president-de-la-transition-ibrahim-traore\/#respond"]}]},{"@type":"WebPage","@id":"https:\/\/horebnews.net\/index.php\/politique\/presidence-du-faso-des-deputes-maliens-chez-le-president-de-la-transition-ibrahim-traore\/","url":"https:\/\/horebnews.net\/index.php\/politique\/presidence-du-faso-des-deputes-maliens-chez-le-president-de-la-transition-ibrahim-traore\/","name":"Pr\u00e9sidence du Faso : Des d\u00e9put\u00e9s maliens chez le pr\u00e9sident de la transition Ibrahim Traor\u00e9 - HOREBNEWS","isPartOf":{"@id":"https:\/\/horebnews.net\/#website"},"primaryImageOfPage":{"@id":"https:\/\/horebnews.net\/index.php\/politique\/presidence-du-faso-des-deputes-maliens-chez-le-president-de-la-transition-ibrahim-traore\/#primaryimage"},"image":{"@id":"https:\/\/horebnews.net\/index.php\/politique\/presidence-du-faso-des-deputes-maliens-chez-le-president-de-la-transition-ibrahim-traore\/#primaryimage"},"thumbnailUrl":"https:\/\/horebnews.net\/wp-content\/uploads\/2024\/06\/422606290_773205918181556_3843962639172477569_n-1600x800-1.jpg","datePublished":"2024-06-30T13:29:00+00:00","dateModified":"2024-06-30T13:29:00+00:00","breadcrumb":{"@id":"https:\/\/horebnews.net\/index.php\/politique\/presidence-du-faso-des-deputes-maliens-chez-le-president-de-la-transition-ibrahim-traore\/#breadcrumb"},"inLanguage":"fr-FR","potentialAction":[{"@type":"ReadAction","target":["https:\/\/horebnews.net\/index.php\/politique\/presidence-du-faso-des-deputes-maliens-chez-le-president-de-la-transition-ibrahim-traore\/"]}]},{"@type":"ImageObject","inLanguage":"fr-FR","@id":"https:\/\/horebnews.net\/index.php\/politique\/presidence-du-faso-des-deputes-maliens-chez-le-president-de-la-transition-ibrahim-traore\/#primaryimage","url":"https:\/\/horebnews.net\/wp-content\/uploads\/2024\/06\/422606290_773205918181556_3843962639172477569_n-1600x800-1.jpg","contentUrl":"https:\/\/horebnews.net\/wp-content\/uploads\/2024\/06\/422606290_773205918181556_3843962639172477569_n-1600x800-1.jpg","width":1600,"height":800},{"@type":"BreadcrumbList","@id":"https:\/\/horebnews.net\/index.php\/politique\/presidence-du-faso-des-deputes-maliens-chez-le-president-de-la-transition-ibrahim-traore\/#breadcrumb","itemListElement":[{"@type":"ListItem","position":1,"name":"Accueil","item":"https:\/\/horebnews.net\/"},{"@type":"ListItem","position":2,"name":"POLITIQUE","item":"https:\/\/horebnews.net\/index.php\/category\/politique\/"},{"@type":"ListItem","position":3,"name":"Pr\u00e9sidence du Faso : Des d\u00e9put\u00e9s maliens chez le pr\u00e9sident de la transition Ibrahim Traor\u00e9"}]},{"@type":"WebSite","@id":"https:\/\/horebnews.net\/#website","url":"https:\/\/horebnews.net\/","name":"HOREBNEWS","description":"La vraie info","publisher":{"@id":"https:\/\/horebnews.net\/#organization"},"potentialAction":[{"@type":"SearchAction","target":{"@type":"EntryPoint","urlTemplate":"https:\/\/horebnews.net\/?s={search_term_string}"},"query-input":"required name=search_term_string"}],"inLanguage":"fr-FR"},{"@type":"Organization","@id":"https:\/\/horebnews.net\/#organization","name":"HOREBNEWS","url":"https:\/\/horebnews.net\/","logo":{"@type":"ImageObject","inLanguage":"fr-FR","@id":"https:\/\/horebnews.net\/#\/schema\/logo\/image\/","url":"http:\/\/horebnews.net\/wp-content\/uploads\/2024\/06\/Image-collee-7.png","contentUrl":"http:\/\/horebnews.net\/wp-content\/uploads\/2024\/06\/Image-collee-7.png","width":399,"height":113,"caption":"HOREBNEWS"},"image":{"@id":"https:\/\/horebnews.net\/#\/schema\/logo\/image\/"}},{"@type":"Person","@id":"https:\/\/horebnews.net\/#\/schema\/person\/6220ecfd92c7dd59560ac5df08114b42","name":"Salvador Ki\u00e9br\u00e9","image":{"@type":"ImageObject","inLanguage":"fr-FR","@id":"https:\/\/horebnews.net\/#\/schema\/person\/image\/","url":"https:\/\/secure.gravatar.com\/avatar\/f6d33f9478484bca7302ed6ef6ad859d?s=96&d=mm&r=g","contentUrl":"https:\/\/secure.gravatar.com\/avatar\/f6d33f9478484bca7302ed6ef6ad859d?s=96&d=mm&r=g","caption":"Salvador Ki\u00e9br\u00e9"},"sameAs":["http:\/\/horebnews.net"],"url":"https:\/\/horebnews.net\/index.php\/author\/demsco82\/"}]}},"wpmagazine_modules_lite_featured_media_urls":{"thumbnail":["https:\/\/horebnews.net\/wp-content\/uploads\/2024\/06\/422606290_773205918181556_3843962639172477569_n-1600x800-1-150x150.jpg",150,150,true],"cvmm-medium":["https:\/\/horebnews.net\/wp-content\/uploads\/2024\/06\/422606290_773205918181556_3843962639172477569_n-1600x800-1-300x300.jpg",300,300,true],"cvmm-medium-plus":["https:\/\/horebnews.net\/wp-content\/uploads\/2024\/06\/422606290_773205918181556_3843962639172477569_n-1600x800-1-305x207.jpg",305,207,true],"cvmm-portrait":["https:\/\/horebnews.net\/wp-content\/uploads\/2024\/06\/422606290_773205918181556_3843962639172477569_n-1600x800-1-400x600.jpg",400,600,true],"cvmm-medium-square":["https:\/\/horebnews.net\/wp-content\/uploads\/2024\/06\/422606290_773205918181556_3843962639172477569_n-1600x800-1-600x600.jpg",600,600,true],"cvmm-large":["https:\/\/horebnews.net\/wp-content\/uploads\/2024\/06\/422606290_773205918181556_3843962639172477569_n-1600x800-1-1024x800.jpg",1024,800,true],"cvmm-small":["https:\/\/horebnews.net\/wp-content\/uploads\/2024\/06\/422606290_773205918181556_3843962639172477569_n-1600x800-1-130x95.jpg",130,95,true],"full":["https:\/\/horebnews.net\/wp-content\/uploads\/2024\/06\/422606290_773205918181556_3843962639172477569_n-1600x800-1.jpg",1600,800,false]},"categories_names":{"9":{"name":"POLITIQUE","link":"https:\/\/horebnews.net\/index.php\/category\/politique\/"}},"tags_names":[],"comments_number":"0","_links":{"self":[{"href":"https:\/\/horebnews.net\/index.php\/wp-json\/wp\/v2\/posts\/860"}],"collection":[{"href":"https:\/\/horebnews.net\/index.php\/wp-json\/wp\/v2\/posts"}],"about":[{"href":"https:\/\/horebnews.net\/index.php\/wp-json\/wp\/v2\/types\/post"}],"author":[{"embeddable":true,"href":"https:\/\/horebnews.net\/index.php\/wp-json\/wp\/v2\/users\/1"}],"replies":[{"embeddable":true,"href":"https:\/\/horebnews.net\/index.php\/wp-json\/wp\/v2\/comments?post=860"}],"version-history":[{"count":1,"href":"https:\/\/horebnews.net\/index.php\/wp-json\/wp\/v2\/posts\/860\/revisions"}],"predecessor-version":[{"id":862,"href":"https:\/\/horebnews.net\/index.php\/wp-json\/wp\/v2\/posts\/860\/revisions\/862"}],"wp:featuredmedia":[{"embeddable":true,"href":"https:\/\/horebnews.net\/index.php\/wp-json\/wp\/v2\/media\/861"}],"wp:attachment":[{"href":"https:\/\/horebnews.net\/index.php\/wp-json\/wp\/v2\/media?parent=860"}],"wp:term":[{"taxonomy":"category","embeddable":true,"href":"https:\/\/horebnews.net\/index.php\/wp-json\/wp\/v2\/categories?post=860"},{"taxonomy":"post_tag","embeddable":true,"href":"https:\/\/horebnews.net\/index.php\/wp-json\/wp\/v2\/tags?post=860"}],"curies":[{"name":"wp","href":"https:\/\/api.w.org\/{rel}","templated":true}]}}