{"id":2660,"date":"2026-01-06T15:19:34","date_gmt":"2026-01-06T14:19:34","guid":{"rendered":"https:\/\/horebnews.net\/?p=2660"},"modified":"2026-01-06T15:19:34","modified_gmt":"2026-01-06T14:19:34","slug":"sante-le-centre-hospitalier-universitaire-chu-de-pala-est-operationnel","status":"publish","type":"post","link":"https:\/\/horebnews.net\/index.php\/politique\/sante-le-centre-hospitalier-universitaire-chu-de-pala-est-operationnel\/","title":{"rendered":"Sant\u00e9 : le Centre hospitalier universitaire (CHU) de Pala est op\u00e9rationnel"},"content":{"rendered":"<p>Le Pr\u00e9sident du Faso, Chef de l&rsquo;\u00c9tat, Son Excellence le Capitaine Ibrahim Traor\u00e9 a inaugur\u00e9, ce mercredi 24 d\u00e9cembre 2025, le Centre hospitalier universitaire (CHU) de Pala et son Centre de radioth\u00e9rapie.<\/p>\n<p>La r\u00e9alisation de ces infrastructures sanitaires traduit la volont\u00e9 des autorit\u00e9s burkinab\u00e8 d\u2019am\u00e9liorer l\u2019offre et la qualit\u00e9 des soins de sant\u00e9 au profit des populations. Le Centre hospitalier universitaire de Pala, d\u2019un co\u00fbt de plus 70 milliards FCFA et d\u2019une capacit\u00e9 de 500 lits est l&rsquo;expression d&rsquo;un partenariat fructueux entre le Burkina Faso et la R\u00e9publique populaire de Chine.<\/p>\n<p>\u00ab L\u2019inauguration de cet h\u00f4pital de haut standing vient nous prouver la capacit\u00e9 de certaines Nations \u00e0 se mettre au-dessus de toutes les consid\u00e9rations et tisser une amiti\u00e9 forte avec le Burkina Faso. Ce CHU est le fruit du partenariat entre le Burkina Faso et la R\u00e9publique populaire de Chine. C\u2019est une mat\u00e9rialisation concr\u00e8te en termes de relations strat\u00e9giques entre les deux Nations. C\u2019est une fiert\u00e9 \u00bb, indique le Capitaine Ibrahim Traor\u00e9.<\/p>\n<p><img fetchpriority=\"high\" decoding=\"async\" class=\"wp-image-2662 alignleft\" src=\"http:\/\/horebnews.net\/wp-content\/uploads\/2026\/01\/604876171_1286952403473569_8825190037216313037_n-300x200.jpg\" alt=\"\" width=\"530\" height=\"353\" srcset=\"https:\/\/horebnews.net\/wp-content\/uploads\/2026\/01\/604876171_1286952403473569_8825190037216313037_n-300x200.jpg 300w, https:\/\/horebnews.net\/wp-content\/uploads\/2026\/01\/604876171_1286952403473569_8825190037216313037_n-1024x682.jpg 1024w, https:\/\/horebnews.net\/wp-content\/uploads\/2026\/01\/604876171_1286952403473569_8825190037216313037_n-768x512.jpg 768w, https:\/\/horebnews.net\/wp-content\/uploads\/2026\/01\/604876171_1286952403473569_8825190037216313037_n.jpg 1280w\" sizes=\"(max-width: 530px) 100vw, 530px\" \/><\/p>\n<p>\u00ab L\u2019une des sp\u00e9cificit\u00e9s de ce CHU est sans conteste sa salle d\u2019imagerie interventionnelle c\u00e9r\u00e9brale et cardio-vasculaire. La salle Pheno Artis Siemens qui est install\u00e9e au CHU de Pala est une salle de derni\u00e8re g\u00e9n\u00e9ration et serait la premi\u00e8re \u00e0 \u00eatre install\u00e9e dans la sous-r\u00e9gion \u00bb, soutient le Ministre de la Sant\u00e9, Dr Robert Lucien Jean-Claude Kargougou.<\/p>\n<p>Neuf autres CHU de m\u00eame standing annonc\u00e9s dans d&rsquo;autres localit\u00e9s \u00e0 commencer par Fada<\/p>\n<p>Dans sa volont\u00e9 d\u2019offrir un plateau technique de pointe aux structures sanitaires, le Chef de l\u2019\u00c9tat annonce la construction des CHU de m\u00eame standing que celui de Pala.<\/p>\n<p>\u00ab Nous avons pris la d\u00e9cision d\u2019en construire neuf pareils, en commen\u00e7ant par Fada N\u2019Gourma. L\u2019objectif est d\u2019accro\u00eetre le plateau technique pour permettre \u00e0 nos m\u00e9decins et infirmiers de s\u2019exprimer parce qu\u2019ils ont du talent \u00bb, souligne le Pr\u00e9sident du Faso.<\/p>\n<p>Quant au Centre de radioth\u00e9rapie, il va permettre entre autres l\u2019am\u00e9lioration de la disponibilit\u00e9 et l&rsquo;acc\u00e8s \u00e0 des services de sant\u00e9 et traitements de qualit\u00e9 pour les personnes touch\u00e9es par le cancer. Il a \u00e9t\u00e9 construit gr\u00e2ce \u00e0 l\u2019appui de la coop\u00e9ration autrichienne.<\/p>\n<p>Direction de la communication de la Pr\u00e9sidence du Faso<\/p>\n","protected":false},"excerpt":{"rendered":"<p>Le Pr\u00e9sident du Faso, Chef de l&rsquo;\u00c9tat, Son Excellence le Capitaine Ibrahim Traor\u00e9 a inaugur\u00e9, ce mercredi 24 d\u00e9cembre 2025, le Centre hospitalier universitaire (CHU) de Pala et son Centre de radioth\u00e9rapie. La r\u00e9alisation de ces infrastructures sanitaires traduit la volont\u00e9 des autorit\u00e9s burkinab\u00e8 d\u2019am\u00e9liorer l\u2019offre et la qualit\u00e9 des soins de sant\u00e9 au profit [&hellip;]<\/p>\n","protected":false},"author":1,"featured_media":2661,"comment_status":"open","ping_status":"open","sticky":false,"template":"","format":"standard","meta":{"footnotes":""},"categories":[9],"tags":[],"yoast_head":"<!-- This site is optimized with the Yoast SEO plugin v22.9 - https:\/\/yoast.com\/wordpress\/plugins\/seo\/ -->\n<title>Sant\u00e9 : le Centre hospitalier universitaire (CHU) de Pala est op\u00e9rationnel - HOREBNEWS<\/title>\n<meta name=\"robots\" content=\"index, follow, max-snippet:-1, max-image-preview:large, max-video-preview:-1\" \/>\n<link rel=\"canonical\" href=\"https:\/\/horebnews.net\/index.php\/politique\/sante-le-centre-hospitalier-universitaire-chu-de-pala-est-operationnel\/\" \/>\n<meta property=\"og:locale\" content=\"fr_FR\" \/>\n<meta property=\"og:type\" content=\"article\" \/>\n<meta property=\"og:title\" content=\"Sant\u00e9 : le Centre hospitalier universitaire (CHU) de Pala est op\u00e9rationnel - HOREBNEWS\" \/>\n<meta property=\"og:description\" content=\"Le Pr\u00e9sident du Faso, Chef de l&rsquo;\u00c9tat, Son Excellence le Capitaine Ibrahim Traor\u00e9 a inaugur\u00e9, ce mercredi 24 d\u00e9cembre 2025, le Centre hospitalier universitaire (CHU) de Pala et son Centre de radioth\u00e9rapie. La r\u00e9alisation de ces infrastructures sanitaires traduit la volont\u00e9 des autorit\u00e9s burkinab\u00e8 d\u2019am\u00e9liorer l\u2019offre et la qualit\u00e9 des soins de sant\u00e9 au profit [&hellip;]\" \/>\n<meta property=\"og:url\" content=\"https:\/\/horebnews.net\/index.php\/politique\/sante-le-centre-hospitalier-universitaire-chu-de-pala-est-operationnel\/\" \/>\n<meta property=\"og:site_name\" content=\"HOREBNEWS\" \/>\n<meta property=\"article:published_time\" content=\"2026-01-06T14:19:34+00:00\" \/>\n<meta property=\"og:image\" content=\"http:\/\/horebnews.net\/wp-content\/uploads\/2026\/01\/603894423_1286952906806852_6518581936823826759_n.jpg\" \/>\n\t<meta property=\"og:image:width\" content=\"2048\" \/>\n\t<meta property=\"og:image:height\" content=\"1366\" \/>\n\t<meta property=\"og:image:type\" content=\"image\/jpeg\" \/>\n<meta name=\"author\" content=\"Salvador Ki\u00e9br\u00e9\" \/>\n<meta name=\"twitter:card\" content=\"summary_large_image\" \/>\n<meta name=\"twitter:label1\" content=\"\u00c9crit par\" \/>\n\t<meta name=\"twitter:data1\" content=\"Salvador Ki\u00e9br\u00e9\" \/>\n\t<meta name=\"twitter:label2\" content=\"Dur\u00e9e de lecture estim\u00e9e\" \/>\n\t<meta name=\"twitter:data2\" content=\"3 minutes\" \/>\n<script type=\"application\/ld+json\" class=\"yoast-schema-graph\">{\"@context\":\"https:\/\/schema.org\",\"@graph\":[{\"@type\":\"Article\",\"@id\":\"https:\/\/horebnews.net\/index.php\/politique\/sante-le-centre-hospitalier-universitaire-chu-de-pala-est-operationnel\/#article\",\"isPartOf\":{\"@id\":\"https:\/\/horebnews.net\/index.php\/politique\/sante-le-centre-hospitalier-universitaire-chu-de-pala-est-operationnel\/\"},\"author\":{\"name\":\"Salvador Ki\u00e9br\u00e9\",\"@id\":\"https:\/\/horebnews.net\/#\/schema\/person\/6220ecfd92c7dd59560ac5df08114b42\"},\"headline\":\"Sant\u00e9 : le Centre hospitalier universitaire (CHU) de Pala est op\u00e9rationnel\",\"datePublished\":\"2026-01-06T14:19:34+00:00\",\"dateModified\":\"2026-01-06T14:19:34+00:00\",\"mainEntityOfPage\":{\"@id\":\"https:\/\/horebnews.net\/index.php\/politique\/sante-le-centre-hospitalier-universitaire-chu-de-pala-est-operationnel\/\"},\"wordCount\":415,\"commentCount\":0,\"publisher\":{\"@id\":\"https:\/\/horebnews.net\/#organization\"},\"image\":{\"@id\":\"https:\/\/horebnews.net\/index.php\/politique\/sante-le-centre-hospitalier-universitaire-chu-de-pala-est-operationnel\/#primaryimage\"},\"thumbnailUrl\":\"https:\/\/horebnews.net\/wp-content\/uploads\/2026\/01\/603894423_1286952906806852_6518581936823826759_n.jpg\",\"articleSection\":[\"POLITIQUE\"],\"inLanguage\":\"fr-FR\",\"potentialAction\":[{\"@type\":\"CommentAction\",\"name\":\"Comment\",\"target\":[\"https:\/\/horebnews.net\/index.php\/politique\/sante-le-centre-hospitalier-universitaire-chu-de-pala-est-operationnel\/#respond\"]}]},{\"@type\":\"WebPage\",\"@id\":\"https:\/\/horebnews.net\/index.php\/politique\/sante-le-centre-hospitalier-universitaire-chu-de-pala-est-operationnel\/\",\"url\":\"https:\/\/horebnews.net\/index.php\/politique\/sante-le-centre-hospitalier-universitaire-chu-de-pala-est-operationnel\/\",\"name\":\"Sant\u00e9 : le Centre hospitalier universitaire (CHU) de Pala est op\u00e9rationnel - HOREBNEWS\",\"isPartOf\":{\"@id\":\"https:\/\/horebnews.net\/#website\"},\"primaryImageOfPage\":{\"@id\":\"https:\/\/horebnews.net\/index.php\/politique\/sante-le-centre-hospitalier-universitaire-chu-de-pala-est-operationnel\/#primaryimage\"},\"image\":{\"@id\":\"https:\/\/horebnews.net\/index.php\/politique\/sante-le-centre-hospitalier-universitaire-chu-de-pala-est-operationnel\/#primaryimage\"},\"thumbnailUrl\":\"https:\/\/horebnews.net\/wp-content\/uploads\/2026\/01\/603894423_1286952906806852_6518581936823826759_n.jpg\",\"datePublished\":\"2026-01-06T14:19:34+00:00\",\"dateModified\":\"2026-01-06T14:19:34+00:00\",\"breadcrumb\":{\"@id\":\"https:\/\/horebnews.net\/index.php\/politique\/sante-le-centre-hospitalier-universitaire-chu-de-pala-est-operationnel\/#breadcrumb\"},\"inLanguage\":\"fr-FR\",\"potentialAction\":[{\"@type\":\"ReadAction\",\"target\":[\"https:\/\/horebnews.net\/index.php\/politique\/sante-le-centre-hospitalier-universitaire-chu-de-pala-est-operationnel\/\"]}]},{\"@type\":\"ImageObject\",\"inLanguage\":\"fr-FR\",\"@id\":\"https:\/\/horebnews.net\/index.php\/politique\/sante-le-centre-hospitalier-universitaire-chu-de-pala-est-operationnel\/#primaryimage\",\"url\":\"https:\/\/horebnews.net\/wp-content\/uploads\/2026\/01\/603894423_1286952906806852_6518581936823826759_n.jpg\",\"contentUrl\":\"https:\/\/horebnews.net\/wp-content\/uploads\/2026\/01\/603894423_1286952906806852_6518581936823826759_n.jpg\",\"width\":2048,\"height\":1366},{\"@type\":\"BreadcrumbList\",\"@id\":\"https:\/\/horebnews.net\/index.php\/politique\/sante-le-centre-hospitalier-universitaire-chu-de-pala-est-operationnel\/#breadcrumb\",\"itemListElement\":[{\"@type\":\"ListItem\",\"position\":1,\"name\":\"Accueil\",\"item\":\"https:\/\/horebnews.net\/\"},{\"@type\":\"ListItem\",\"position\":2,\"name\":\"POLITIQUE\",\"item\":\"https:\/\/horebnews.net\/index.php\/category\/politique\/\"},{\"@type\":\"ListItem\",\"position\":3,\"name\":\"Sant\u00e9 : le Centre hospitalier universitaire (CHU) de Pala est op\u00e9rationnel\"}]},{\"@type\":\"WebSite\",\"@id\":\"https:\/\/horebnews.net\/#website\",\"url\":\"https:\/\/horebnews.net\/\",\"name\":\"HOREBNEWS\",\"description\":\"La vraie info\",\"publisher\":{\"@id\":\"https:\/\/horebnews.net\/#organization\"},\"potentialAction\":[{\"@type\":\"SearchAction\",\"target\":{\"@type\":\"EntryPoint\",\"urlTemplate\":\"https:\/\/horebnews.net\/?s={search_term_string}\"},\"query-input\":\"required name=search_term_string\"}],\"inLanguage\":\"fr-FR\"},{\"@type\":\"Organization\",\"@id\":\"https:\/\/horebnews.net\/#organization\",\"name\":\"HOREBNEWS\",\"url\":\"https:\/\/horebnews.net\/\",\"logo\":{\"@type\":\"ImageObject\",\"inLanguage\":\"fr-FR\",\"@id\":\"https:\/\/horebnews.net\/#\/schema\/logo\/image\/\",\"url\":\"http:\/\/horebnews.net\/wp-content\/uploads\/2024\/06\/Image-collee-7.png\",\"contentUrl\":\"http:\/\/horebnews.net\/wp-content\/uploads\/2024\/06\/Image-collee-7.png\",\"width\":399,\"height\":113,\"caption\":\"HOREBNEWS\"},\"image\":{\"@id\":\"https:\/\/horebnews.net\/#\/schema\/logo\/image\/\"}},{\"@type\":\"Person\",\"@id\":\"https:\/\/horebnews.net\/#\/schema\/person\/6220ecfd92c7dd59560ac5df08114b42\",\"name\":\"Salvador Ki\u00e9br\u00e9\",\"image\":{\"@type\":\"ImageObject\",\"inLanguage\":\"fr-FR\",\"@id\":\"https:\/\/horebnews.net\/#\/schema\/person\/image\/\",\"url\":\"https:\/\/secure.gravatar.com\/avatar\/f6d33f9478484bca7302ed6ef6ad859d?s=96&d=mm&r=g\",\"contentUrl\":\"https:\/\/secure.gravatar.com\/avatar\/f6d33f9478484bca7302ed6ef6ad859d?s=96&d=mm&r=g\",\"caption\":\"Salvador Ki\u00e9br\u00e9\"},\"sameAs\":[\"http:\/\/horebnews.net\"],\"url\":\"https:\/\/horebnews.net\/index.php\/author\/demsco82\/\"}]}<\/script>\n<!-- \/ Yoast SEO plugin. -->","yoast_head_json":{"title":"Sant\u00e9 : le Centre hospitalier universitaire (CHU) de Pala est op\u00e9rationnel - HOREBNEWS","robots":{"index":"index","follow":"follow","max-snippet":"max-snippet:-1","max-image-preview":"max-image-preview:large","max-video-preview":"max-video-preview:-1"},"canonical":"https:\/\/horebnews.net\/index.php\/politique\/sante-le-centre-hospitalier-universitaire-chu-de-pala-est-operationnel\/","og_locale":"fr_FR","og_type":"article","og_title":"Sant\u00e9 : le Centre hospitalier universitaire (CHU) de Pala est op\u00e9rationnel - HOREBNEWS","og_description":"Le Pr\u00e9sident du Faso, Chef de l&rsquo;\u00c9tat, Son Excellence le Capitaine Ibrahim Traor\u00e9 a inaugur\u00e9, ce mercredi 24 d\u00e9cembre 2025, le Centre hospitalier universitaire (CHU) de Pala et son Centre de radioth\u00e9rapie. La r\u00e9alisation de ces infrastructures sanitaires traduit la volont\u00e9 des autorit\u00e9s burkinab\u00e8 d\u2019am\u00e9liorer l\u2019offre et la qualit\u00e9 des soins de sant\u00e9 au profit [&hellip;]","og_url":"https:\/\/horebnews.net\/index.php\/politique\/sante-le-centre-hospitalier-universitaire-chu-de-pala-est-operationnel\/","og_site_name":"HOREBNEWS","article_published_time":"2026-01-06T14:19:34+00:00","og_image":[{"width":2048,"height":1366,"url":"http:\/\/horebnews.net\/wp-content\/uploads\/2026\/01\/603894423_1286952906806852_6518581936823826759_n.jpg","type":"image\/jpeg"}],"author":"Salvador Ki\u00e9br\u00e9","twitter_card":"summary_large_image","twitter_misc":{"\u00c9crit par":"Salvador Ki\u00e9br\u00e9","Dur\u00e9e de lecture estim\u00e9e":"3 minutes"},"schema":{"@context":"https:\/\/schema.org","@graph":[{"@type":"Article","@id":"https:\/\/horebnews.net\/index.php\/politique\/sante-le-centre-hospitalier-universitaire-chu-de-pala-est-operationnel\/#article","isPartOf":{"@id":"https:\/\/horebnews.net\/index.php\/politique\/sante-le-centre-hospitalier-universitaire-chu-de-pala-est-operationnel\/"},"author":{"name":"Salvador Ki\u00e9br\u00e9","@id":"https:\/\/horebnews.net\/#\/schema\/person\/6220ecfd92c7dd59560ac5df08114b42"},"headline":"Sant\u00e9 : le Centre hospitalier universitaire (CHU) de Pala est op\u00e9rationnel","datePublished":"2026-01-06T14:19:34+00:00","dateModified":"2026-01-06T14:19:34+00:00","mainEntityOfPage":{"@id":"https:\/\/horebnews.net\/index.php\/politique\/sante-le-centre-hospitalier-universitaire-chu-de-pala-est-operationnel\/"},"wordCount":415,"commentCount":0,"publisher":{"@id":"https:\/\/horebnews.net\/#organization"},"image":{"@id":"https:\/\/horebnews.net\/index.php\/politique\/sante-le-centre-hospitalier-universitaire-chu-de-pala-est-operationnel\/#primaryimage"},"thumbnailUrl":"https:\/\/horebnews.net\/wp-content\/uploads\/2026\/01\/603894423_1286952906806852_6518581936823826759_n.jpg","articleSection":["POLITIQUE"],"inLanguage":"fr-FR","potentialAction":[{"@type":"CommentAction","name":"Comment","target":["https:\/\/horebnews.net\/index.php\/politique\/sante-le-centre-hospitalier-universitaire-chu-de-pala-est-operationnel\/#respond"]}]},{"@type":"WebPage","@id":"https:\/\/horebnews.net\/index.php\/politique\/sante-le-centre-hospitalier-universitaire-chu-de-pala-est-operationnel\/","url":"https:\/\/horebnews.net\/index.php\/politique\/sante-le-centre-hospitalier-universitaire-chu-de-pala-est-operationnel\/","name":"Sant\u00e9 : le Centre hospitalier universitaire (CHU) de Pala est op\u00e9rationnel - HOREBNEWS","isPartOf":{"@id":"https:\/\/horebnews.net\/#website"},"primaryImageOfPage":{"@id":"https:\/\/horebnews.net\/index.php\/politique\/sante-le-centre-hospitalier-universitaire-chu-de-pala-est-operationnel\/#primaryimage"},"image":{"@id":"https:\/\/horebnews.net\/index.php\/politique\/sante-le-centre-hospitalier-universitaire-chu-de-pala-est-operationnel\/#primaryimage"},"thumbnailUrl":"https:\/\/horebnews.net\/wp-content\/uploads\/2026\/01\/603894423_1286952906806852_6518581936823826759_n.jpg","datePublished":"2026-01-06T14:19:34+00:00","dateModified":"2026-01-06T14:19:34+00:00","breadcrumb":{"@id":"https:\/\/horebnews.net\/index.php\/politique\/sante-le-centre-hospitalier-universitaire-chu-de-pala-est-operationnel\/#breadcrumb"},"inLanguage":"fr-FR","potentialAction":[{"@type":"ReadAction","target":["https:\/\/horebnews.net\/index.php\/politique\/sante-le-centre-hospitalier-universitaire-chu-de-pala-est-operationnel\/"]}]},{"@type":"ImageObject","inLanguage":"fr-FR","@id":"https:\/\/horebnews.net\/index.php\/politique\/sante-le-centre-hospitalier-universitaire-chu-de-pala-est-operationnel\/#primaryimage","url":"https:\/\/horebnews.net\/wp-content\/uploads\/2026\/01\/603894423_1286952906806852_6518581936823826759_n.jpg","contentUrl":"https:\/\/horebnews.net\/wp-content\/uploads\/2026\/01\/603894423_1286952906806852_6518581936823826759_n.jpg","width":2048,"height":1366},{"@type":"BreadcrumbList","@id":"https:\/\/horebnews.net\/index.php\/politique\/sante-le-centre-hospitalier-universitaire-chu-de-pala-est-operationnel\/#breadcrumb","itemListElement":[{"@type":"ListItem","position":1,"name":"Accueil","item":"https:\/\/horebnews.net\/"},{"@type":"ListItem","position":2,"name":"POLITIQUE","item":"https:\/\/horebnews.net\/index.php\/category\/politique\/"},{"@type":"ListItem","position":3,"name":"Sant\u00e9 : le Centre hospitalier universitaire (CHU) de Pala est op\u00e9rationnel"}]},{"@type":"WebSite","@id":"https:\/\/horebnews.net\/#website","url":"https:\/\/horebnews.net\/","name":"HOREBNEWS","description":"La vraie info","publisher":{"@id":"https:\/\/horebnews.net\/#organization"},"potentialAction":[{"@type":"SearchAction","target":{"@type":"EntryPoint","urlTemplate":"https:\/\/horebnews.net\/?s={search_term_string}"},"query-input":"required name=search_term_string"}],"inLanguage":"fr-FR"},{"@type":"Organization","@id":"https:\/\/horebnews.net\/#organization","name":"HOREBNEWS","url":"https:\/\/horebnews.net\/","logo":{"@type":"ImageObject","inLanguage":"fr-FR","@id":"https:\/\/horebnews.net\/#\/schema\/logo\/image\/","url":"http:\/\/horebnews.net\/wp-content\/uploads\/2024\/06\/Image-collee-7.png","contentUrl":"http:\/\/horebnews.net\/wp-content\/uploads\/2024\/06\/Image-collee-7.png","width":399,"height":113,"caption":"HOREBNEWS"},"image":{"@id":"https:\/\/horebnews.net\/#\/schema\/logo\/image\/"}},{"@type":"Person","@id":"https:\/\/horebnews.net\/#\/schema\/person\/6220ecfd92c7dd59560ac5df08114b42","name":"Salvador Ki\u00e9br\u00e9","image":{"@type":"ImageObject","inLanguage":"fr-FR","@id":"https:\/\/horebnews.net\/#\/schema\/person\/image\/","url":"https:\/\/secure.gravatar.com\/avatar\/f6d33f9478484bca7302ed6ef6ad859d?s=96&d=mm&r=g","contentUrl":"https:\/\/secure.gravatar.com\/avatar\/f6d33f9478484bca7302ed6ef6ad859d?s=96&d=mm&r=g","caption":"Salvador Ki\u00e9br\u00e9"},"sameAs":["http:\/\/horebnews.net"],"url":"https:\/\/horebnews.net\/index.php\/author\/demsco82\/"}]}},"wpmagazine_modules_lite_featured_media_urls":{"thumbnail":["https:\/\/horebnews.net\/wp-content\/uploads\/2026\/01\/603894423_1286952906806852_6518581936823826759_n-150x150.jpg",150,150,true],"cvmm-medium":["https:\/\/horebnews.net\/wp-content\/uploads\/2026\/01\/603894423_1286952906806852_6518581936823826759_n-300x300.jpg",300,300,true],"cvmm-medium-plus":["https:\/\/horebnews.net\/wp-content\/uploads\/2026\/01\/603894423_1286952906806852_6518581936823826759_n-305x207.jpg",305,207,true],"cvmm-portrait":["https:\/\/horebnews.net\/wp-content\/uploads\/2026\/01\/603894423_1286952906806852_6518581936823826759_n-400x600.jpg",400,600,true],"cvmm-medium-square":["https:\/\/horebnews.net\/wp-content\/uploads\/2026\/01\/603894423_1286952906806852_6518581936823826759_n-600x600.jpg",600,600,true],"cvmm-large":["https:\/\/horebnews.net\/wp-content\/uploads\/2026\/01\/603894423_1286952906806852_6518581936823826759_n-1024x1024.jpg",1024,1024,true],"cvmm-small":["https:\/\/horebnews.net\/wp-content\/uploads\/2026\/01\/603894423_1286952906806852_6518581936823826759_n-130x95.jpg",130,95,true],"full":["https:\/\/horebnews.net\/wp-content\/uploads\/2026\/01\/603894423_1286952906806852_6518581936823826759_n.jpg",2048,1366,false]},"categories_names":{"9":{"name":"POLITIQUE","link":"https:\/\/horebnews.net\/index.php\/category\/politique\/"}},"tags_names":[],"comments_number":"0","_links":{"self":[{"href":"https:\/\/horebnews.net\/index.php\/wp-json\/wp\/v2\/posts\/2660"}],"collection":[{"href":"https:\/\/horebnews.net\/index.php\/wp-json\/wp\/v2\/posts"}],"about":[{"href":"https:\/\/horebnews.net\/index.php\/wp-json\/wp\/v2\/types\/post"}],"author":[{"embeddable":true,"href":"https:\/\/horebnews.net\/index.php\/wp-json\/wp\/v2\/users\/1"}],"replies":[{"embeddable":true,"href":"https:\/\/horebnews.net\/index.php\/wp-json\/wp\/v2\/comments?post=2660"}],"version-history":[{"count":1,"href":"https:\/\/horebnews.net\/index.php\/wp-json\/wp\/v2\/posts\/2660\/revisions"}],"predecessor-version":[{"id":2663,"href":"https:\/\/horebnews.net\/index.php\/wp-json\/wp\/v2\/posts\/2660\/revisions\/2663"}],"wp:featuredmedia":[{"embeddable":true,"href":"https:\/\/horebnews.net\/index.php\/wp-json\/wp\/v2\/media\/2661"}],"wp:attachment":[{"href":"https:\/\/horebnews.net\/index.php\/wp-json\/wp\/v2\/media?parent=2660"}],"wp:term":[{"taxonomy":"category","embeddable":true,"href":"https:\/\/horebnews.net\/index.php\/wp-json\/wp\/v2\/categories?post=2660"},{"taxonomy":"post_tag","embeddable":true,"href":"https:\/\/horebnews.net\/index.php\/wp-json\/wp\/v2\/tags?post=2660"}],"curies":[{"name":"wp","href":"https:\/\/api.w.org\/{rel}","templated":true}]}}