{"id":2657,"date":"2026-01-06T15:17:28","date_gmt":"2026-01-06T14:17:28","guid":{"rendered":"https:\/\/horebnews.net\/?p=2657"},"modified":"2026-01-06T15:17:28","modified_gmt":"2026-01-06T14:17:28","slug":"bamako-le-president-du-faso-eleve-a-la-dignite-de-grand-croix-de-lordre-national-du-mali","status":"publish","type":"post","link":"https:\/\/horebnews.net\/index.php\/politique\/bamako-le-president-du-faso-eleve-a-la-dignite-de-grand-croix-de-lordre-national-du-mali\/","title":{"rendered":"Bamako : Le Pr\u00e9sident du Faso \u00e9lev\u00e9 \u00e0 la dignit\u00e9 de Grand-Croix de l\u2019Ordre national du Mali"},"content":{"rendered":"<p>Le Pr\u00e9sident du Faso, Chef de l\u2019\u00c9tat, le Capitaine Ibrahim Traor\u00e9 a \u00e9t\u00e9 \u00e9lev\u00e9 \u00e0 la dignit\u00e9 de Grand-Croix de l\u2019Ordre national du Mali par le Pr\u00e9sident malien, le G\u00e9n\u00e9ral d\u2019Arm\u00e9e Assimi Go\u00efta, ce mardi 23 d\u00e9cembre, en marge des travaux de la deuxi\u00e8me session du coll\u00e8ge des Chefs d\u2019\u00c9tat de la Conf\u00e9d\u00e9ration des \u00c9tats du sahel (AES).<\/p>\n<p>Une distinction qui vient saluer les efforts et l\u2019engagement du Chef d\u2019\u00c9tat burkinab\u00e8 et de son homologue nig\u00e9rien, \u00e9galement r\u00e9cipiendaire, dans la marche des trois pays de la Conf\u00e9d\u00e9ration vers la souverainet\u00e9 et un d\u00e9veloppement partag\u00e9.<\/p>\n<p>Cette reconnaissance t\u00e9moigne de l\u2019exemplarit\u00e9 des relations d\u2019amiti\u00e9 solides entre les \u00c9tats membres de la Conf\u00e9d\u00e9ration qui entendent construire un mod\u00e8le d\u2019int\u00e9gration r\u00e9ussie.<\/p>\n<p>Direction de la Communication de la Pr\u00e9sidence du Faso<\/p>\n","protected":false},"excerpt":{"rendered":"<p>Le Pr\u00e9sident du Faso, Chef de l\u2019\u00c9tat, le Capitaine Ibrahim Traor\u00e9 a \u00e9t\u00e9 \u00e9lev\u00e9 \u00e0 la dignit\u00e9 de Grand-Croix de l\u2019Ordre national du Mali par le Pr\u00e9sident malien, le G\u00e9n\u00e9ral d\u2019Arm\u00e9e Assimi Go\u00efta, ce mardi 23 d\u00e9cembre, en marge des travaux de la deuxi\u00e8me session du coll\u00e8ge des Chefs d\u2019\u00c9tat de la Conf\u00e9d\u00e9ration des \u00c9tats [&hellip;]<\/p>\n","protected":false},"author":1,"featured_media":2658,"comment_status":"open","ping_status":"open","sticky":false,"template":"","format":"standard","meta":{"footnotes":""},"categories":[9],"tags":[],"yoast_head":"<!-- This site is optimized with the Yoast SEO plugin v22.9 - https:\/\/yoast.com\/wordpress\/plugins\/seo\/ -->\n<title>Bamako : Le Pr\u00e9sident du Faso \u00e9lev\u00e9 \u00e0 la dignit\u00e9 de Grand-Croix de l\u2019Ordre national du Mali - HOREBNEWS<\/title>\n<meta name=\"robots\" content=\"index, follow, max-snippet:-1, max-image-preview:large, max-video-preview:-1\" \/>\n<link rel=\"canonical\" href=\"https:\/\/horebnews.net\/index.php\/politique\/bamako-le-president-du-faso-eleve-a-la-dignite-de-grand-croix-de-lordre-national-du-mali\/\" \/>\n<meta property=\"og:locale\" content=\"fr_FR\" \/>\n<meta property=\"og:type\" content=\"article\" \/>\n<meta property=\"og:title\" content=\"Bamako : Le Pr\u00e9sident du Faso \u00e9lev\u00e9 \u00e0 la dignit\u00e9 de Grand-Croix de l\u2019Ordre national du Mali - HOREBNEWS\" \/>\n<meta property=\"og:description\" content=\"Le Pr\u00e9sident du Faso, Chef de l\u2019\u00c9tat, le Capitaine Ibrahim Traor\u00e9 a \u00e9t\u00e9 \u00e9lev\u00e9 \u00e0 la dignit\u00e9 de Grand-Croix de l\u2019Ordre national du Mali par le Pr\u00e9sident malien, le G\u00e9n\u00e9ral d\u2019Arm\u00e9e Assimi Go\u00efta, ce mardi 23 d\u00e9cembre, en marge des travaux de la deuxi\u00e8me session du coll\u00e8ge des Chefs d\u2019\u00c9tat de la Conf\u00e9d\u00e9ration des \u00c9tats [&hellip;]\" \/>\n<meta property=\"og:url\" content=\"https:\/\/horebnews.net\/index.php\/politique\/bamako-le-president-du-faso-eleve-a-la-dignite-de-grand-croix-de-lordre-national-du-mali\/\" \/>\n<meta property=\"og:site_name\" content=\"HOREBNEWS\" \/>\n<meta property=\"article:published_time\" content=\"2026-01-06T14:17:28+00:00\" \/>\n<meta property=\"og:image\" content=\"http:\/\/horebnews.net\/wp-content\/uploads\/2026\/01\/601418074_1286786586823484_9184275269513480552_n.jpg\" \/>\n\t<meta property=\"og:image:width\" content=\"2021\" \/>\n\t<meta property=\"og:image:height\" content=\"1611\" \/>\n\t<meta property=\"og:image:type\" content=\"image\/jpeg\" \/>\n<meta name=\"author\" content=\"Salvador Ki\u00e9br\u00e9\" \/>\n<meta name=\"twitter:card\" content=\"summary_large_image\" \/>\n<meta name=\"twitter:label1\" content=\"\u00c9crit par\" \/>\n\t<meta name=\"twitter:data1\" content=\"Salvador Ki\u00e9br\u00e9\" \/>\n\t<meta name=\"twitter:label2\" content=\"Dur\u00e9e de lecture estim\u00e9e\" \/>\n\t<meta name=\"twitter:data2\" content=\"1 minute\" \/>\n<script type=\"application\/ld+json\" class=\"yoast-schema-graph\">{\"@context\":\"https:\/\/schema.org\",\"@graph\":[{\"@type\":\"Article\",\"@id\":\"https:\/\/horebnews.net\/index.php\/politique\/bamako-le-president-du-faso-eleve-a-la-dignite-de-grand-croix-de-lordre-national-du-mali\/#article\",\"isPartOf\":{\"@id\":\"https:\/\/horebnews.net\/index.php\/politique\/bamako-le-president-du-faso-eleve-a-la-dignite-de-grand-croix-de-lordre-national-du-mali\/\"},\"author\":{\"name\":\"Salvador Ki\u00e9br\u00e9\",\"@id\":\"https:\/\/horebnews.net\/#\/schema\/person\/6220ecfd92c7dd59560ac5df08114b42\"},\"headline\":\"Bamako : Le Pr\u00e9sident du Faso \u00e9lev\u00e9 \u00e0 la dignit\u00e9 de Grand-Croix de l\u2019Ordre national du Mali\",\"datePublished\":\"2026-01-06T14:17:28+00:00\",\"dateModified\":\"2026-01-06T14:17:28+00:00\",\"mainEntityOfPage\":{\"@id\":\"https:\/\/horebnews.net\/index.php\/politique\/bamako-le-president-du-faso-eleve-a-la-dignite-de-grand-croix-de-lordre-national-du-mali\/\"},\"wordCount\":173,\"commentCount\":0,\"publisher\":{\"@id\":\"https:\/\/horebnews.net\/#organization\"},\"image\":{\"@id\":\"https:\/\/horebnews.net\/index.php\/politique\/bamako-le-president-du-faso-eleve-a-la-dignite-de-grand-croix-de-lordre-national-du-mali\/#primaryimage\"},\"thumbnailUrl\":\"https:\/\/horebnews.net\/wp-content\/uploads\/2026\/01\/601418074_1286786586823484_9184275269513480552_n.jpg\",\"articleSection\":[\"POLITIQUE\"],\"inLanguage\":\"fr-FR\",\"potentialAction\":[{\"@type\":\"CommentAction\",\"name\":\"Comment\",\"target\":[\"https:\/\/horebnews.net\/index.php\/politique\/bamako-le-president-du-faso-eleve-a-la-dignite-de-grand-croix-de-lordre-national-du-mali\/#respond\"]}]},{\"@type\":\"WebPage\",\"@id\":\"https:\/\/horebnews.net\/index.php\/politique\/bamako-le-president-du-faso-eleve-a-la-dignite-de-grand-croix-de-lordre-national-du-mali\/\",\"url\":\"https:\/\/horebnews.net\/index.php\/politique\/bamako-le-president-du-faso-eleve-a-la-dignite-de-grand-croix-de-lordre-national-du-mali\/\",\"name\":\"Bamako : Le Pr\u00e9sident du Faso \u00e9lev\u00e9 \u00e0 la dignit\u00e9 de Grand-Croix de l\u2019Ordre national du Mali - HOREBNEWS\",\"isPartOf\":{\"@id\":\"https:\/\/horebnews.net\/#website\"},\"primaryImageOfPage\":{\"@id\":\"https:\/\/horebnews.net\/index.php\/politique\/bamako-le-president-du-faso-eleve-a-la-dignite-de-grand-croix-de-lordre-national-du-mali\/#primaryimage\"},\"image\":{\"@id\":\"https:\/\/horebnews.net\/index.php\/politique\/bamako-le-president-du-faso-eleve-a-la-dignite-de-grand-croix-de-lordre-national-du-mali\/#primaryimage\"},\"thumbnailUrl\":\"https:\/\/horebnews.net\/wp-content\/uploads\/2026\/01\/601418074_1286786586823484_9184275269513480552_n.jpg\",\"datePublished\":\"2026-01-06T14:17:28+00:00\",\"dateModified\":\"2026-01-06T14:17:28+00:00\",\"breadcrumb\":{\"@id\":\"https:\/\/horebnews.net\/index.php\/politique\/bamako-le-president-du-faso-eleve-a-la-dignite-de-grand-croix-de-lordre-national-du-mali\/#breadcrumb\"},\"inLanguage\":\"fr-FR\",\"potentialAction\":[{\"@type\":\"ReadAction\",\"target\":[\"https:\/\/horebnews.net\/index.php\/politique\/bamako-le-president-du-faso-eleve-a-la-dignite-de-grand-croix-de-lordre-national-du-mali\/\"]}]},{\"@type\":\"ImageObject\",\"inLanguage\":\"fr-FR\",\"@id\":\"https:\/\/horebnews.net\/index.php\/politique\/bamako-le-president-du-faso-eleve-a-la-dignite-de-grand-croix-de-lordre-national-du-mali\/#primaryimage\",\"url\":\"https:\/\/horebnews.net\/wp-content\/uploads\/2026\/01\/601418074_1286786586823484_9184275269513480552_n.jpg\",\"contentUrl\":\"https:\/\/horebnews.net\/wp-content\/uploads\/2026\/01\/601418074_1286786586823484_9184275269513480552_n.jpg\",\"width\":2021,\"height\":1611},{\"@type\":\"BreadcrumbList\",\"@id\":\"https:\/\/horebnews.net\/index.php\/politique\/bamako-le-president-du-faso-eleve-a-la-dignite-de-grand-croix-de-lordre-national-du-mali\/#breadcrumb\",\"itemListElement\":[{\"@type\":\"ListItem\",\"position\":1,\"name\":\"Accueil\",\"item\":\"https:\/\/horebnews.net\/\"},{\"@type\":\"ListItem\",\"position\":2,\"name\":\"POLITIQUE\",\"item\":\"https:\/\/horebnews.net\/index.php\/category\/politique\/\"},{\"@type\":\"ListItem\",\"position\":3,\"name\":\"Bamako : Le Pr\u00e9sident du Faso \u00e9lev\u00e9 \u00e0 la dignit\u00e9 de Grand-Croix de l\u2019Ordre national du Mali\"}]},{\"@type\":\"WebSite\",\"@id\":\"https:\/\/horebnews.net\/#website\",\"url\":\"https:\/\/horebnews.net\/\",\"name\":\"HOREBNEWS\",\"description\":\"La vraie info\",\"publisher\":{\"@id\":\"https:\/\/horebnews.net\/#organization\"},\"potentialAction\":[{\"@type\":\"SearchAction\",\"target\":{\"@type\":\"EntryPoint\",\"urlTemplate\":\"https:\/\/horebnews.net\/?s={search_term_string}\"},\"query-input\":\"required name=search_term_string\"}],\"inLanguage\":\"fr-FR\"},{\"@type\":\"Organization\",\"@id\":\"https:\/\/horebnews.net\/#organization\",\"name\":\"HOREBNEWS\",\"url\":\"https:\/\/horebnews.net\/\",\"logo\":{\"@type\":\"ImageObject\",\"inLanguage\":\"fr-FR\",\"@id\":\"https:\/\/horebnews.net\/#\/schema\/logo\/image\/\",\"url\":\"http:\/\/horebnews.net\/wp-content\/uploads\/2024\/06\/Image-collee-7.png\",\"contentUrl\":\"http:\/\/horebnews.net\/wp-content\/uploads\/2024\/06\/Image-collee-7.png\",\"width\":399,\"height\":113,\"caption\":\"HOREBNEWS\"},\"image\":{\"@id\":\"https:\/\/horebnews.net\/#\/schema\/logo\/image\/\"}},{\"@type\":\"Person\",\"@id\":\"https:\/\/horebnews.net\/#\/schema\/person\/6220ecfd92c7dd59560ac5df08114b42\",\"name\":\"Salvador Ki\u00e9br\u00e9\",\"image\":{\"@type\":\"ImageObject\",\"inLanguage\":\"fr-FR\",\"@id\":\"https:\/\/horebnews.net\/#\/schema\/person\/image\/\",\"url\":\"https:\/\/secure.gravatar.com\/avatar\/f6d33f9478484bca7302ed6ef6ad859d?s=96&d=mm&r=g\",\"contentUrl\":\"https:\/\/secure.gravatar.com\/avatar\/f6d33f9478484bca7302ed6ef6ad859d?s=96&d=mm&r=g\",\"caption\":\"Salvador Ki\u00e9br\u00e9\"},\"sameAs\":[\"http:\/\/horebnews.net\"],\"url\":\"https:\/\/horebnews.net\/index.php\/author\/demsco82\/\"}]}<\/script>\n<!-- \/ Yoast SEO plugin. -->","yoast_head_json":{"title":"Bamako : Le Pr\u00e9sident du Faso \u00e9lev\u00e9 \u00e0 la dignit\u00e9 de Grand-Croix de l\u2019Ordre national du Mali - HOREBNEWS","robots":{"index":"index","follow":"follow","max-snippet":"max-snippet:-1","max-image-preview":"max-image-preview:large","max-video-preview":"max-video-preview:-1"},"canonical":"https:\/\/horebnews.net\/index.php\/politique\/bamako-le-president-du-faso-eleve-a-la-dignite-de-grand-croix-de-lordre-national-du-mali\/","og_locale":"fr_FR","og_type":"article","og_title":"Bamako : Le Pr\u00e9sident du Faso \u00e9lev\u00e9 \u00e0 la dignit\u00e9 de Grand-Croix de l\u2019Ordre national du Mali - HOREBNEWS","og_description":"Le Pr\u00e9sident du Faso, Chef de l\u2019\u00c9tat, le Capitaine Ibrahim Traor\u00e9 a \u00e9t\u00e9 \u00e9lev\u00e9 \u00e0 la dignit\u00e9 de Grand-Croix de l\u2019Ordre national du Mali par le Pr\u00e9sident malien, le G\u00e9n\u00e9ral d\u2019Arm\u00e9e Assimi Go\u00efta, ce mardi 23 d\u00e9cembre, en marge des travaux de la deuxi\u00e8me session du coll\u00e8ge des Chefs d\u2019\u00c9tat de la Conf\u00e9d\u00e9ration des \u00c9tats [&hellip;]","og_url":"https:\/\/horebnews.net\/index.php\/politique\/bamako-le-president-du-faso-eleve-a-la-dignite-de-grand-croix-de-lordre-national-du-mali\/","og_site_name":"HOREBNEWS","article_published_time":"2026-01-06T14:17:28+00:00","og_image":[{"width":2021,"height":1611,"url":"http:\/\/horebnews.net\/wp-content\/uploads\/2026\/01\/601418074_1286786586823484_9184275269513480552_n.jpg","type":"image\/jpeg"}],"author":"Salvador Ki\u00e9br\u00e9","twitter_card":"summary_large_image","twitter_misc":{"\u00c9crit par":"Salvador Ki\u00e9br\u00e9","Dur\u00e9e de lecture estim\u00e9e":"1 minute"},"schema":{"@context":"https:\/\/schema.org","@graph":[{"@type":"Article","@id":"https:\/\/horebnews.net\/index.php\/politique\/bamako-le-president-du-faso-eleve-a-la-dignite-de-grand-croix-de-lordre-national-du-mali\/#article","isPartOf":{"@id":"https:\/\/horebnews.net\/index.php\/politique\/bamako-le-president-du-faso-eleve-a-la-dignite-de-grand-croix-de-lordre-national-du-mali\/"},"author":{"name":"Salvador Ki\u00e9br\u00e9","@id":"https:\/\/horebnews.net\/#\/schema\/person\/6220ecfd92c7dd59560ac5df08114b42"},"headline":"Bamako : Le Pr\u00e9sident du Faso \u00e9lev\u00e9 \u00e0 la dignit\u00e9 de Grand-Croix de l\u2019Ordre national du Mali","datePublished":"2026-01-06T14:17:28+00:00","dateModified":"2026-01-06T14:17:28+00:00","mainEntityOfPage":{"@id":"https:\/\/horebnews.net\/index.php\/politique\/bamako-le-president-du-faso-eleve-a-la-dignite-de-grand-croix-de-lordre-national-du-mali\/"},"wordCount":173,"commentCount":0,"publisher":{"@id":"https:\/\/horebnews.net\/#organization"},"image":{"@id":"https:\/\/horebnews.net\/index.php\/politique\/bamako-le-president-du-faso-eleve-a-la-dignite-de-grand-croix-de-lordre-national-du-mali\/#primaryimage"},"thumbnailUrl":"https:\/\/horebnews.net\/wp-content\/uploads\/2026\/01\/601418074_1286786586823484_9184275269513480552_n.jpg","articleSection":["POLITIQUE"],"inLanguage":"fr-FR","potentialAction":[{"@type":"CommentAction","name":"Comment","target":["https:\/\/horebnews.net\/index.php\/politique\/bamako-le-president-du-faso-eleve-a-la-dignite-de-grand-croix-de-lordre-national-du-mali\/#respond"]}]},{"@type":"WebPage","@id":"https:\/\/horebnews.net\/index.php\/politique\/bamako-le-president-du-faso-eleve-a-la-dignite-de-grand-croix-de-lordre-national-du-mali\/","url":"https:\/\/horebnews.net\/index.php\/politique\/bamako-le-president-du-faso-eleve-a-la-dignite-de-grand-croix-de-lordre-national-du-mali\/","name":"Bamako : Le Pr\u00e9sident du Faso \u00e9lev\u00e9 \u00e0 la dignit\u00e9 de Grand-Croix de l\u2019Ordre national du Mali - HOREBNEWS","isPartOf":{"@id":"https:\/\/horebnews.net\/#website"},"primaryImageOfPage":{"@id":"https:\/\/horebnews.net\/index.php\/politique\/bamako-le-president-du-faso-eleve-a-la-dignite-de-grand-croix-de-lordre-national-du-mali\/#primaryimage"},"image":{"@id":"https:\/\/horebnews.net\/index.php\/politique\/bamako-le-president-du-faso-eleve-a-la-dignite-de-grand-croix-de-lordre-national-du-mali\/#primaryimage"},"thumbnailUrl":"https:\/\/horebnews.net\/wp-content\/uploads\/2026\/01\/601418074_1286786586823484_9184275269513480552_n.jpg","datePublished":"2026-01-06T14:17:28+00:00","dateModified":"2026-01-06T14:17:28+00:00","breadcrumb":{"@id":"https:\/\/horebnews.net\/index.php\/politique\/bamako-le-president-du-faso-eleve-a-la-dignite-de-grand-croix-de-lordre-national-du-mali\/#breadcrumb"},"inLanguage":"fr-FR","potentialAction":[{"@type":"ReadAction","target":["https:\/\/horebnews.net\/index.php\/politique\/bamako-le-president-du-faso-eleve-a-la-dignite-de-grand-croix-de-lordre-national-du-mali\/"]}]},{"@type":"ImageObject","inLanguage":"fr-FR","@id":"https:\/\/horebnews.net\/index.php\/politique\/bamako-le-president-du-faso-eleve-a-la-dignite-de-grand-croix-de-lordre-national-du-mali\/#primaryimage","url":"https:\/\/horebnews.net\/wp-content\/uploads\/2026\/01\/601418074_1286786586823484_9184275269513480552_n.jpg","contentUrl":"https:\/\/horebnews.net\/wp-content\/uploads\/2026\/01\/601418074_1286786586823484_9184275269513480552_n.jpg","width":2021,"height":1611},{"@type":"BreadcrumbList","@id":"https:\/\/horebnews.net\/index.php\/politique\/bamako-le-president-du-faso-eleve-a-la-dignite-de-grand-croix-de-lordre-national-du-mali\/#breadcrumb","itemListElement":[{"@type":"ListItem","position":1,"name":"Accueil","item":"https:\/\/horebnews.net\/"},{"@type":"ListItem","position":2,"name":"POLITIQUE","item":"https:\/\/horebnews.net\/index.php\/category\/politique\/"},{"@type":"ListItem","position":3,"name":"Bamako : Le Pr\u00e9sident du Faso \u00e9lev\u00e9 \u00e0 la dignit\u00e9 de Grand-Croix de l\u2019Ordre national du Mali"}]},{"@type":"WebSite","@id":"https:\/\/horebnews.net\/#website","url":"https:\/\/horebnews.net\/","name":"HOREBNEWS","description":"La vraie info","publisher":{"@id":"https:\/\/horebnews.net\/#organization"},"potentialAction":[{"@type":"SearchAction","target":{"@type":"EntryPoint","urlTemplate":"https:\/\/horebnews.net\/?s={search_term_string}"},"query-input":"required name=search_term_string"}],"inLanguage":"fr-FR"},{"@type":"Organization","@id":"https:\/\/horebnews.net\/#organization","name":"HOREBNEWS","url":"https:\/\/horebnews.net\/","logo":{"@type":"ImageObject","inLanguage":"fr-FR","@id":"https:\/\/horebnews.net\/#\/schema\/logo\/image\/","url":"http:\/\/horebnews.net\/wp-content\/uploads\/2024\/06\/Image-collee-7.png","contentUrl":"http:\/\/horebnews.net\/wp-content\/uploads\/2024\/06\/Image-collee-7.png","width":399,"height":113,"caption":"HOREBNEWS"},"image":{"@id":"https:\/\/horebnews.net\/#\/schema\/logo\/image\/"}},{"@type":"Person","@id":"https:\/\/horebnews.net\/#\/schema\/person\/6220ecfd92c7dd59560ac5df08114b42","name":"Salvador Ki\u00e9br\u00e9","image":{"@type":"ImageObject","inLanguage":"fr-FR","@id":"https:\/\/horebnews.net\/#\/schema\/person\/image\/","url":"https:\/\/secure.gravatar.com\/avatar\/f6d33f9478484bca7302ed6ef6ad859d?s=96&d=mm&r=g","contentUrl":"https:\/\/secure.gravatar.com\/avatar\/f6d33f9478484bca7302ed6ef6ad859d?s=96&d=mm&r=g","caption":"Salvador Ki\u00e9br\u00e9"},"sameAs":["http:\/\/horebnews.net"],"url":"https:\/\/horebnews.net\/index.php\/author\/demsco82\/"}]}},"wpmagazine_modules_lite_featured_media_urls":{"thumbnail":["https:\/\/horebnews.net\/wp-content\/uploads\/2026\/01\/601418074_1286786586823484_9184275269513480552_n-150x150.jpg",150,150,true],"cvmm-medium":["https:\/\/horebnews.net\/wp-content\/uploads\/2026\/01\/601418074_1286786586823484_9184275269513480552_n-300x300.jpg",300,300,true],"cvmm-medium-plus":["https:\/\/horebnews.net\/wp-content\/uploads\/2026\/01\/601418074_1286786586823484_9184275269513480552_n-305x207.jpg",305,207,true],"cvmm-portrait":["https:\/\/horebnews.net\/wp-content\/uploads\/2026\/01\/601418074_1286786586823484_9184275269513480552_n-400x600.jpg",400,600,true],"cvmm-medium-square":["https:\/\/horebnews.net\/wp-content\/uploads\/2026\/01\/601418074_1286786586823484_9184275269513480552_n-600x600.jpg",600,600,true],"cvmm-large":["https:\/\/horebnews.net\/wp-content\/uploads\/2026\/01\/601418074_1286786586823484_9184275269513480552_n-1024x1024.jpg",1024,1024,true],"cvmm-small":["https:\/\/horebnews.net\/wp-content\/uploads\/2026\/01\/601418074_1286786586823484_9184275269513480552_n-130x95.jpg",130,95,true],"full":["https:\/\/horebnews.net\/wp-content\/uploads\/2026\/01\/601418074_1286786586823484_9184275269513480552_n.jpg",2021,1611,false]},"categories_names":{"9":{"name":"POLITIQUE","link":"https:\/\/horebnews.net\/index.php\/category\/politique\/"}},"tags_names":[],"comments_number":"0","_links":{"self":[{"href":"https:\/\/horebnews.net\/index.php\/wp-json\/wp\/v2\/posts\/2657"}],"collection":[{"href":"https:\/\/horebnews.net\/index.php\/wp-json\/wp\/v2\/posts"}],"about":[{"href":"https:\/\/horebnews.net\/index.php\/wp-json\/wp\/v2\/types\/post"}],"author":[{"embeddable":true,"href":"https:\/\/horebnews.net\/index.php\/wp-json\/wp\/v2\/users\/1"}],"replies":[{"embeddable":true,"href":"https:\/\/horebnews.net\/index.php\/wp-json\/wp\/v2\/comments?post=2657"}],"version-history":[{"count":1,"href":"https:\/\/horebnews.net\/index.php\/wp-json\/wp\/v2\/posts\/2657\/revisions"}],"predecessor-version":[{"id":2659,"href":"https:\/\/horebnews.net\/index.php\/wp-json\/wp\/v2\/posts\/2657\/revisions\/2659"}],"wp:featuredmedia":[{"embeddable":true,"href":"https:\/\/horebnews.net\/index.php\/wp-json\/wp\/v2\/media\/2658"}],"wp:attachment":[{"href":"https:\/\/horebnews.net\/index.php\/wp-json\/wp\/v2\/media?parent=2657"}],"wp:term":[{"taxonomy":"category","embeddable":true,"href":"https:\/\/horebnews.net\/index.php\/wp-json\/wp\/v2\/categories?post=2657"},{"taxonomy":"post_tag","embeddable":true,"href":"https:\/\/horebnews.net\/index.php\/wp-json\/wp\/v2\/tags?post=2657"}],"curies":[{"name":"wp","href":"https:\/\/api.w.org\/{rel}","templated":true}]}}