{"id":2654,"date":"2026-01-06T15:15:57","date_gmt":"2026-01-06T14:15:57","guid":{"rendered":"https:\/\/horebnews.net\/?p=2654"},"modified":"2026-01-06T15:15:57","modified_gmt":"2026-01-06T14:15:57","slug":"confederation-des-etats-du-sahel-le-capitaine-ibrahim-traore-prend-la-tete","status":"publish","type":"post","link":"https:\/\/horebnews.net\/index.php\/politique\/confederation-des-etats-du-sahel-le-capitaine-ibrahim-traore-prend-la-tete\/","title":{"rendered":"Conf\u00e9d\u00e9ration des \u00c9tats du Sahel : Le Capitaine Ibrahim Traor\u00e9 prend la t\u00eate"},"content":{"rendered":"<p>La 2e session du coll\u00e8ge des Chefs d\u2019\u00c9tat de la Conf\u00e9rence de la Conf\u00e9d\u00e9ration des \u00c9tats du Sahel a clos ses travaux \u00e0 Bamako au Mali, ce mardi 23 d\u00e9cembre 2025, avec la d\u00e9signation du Pr\u00e9sident du Faso, Chef de l\u2019\u00c9tat, le Capitaine Ibrahim Traor\u00e9 comme Pr\u00e9sident de la Conf\u00e9d\u00e9ration des \u00c9tats du Sahel (AES) pour un mandat d\u2019un an.<\/p>\n<p>Le Pr\u00e9sident sortant, le G\u00e9n\u00e9ral d\u2019Arm\u00e9e Assimi Go\u00efta, Pr\u00e9sident de la R\u00e9publique du Mali a pass\u00e9 le t\u00e9moin au Pr\u00e9sident entrant, le Capitaine Ibrahim Traor\u00e9, Pr\u00e9sident du Faso.<\/p>\n<p>Le Capitaine Ibrahim Traor\u00e9 a salu\u00e9 le travail abattu par son pr\u00e9d\u00e9cesseur et dit accept\u00e9 cette pr\u00e9sidence de la Conf\u00e9d\u00e9ration des \u00c9tats du Sahel avec responsabilit\u00e9 et engagement. Il a invit\u00e9 les Forces de d\u00e9fense et s\u00e9curit\u00e9, les diplomates et les acteurs du d\u00e9veloppement, les populations \u00e0 s\u2019engager avec d\u00e9termination pour faire de l\u2019AES un espace viable.<\/p>\n<p>Direction de la Communication de la Pr\u00e9sidence du Faso<\/p>\n","protected":false},"excerpt":{"rendered":"<p>La 2e session du coll\u00e8ge des Chefs d\u2019\u00c9tat de la Conf\u00e9rence de la Conf\u00e9d\u00e9ration des \u00c9tats du Sahel a clos ses travaux \u00e0 Bamako au Mali, ce mardi 23 d\u00e9cembre 2025, avec la d\u00e9signation du Pr\u00e9sident du Faso, Chef de l\u2019\u00c9tat, le Capitaine Ibrahim Traor\u00e9 comme Pr\u00e9sident de la Conf\u00e9d\u00e9ration des \u00c9tats du Sahel (AES) [&hellip;]<\/p>\n","protected":false},"author":1,"featured_media":2655,"comment_status":"open","ping_status":"open","sticky":false,"template":"","format":"standard","meta":{"footnotes":""},"categories":[9],"tags":[],"yoast_head":"<!-- This site is optimized with the Yoast SEO plugin v22.9 - https:\/\/yoast.com\/wordpress\/plugins\/seo\/ -->\n<title>Conf\u00e9d\u00e9ration des \u00c9tats du Sahel : Le Capitaine Ibrahim Traor\u00e9 prend la t\u00eate - HOREBNEWS<\/title>\n<meta name=\"robots\" content=\"index, follow, max-snippet:-1, max-image-preview:large, max-video-preview:-1\" \/>\n<link rel=\"canonical\" href=\"https:\/\/horebnews.net\/index.php\/politique\/confederation-des-etats-du-sahel-le-capitaine-ibrahim-traore-prend-la-tete\/\" \/>\n<meta property=\"og:locale\" content=\"fr_FR\" \/>\n<meta property=\"og:type\" content=\"article\" \/>\n<meta property=\"og:title\" content=\"Conf\u00e9d\u00e9ration des \u00c9tats du Sahel : Le Capitaine Ibrahim Traor\u00e9 prend la t\u00eate - HOREBNEWS\" \/>\n<meta property=\"og:description\" content=\"La 2e session du coll\u00e8ge des Chefs d\u2019\u00c9tat de la Conf\u00e9rence de la Conf\u00e9d\u00e9ration des \u00c9tats du Sahel a clos ses travaux \u00e0 Bamako au Mali, ce mardi 23 d\u00e9cembre 2025, avec la d\u00e9signation du Pr\u00e9sident du Faso, Chef de l\u2019\u00c9tat, le Capitaine Ibrahim Traor\u00e9 comme Pr\u00e9sident de la Conf\u00e9d\u00e9ration des \u00c9tats du Sahel (AES) [&hellip;]\" \/>\n<meta property=\"og:url\" content=\"https:\/\/horebnews.net\/index.php\/politique\/confederation-des-etats-du-sahel-le-capitaine-ibrahim-traore-prend-la-tete\/\" \/>\n<meta property=\"og:site_name\" content=\"HOREBNEWS\" \/>\n<meta property=\"article:published_time\" content=\"2026-01-06T14:15:57+00:00\" \/>\n<meta property=\"og:image\" content=\"http:\/\/horebnews.net\/wp-content\/uploads\/2026\/01\/602398884_1286423806859762_1278033469501947026_n.jpg\" \/>\n\t<meta property=\"og:image:width\" content=\"526\" \/>\n\t<meta property=\"og:image:height\" content=\"513\" \/>\n\t<meta property=\"og:image:type\" content=\"image\/jpeg\" \/>\n<meta name=\"author\" content=\"Salvador Ki\u00e9br\u00e9\" \/>\n<meta name=\"twitter:card\" content=\"summary_large_image\" \/>\n<meta name=\"twitter:label1\" content=\"\u00c9crit par\" \/>\n\t<meta name=\"twitter:data1\" content=\"Salvador Ki\u00e9br\u00e9\" \/>\n\t<meta name=\"twitter:label2\" content=\"Dur\u00e9e de lecture estim\u00e9e\" \/>\n\t<meta name=\"twitter:data2\" content=\"1 minute\" \/>\n<script type=\"application\/ld+json\" class=\"yoast-schema-graph\">{\"@context\":\"https:\/\/schema.org\",\"@graph\":[{\"@type\":\"Article\",\"@id\":\"https:\/\/horebnews.net\/index.php\/politique\/confederation-des-etats-du-sahel-le-capitaine-ibrahim-traore-prend-la-tete\/#article\",\"isPartOf\":{\"@id\":\"https:\/\/horebnews.net\/index.php\/politique\/confederation-des-etats-du-sahel-le-capitaine-ibrahim-traore-prend-la-tete\/\"},\"author\":{\"name\":\"Salvador Ki\u00e9br\u00e9\",\"@id\":\"https:\/\/horebnews.net\/#\/schema\/person\/6220ecfd92c7dd59560ac5df08114b42\"},\"headline\":\"Conf\u00e9d\u00e9ration des \u00c9tats du Sahel : Le Capitaine Ibrahim Traor\u00e9 prend la t\u00eate\",\"datePublished\":\"2026-01-06T14:15:57+00:00\",\"dateModified\":\"2026-01-06T14:15:57+00:00\",\"mainEntityOfPage\":{\"@id\":\"https:\/\/horebnews.net\/index.php\/politique\/confederation-des-etats-du-sahel-le-capitaine-ibrahim-traore-prend-la-tete\/\"},\"wordCount\":201,\"commentCount\":0,\"publisher\":{\"@id\":\"https:\/\/horebnews.net\/#organization\"},\"image\":{\"@id\":\"https:\/\/horebnews.net\/index.php\/politique\/confederation-des-etats-du-sahel-le-capitaine-ibrahim-traore-prend-la-tete\/#primaryimage\"},\"thumbnailUrl\":\"https:\/\/horebnews.net\/wp-content\/uploads\/2026\/01\/602398884_1286423806859762_1278033469501947026_n.jpg\",\"articleSection\":[\"POLITIQUE\"],\"inLanguage\":\"fr-FR\",\"potentialAction\":[{\"@type\":\"CommentAction\",\"name\":\"Comment\",\"target\":[\"https:\/\/horebnews.net\/index.php\/politique\/confederation-des-etats-du-sahel-le-capitaine-ibrahim-traore-prend-la-tete\/#respond\"]}]},{\"@type\":\"WebPage\",\"@id\":\"https:\/\/horebnews.net\/index.php\/politique\/confederation-des-etats-du-sahel-le-capitaine-ibrahim-traore-prend-la-tete\/\",\"url\":\"https:\/\/horebnews.net\/index.php\/politique\/confederation-des-etats-du-sahel-le-capitaine-ibrahim-traore-prend-la-tete\/\",\"name\":\"Conf\u00e9d\u00e9ration des \u00c9tats du Sahel : Le Capitaine Ibrahim Traor\u00e9 prend la t\u00eate - HOREBNEWS\",\"isPartOf\":{\"@id\":\"https:\/\/horebnews.net\/#website\"},\"primaryImageOfPage\":{\"@id\":\"https:\/\/horebnews.net\/index.php\/politique\/confederation-des-etats-du-sahel-le-capitaine-ibrahim-traore-prend-la-tete\/#primaryimage\"},\"image\":{\"@id\":\"https:\/\/horebnews.net\/index.php\/politique\/confederation-des-etats-du-sahel-le-capitaine-ibrahim-traore-prend-la-tete\/#primaryimage\"},\"thumbnailUrl\":\"https:\/\/horebnews.net\/wp-content\/uploads\/2026\/01\/602398884_1286423806859762_1278033469501947026_n.jpg\",\"datePublished\":\"2026-01-06T14:15:57+00:00\",\"dateModified\":\"2026-01-06T14:15:57+00:00\",\"breadcrumb\":{\"@id\":\"https:\/\/horebnews.net\/index.php\/politique\/confederation-des-etats-du-sahel-le-capitaine-ibrahim-traore-prend-la-tete\/#breadcrumb\"},\"inLanguage\":\"fr-FR\",\"potentialAction\":[{\"@type\":\"ReadAction\",\"target\":[\"https:\/\/horebnews.net\/index.php\/politique\/confederation-des-etats-du-sahel-le-capitaine-ibrahim-traore-prend-la-tete\/\"]}]},{\"@type\":\"ImageObject\",\"inLanguage\":\"fr-FR\",\"@id\":\"https:\/\/horebnews.net\/index.php\/politique\/confederation-des-etats-du-sahel-le-capitaine-ibrahim-traore-prend-la-tete\/#primaryimage\",\"url\":\"https:\/\/horebnews.net\/wp-content\/uploads\/2026\/01\/602398884_1286423806859762_1278033469501947026_n.jpg\",\"contentUrl\":\"https:\/\/horebnews.net\/wp-content\/uploads\/2026\/01\/602398884_1286423806859762_1278033469501947026_n.jpg\",\"width\":526,\"height\":513},{\"@type\":\"BreadcrumbList\",\"@id\":\"https:\/\/horebnews.net\/index.php\/politique\/confederation-des-etats-du-sahel-le-capitaine-ibrahim-traore-prend-la-tete\/#breadcrumb\",\"itemListElement\":[{\"@type\":\"ListItem\",\"position\":1,\"name\":\"Accueil\",\"item\":\"https:\/\/horebnews.net\/\"},{\"@type\":\"ListItem\",\"position\":2,\"name\":\"POLITIQUE\",\"item\":\"https:\/\/horebnews.net\/index.php\/category\/politique\/\"},{\"@type\":\"ListItem\",\"position\":3,\"name\":\"Conf\u00e9d\u00e9ration des \u00c9tats du Sahel : Le Capitaine Ibrahim Traor\u00e9 prend la t\u00eate\"}]},{\"@type\":\"WebSite\",\"@id\":\"https:\/\/horebnews.net\/#website\",\"url\":\"https:\/\/horebnews.net\/\",\"name\":\"HOREBNEWS\",\"description\":\"La vraie info\",\"publisher\":{\"@id\":\"https:\/\/horebnews.net\/#organization\"},\"potentialAction\":[{\"@type\":\"SearchAction\",\"target\":{\"@type\":\"EntryPoint\",\"urlTemplate\":\"https:\/\/horebnews.net\/?s={search_term_string}\"},\"query-input\":\"required name=search_term_string\"}],\"inLanguage\":\"fr-FR\"},{\"@type\":\"Organization\",\"@id\":\"https:\/\/horebnews.net\/#organization\",\"name\":\"HOREBNEWS\",\"url\":\"https:\/\/horebnews.net\/\",\"logo\":{\"@type\":\"ImageObject\",\"inLanguage\":\"fr-FR\",\"@id\":\"https:\/\/horebnews.net\/#\/schema\/logo\/image\/\",\"url\":\"http:\/\/horebnews.net\/wp-content\/uploads\/2024\/06\/Image-collee-7.png\",\"contentUrl\":\"http:\/\/horebnews.net\/wp-content\/uploads\/2024\/06\/Image-collee-7.png\",\"width\":399,\"height\":113,\"caption\":\"HOREBNEWS\"},\"image\":{\"@id\":\"https:\/\/horebnews.net\/#\/schema\/logo\/image\/\"}},{\"@type\":\"Person\",\"@id\":\"https:\/\/horebnews.net\/#\/schema\/person\/6220ecfd92c7dd59560ac5df08114b42\",\"name\":\"Salvador Ki\u00e9br\u00e9\",\"image\":{\"@type\":\"ImageObject\",\"inLanguage\":\"fr-FR\",\"@id\":\"https:\/\/horebnews.net\/#\/schema\/person\/image\/\",\"url\":\"https:\/\/secure.gravatar.com\/avatar\/f6d33f9478484bca7302ed6ef6ad859d?s=96&d=mm&r=g\",\"contentUrl\":\"https:\/\/secure.gravatar.com\/avatar\/f6d33f9478484bca7302ed6ef6ad859d?s=96&d=mm&r=g\",\"caption\":\"Salvador Ki\u00e9br\u00e9\"},\"sameAs\":[\"http:\/\/horebnews.net\"],\"url\":\"https:\/\/horebnews.net\/index.php\/author\/demsco82\/\"}]}<\/script>\n<!-- \/ Yoast SEO plugin. -->","yoast_head_json":{"title":"Conf\u00e9d\u00e9ration des \u00c9tats du Sahel : Le Capitaine Ibrahim Traor\u00e9 prend la t\u00eate - HOREBNEWS","robots":{"index":"index","follow":"follow","max-snippet":"max-snippet:-1","max-image-preview":"max-image-preview:large","max-video-preview":"max-video-preview:-1"},"canonical":"https:\/\/horebnews.net\/index.php\/politique\/confederation-des-etats-du-sahel-le-capitaine-ibrahim-traore-prend-la-tete\/","og_locale":"fr_FR","og_type":"article","og_title":"Conf\u00e9d\u00e9ration des \u00c9tats du Sahel : Le Capitaine Ibrahim Traor\u00e9 prend la t\u00eate - HOREBNEWS","og_description":"La 2e session du coll\u00e8ge des Chefs d\u2019\u00c9tat de la Conf\u00e9rence de la Conf\u00e9d\u00e9ration des \u00c9tats du Sahel a clos ses travaux \u00e0 Bamako au Mali, ce mardi 23 d\u00e9cembre 2025, avec la d\u00e9signation du Pr\u00e9sident du Faso, Chef de l\u2019\u00c9tat, le Capitaine Ibrahim Traor\u00e9 comme Pr\u00e9sident de la Conf\u00e9d\u00e9ration des \u00c9tats du Sahel (AES) [&hellip;]","og_url":"https:\/\/horebnews.net\/index.php\/politique\/confederation-des-etats-du-sahel-le-capitaine-ibrahim-traore-prend-la-tete\/","og_site_name":"HOREBNEWS","article_published_time":"2026-01-06T14:15:57+00:00","og_image":[{"width":526,"height":513,"url":"http:\/\/horebnews.net\/wp-content\/uploads\/2026\/01\/602398884_1286423806859762_1278033469501947026_n.jpg","type":"image\/jpeg"}],"author":"Salvador Ki\u00e9br\u00e9","twitter_card":"summary_large_image","twitter_misc":{"\u00c9crit par":"Salvador Ki\u00e9br\u00e9","Dur\u00e9e de lecture estim\u00e9e":"1 minute"},"schema":{"@context":"https:\/\/schema.org","@graph":[{"@type":"Article","@id":"https:\/\/horebnews.net\/index.php\/politique\/confederation-des-etats-du-sahel-le-capitaine-ibrahim-traore-prend-la-tete\/#article","isPartOf":{"@id":"https:\/\/horebnews.net\/index.php\/politique\/confederation-des-etats-du-sahel-le-capitaine-ibrahim-traore-prend-la-tete\/"},"author":{"name":"Salvador Ki\u00e9br\u00e9","@id":"https:\/\/horebnews.net\/#\/schema\/person\/6220ecfd92c7dd59560ac5df08114b42"},"headline":"Conf\u00e9d\u00e9ration des \u00c9tats du Sahel : Le Capitaine Ibrahim Traor\u00e9 prend la t\u00eate","datePublished":"2026-01-06T14:15:57+00:00","dateModified":"2026-01-06T14:15:57+00:00","mainEntityOfPage":{"@id":"https:\/\/horebnews.net\/index.php\/politique\/confederation-des-etats-du-sahel-le-capitaine-ibrahim-traore-prend-la-tete\/"},"wordCount":201,"commentCount":0,"publisher":{"@id":"https:\/\/horebnews.net\/#organization"},"image":{"@id":"https:\/\/horebnews.net\/index.php\/politique\/confederation-des-etats-du-sahel-le-capitaine-ibrahim-traore-prend-la-tete\/#primaryimage"},"thumbnailUrl":"https:\/\/horebnews.net\/wp-content\/uploads\/2026\/01\/602398884_1286423806859762_1278033469501947026_n.jpg","articleSection":["POLITIQUE"],"inLanguage":"fr-FR","potentialAction":[{"@type":"CommentAction","name":"Comment","target":["https:\/\/horebnews.net\/index.php\/politique\/confederation-des-etats-du-sahel-le-capitaine-ibrahim-traore-prend-la-tete\/#respond"]}]},{"@type":"WebPage","@id":"https:\/\/horebnews.net\/index.php\/politique\/confederation-des-etats-du-sahel-le-capitaine-ibrahim-traore-prend-la-tete\/","url":"https:\/\/horebnews.net\/index.php\/politique\/confederation-des-etats-du-sahel-le-capitaine-ibrahim-traore-prend-la-tete\/","name":"Conf\u00e9d\u00e9ration des \u00c9tats du Sahel : Le Capitaine Ibrahim Traor\u00e9 prend la t\u00eate - HOREBNEWS","isPartOf":{"@id":"https:\/\/horebnews.net\/#website"},"primaryImageOfPage":{"@id":"https:\/\/horebnews.net\/index.php\/politique\/confederation-des-etats-du-sahel-le-capitaine-ibrahim-traore-prend-la-tete\/#primaryimage"},"image":{"@id":"https:\/\/horebnews.net\/index.php\/politique\/confederation-des-etats-du-sahel-le-capitaine-ibrahim-traore-prend-la-tete\/#primaryimage"},"thumbnailUrl":"https:\/\/horebnews.net\/wp-content\/uploads\/2026\/01\/602398884_1286423806859762_1278033469501947026_n.jpg","datePublished":"2026-01-06T14:15:57+00:00","dateModified":"2026-01-06T14:15:57+00:00","breadcrumb":{"@id":"https:\/\/horebnews.net\/index.php\/politique\/confederation-des-etats-du-sahel-le-capitaine-ibrahim-traore-prend-la-tete\/#breadcrumb"},"inLanguage":"fr-FR","potentialAction":[{"@type":"ReadAction","target":["https:\/\/horebnews.net\/index.php\/politique\/confederation-des-etats-du-sahel-le-capitaine-ibrahim-traore-prend-la-tete\/"]}]},{"@type":"ImageObject","inLanguage":"fr-FR","@id":"https:\/\/horebnews.net\/index.php\/politique\/confederation-des-etats-du-sahel-le-capitaine-ibrahim-traore-prend-la-tete\/#primaryimage","url":"https:\/\/horebnews.net\/wp-content\/uploads\/2026\/01\/602398884_1286423806859762_1278033469501947026_n.jpg","contentUrl":"https:\/\/horebnews.net\/wp-content\/uploads\/2026\/01\/602398884_1286423806859762_1278033469501947026_n.jpg","width":526,"height":513},{"@type":"BreadcrumbList","@id":"https:\/\/horebnews.net\/index.php\/politique\/confederation-des-etats-du-sahel-le-capitaine-ibrahim-traore-prend-la-tete\/#breadcrumb","itemListElement":[{"@type":"ListItem","position":1,"name":"Accueil","item":"https:\/\/horebnews.net\/"},{"@type":"ListItem","position":2,"name":"POLITIQUE","item":"https:\/\/horebnews.net\/index.php\/category\/politique\/"},{"@type":"ListItem","position":3,"name":"Conf\u00e9d\u00e9ration des \u00c9tats du Sahel : Le Capitaine Ibrahim Traor\u00e9 prend la t\u00eate"}]},{"@type":"WebSite","@id":"https:\/\/horebnews.net\/#website","url":"https:\/\/horebnews.net\/","name":"HOREBNEWS","description":"La vraie info","publisher":{"@id":"https:\/\/horebnews.net\/#organization"},"potentialAction":[{"@type":"SearchAction","target":{"@type":"EntryPoint","urlTemplate":"https:\/\/horebnews.net\/?s={search_term_string}"},"query-input":"required name=search_term_string"}],"inLanguage":"fr-FR"},{"@type":"Organization","@id":"https:\/\/horebnews.net\/#organization","name":"HOREBNEWS","url":"https:\/\/horebnews.net\/","logo":{"@type":"ImageObject","inLanguage":"fr-FR","@id":"https:\/\/horebnews.net\/#\/schema\/logo\/image\/","url":"http:\/\/horebnews.net\/wp-content\/uploads\/2024\/06\/Image-collee-7.png","contentUrl":"http:\/\/horebnews.net\/wp-content\/uploads\/2024\/06\/Image-collee-7.png","width":399,"height":113,"caption":"HOREBNEWS"},"image":{"@id":"https:\/\/horebnews.net\/#\/schema\/logo\/image\/"}},{"@type":"Person","@id":"https:\/\/horebnews.net\/#\/schema\/person\/6220ecfd92c7dd59560ac5df08114b42","name":"Salvador Ki\u00e9br\u00e9","image":{"@type":"ImageObject","inLanguage":"fr-FR","@id":"https:\/\/horebnews.net\/#\/schema\/person\/image\/","url":"https:\/\/secure.gravatar.com\/avatar\/f6d33f9478484bca7302ed6ef6ad859d?s=96&d=mm&r=g","contentUrl":"https:\/\/secure.gravatar.com\/avatar\/f6d33f9478484bca7302ed6ef6ad859d?s=96&d=mm&r=g","caption":"Salvador Ki\u00e9br\u00e9"},"sameAs":["http:\/\/horebnews.net"],"url":"https:\/\/horebnews.net\/index.php\/author\/demsco82\/"}]}},"wpmagazine_modules_lite_featured_media_urls":{"thumbnail":["https:\/\/horebnews.net\/wp-content\/uploads\/2026\/01\/602398884_1286423806859762_1278033469501947026_n-150x150.jpg",150,150,true],"cvmm-medium":["https:\/\/horebnews.net\/wp-content\/uploads\/2026\/01\/602398884_1286423806859762_1278033469501947026_n-300x300.jpg",300,300,true],"cvmm-medium-plus":["https:\/\/horebnews.net\/wp-content\/uploads\/2026\/01\/602398884_1286423806859762_1278033469501947026_n-305x207.jpg",305,207,true],"cvmm-portrait":["https:\/\/horebnews.net\/wp-content\/uploads\/2026\/01\/602398884_1286423806859762_1278033469501947026_n-400x513.jpg",400,513,true],"cvmm-medium-square":["https:\/\/horebnews.net\/wp-content\/uploads\/2026\/01\/602398884_1286423806859762_1278033469501947026_n.jpg",526,513,false],"cvmm-large":["https:\/\/horebnews.net\/wp-content\/uploads\/2026\/01\/602398884_1286423806859762_1278033469501947026_n.jpg",526,513,false],"cvmm-small":["https:\/\/horebnews.net\/wp-content\/uploads\/2026\/01\/602398884_1286423806859762_1278033469501947026_n-130x95.jpg",130,95,true],"full":["https:\/\/horebnews.net\/wp-content\/uploads\/2026\/01\/602398884_1286423806859762_1278033469501947026_n.jpg",526,513,false]},"categories_names":{"9":{"name":"POLITIQUE","link":"https:\/\/horebnews.net\/index.php\/category\/politique\/"}},"tags_names":[],"comments_number":"0","_links":{"self":[{"href":"https:\/\/horebnews.net\/index.php\/wp-json\/wp\/v2\/posts\/2654"}],"collection":[{"href":"https:\/\/horebnews.net\/index.php\/wp-json\/wp\/v2\/posts"}],"about":[{"href":"https:\/\/horebnews.net\/index.php\/wp-json\/wp\/v2\/types\/post"}],"author":[{"embeddable":true,"href":"https:\/\/horebnews.net\/index.php\/wp-json\/wp\/v2\/users\/1"}],"replies":[{"embeddable":true,"href":"https:\/\/horebnews.net\/index.php\/wp-json\/wp\/v2\/comments?post=2654"}],"version-history":[{"count":1,"href":"https:\/\/horebnews.net\/index.php\/wp-json\/wp\/v2\/posts\/2654\/revisions"}],"predecessor-version":[{"id":2656,"href":"https:\/\/horebnews.net\/index.php\/wp-json\/wp\/v2\/posts\/2654\/revisions\/2656"}],"wp:featuredmedia":[{"embeddable":true,"href":"https:\/\/horebnews.net\/index.php\/wp-json\/wp\/v2\/media\/2655"}],"wp:attachment":[{"href":"https:\/\/horebnews.net\/index.php\/wp-json\/wp\/v2\/media?parent=2654"}],"wp:term":[{"taxonomy":"category","embeddable":true,"href":"https:\/\/horebnews.net\/index.php\/wp-json\/wp\/v2\/categories?post=2654"},{"taxonomy":"post_tag","embeddable":true,"href":"https:\/\/horebnews.net\/index.php\/wp-json\/wp\/v2\/tags?post=2654"}],"curies":[{"name":"wp","href":"https:\/\/api.w.org\/{rel}","templated":true}]}}