{"id":2620,"date":"2025-09-19T20:00:37","date_gmt":"2025-09-19T18:00:37","guid":{"rendered":"https:\/\/horebnews.net\/?p=2620"},"modified":"2025-09-19T20:00:37","modified_gmt":"2025-09-19T18:00:37","slug":"tension-entre-bamako-et-paris-la-france-suspend-sa-cooperation-antiterroriste-avec-le-mali","status":"publish","type":"post","link":"https:\/\/horebnews.net\/index.php\/international\/tension-entre-bamako-et-paris-la-france-suspend-sa-cooperation-antiterroriste-avec-le-mali\/","title":{"rendered":"Tension entre Bamako et Paris : La France suspend sa coop\u00e9ration antiterroriste avec le Mali"},"content":{"rendered":"<p>Les autorit\u00e9s fran\u00e7aises ont d\u00e9cid\u00e9 suspendre la coop\u00e9ration antiterroriste avec le Mali a-t-on appris vendredi 19 septembre de source diplomatique fran\u00e7aise. Elles ont aussi somm\u00e9 deux diplomates maliens de quitter le territoire fran\u00e7ais.<\/p>\n<p>Ces d\u00e9cisions viennent en r\u00e9ponse \u00e0 l\u2019arrestation en ao\u00fbt dernier \u00e0 Bamako d\u2019un agent diplomatique fran\u00e7ais. Les deux diplomates, membres de l\u2019ambassade et du consulat du Mali \u00e0 Paris, ont \u00e9t\u00e9 \u00ab d\u00e9clar\u00e9es persona non grata et ont jusqu\u2019\u00e0 samedi (20 septembre 2025) pour quitter le territoire \u00bb, selon cette m\u00eame source.<\/p>\n<p>Le 15 ao\u00fbt, les autorit\u00e9s maliennes avaient annonc\u00e9 l\u2019arrestation d\u2019un Fran\u00e7ais soup\u00e7onn\u00e9 de travailler pour le \u00ab service de renseignement fran\u00e7ais \u00bb.<\/p>\n","protected":false},"excerpt":{"rendered":"<p>Les autorit\u00e9s fran\u00e7aises ont d\u00e9cid\u00e9 suspendre la coop\u00e9ration antiterroriste avec le Mali a-t-on appris vendredi 19 septembre de source diplomatique fran\u00e7aise. Elles ont aussi somm\u00e9 deux diplomates maliens de quitter le territoire fran\u00e7ais. Ces d\u00e9cisions viennent en r\u00e9ponse \u00e0 l\u2019arrestation en ao\u00fbt dernier \u00e0 Bamako d\u2019un agent diplomatique fran\u00e7ais. Les deux diplomates, membres de l\u2019ambassade [&hellip;]<\/p>\n","protected":false},"author":1,"featured_media":2621,"comment_status":"open","ping_status":"open","sticky":false,"template":"","format":"standard","meta":{"footnotes":""},"categories":[5],"tags":[],"yoast_head":"<!-- This site is optimized with the Yoast SEO plugin v22.9 - https:\/\/yoast.com\/wordpress\/plugins\/seo\/ -->\n<title>Tension entre Bamako et Paris : La France suspend sa coop\u00e9ration antiterroriste avec le Mali - HOREBNEWS<\/title>\n<meta name=\"robots\" content=\"index, follow, max-snippet:-1, max-image-preview:large, max-video-preview:-1\" \/>\n<link rel=\"canonical\" href=\"https:\/\/horebnews.net\/index.php\/international\/tension-entre-bamako-et-paris-la-france-suspend-sa-cooperation-antiterroriste-avec-le-mali\/\" \/>\n<meta property=\"og:locale\" content=\"fr_FR\" \/>\n<meta property=\"og:type\" content=\"article\" \/>\n<meta property=\"og:title\" content=\"Tension entre Bamako et Paris : La France suspend sa coop\u00e9ration antiterroriste avec le Mali - HOREBNEWS\" \/>\n<meta property=\"og:description\" content=\"Les autorit\u00e9s fran\u00e7aises ont d\u00e9cid\u00e9 suspendre la coop\u00e9ration antiterroriste avec le Mali a-t-on appris vendredi 19 septembre de source diplomatique fran\u00e7aise. Elles ont aussi somm\u00e9 deux diplomates maliens de quitter le territoire fran\u00e7ais. Ces d\u00e9cisions viennent en r\u00e9ponse \u00e0 l\u2019arrestation en ao\u00fbt dernier \u00e0 Bamako d\u2019un agent diplomatique fran\u00e7ais. Les deux diplomates, membres de l\u2019ambassade [&hellip;]\" \/>\n<meta property=\"og:url\" content=\"https:\/\/horebnews.net\/index.php\/international\/tension-entre-bamako-et-paris-la-france-suspend-sa-cooperation-antiterroriste-avec-le-mali\/\" \/>\n<meta property=\"og:site_name\" content=\"HOREBNEWS\" \/>\n<meta property=\"article:published_time\" content=\"2025-09-19T18:00:37+00:00\" \/>\n<meta property=\"og:image\" content=\"http:\/\/horebnews.net\/wp-content\/uploads\/2025\/09\/macron.webp\" \/>\n\t<meta property=\"og:image:width\" content=\"474\" \/>\n\t<meta property=\"og:image:height\" content=\"355\" \/>\n\t<meta property=\"og:image:type\" content=\"image\/webp\" \/>\n<meta name=\"author\" content=\"Salvador Ki\u00e9br\u00e9\" \/>\n<meta name=\"twitter:card\" content=\"summary_large_image\" \/>\n<meta name=\"twitter:label1\" content=\"\u00c9crit par\" \/>\n\t<meta name=\"twitter:data1\" content=\"Salvador Ki\u00e9br\u00e9\" \/>\n\t<meta name=\"twitter:label2\" content=\"Dur\u00e9e de lecture estim\u00e9e\" \/>\n\t<meta name=\"twitter:data2\" content=\"1 minute\" \/>\n<script type=\"application\/ld+json\" class=\"yoast-schema-graph\">{\"@context\":\"https:\/\/schema.org\",\"@graph\":[{\"@type\":\"Article\",\"@id\":\"https:\/\/horebnews.net\/index.php\/international\/tension-entre-bamako-et-paris-la-france-suspend-sa-cooperation-antiterroriste-avec-le-mali\/#article\",\"isPartOf\":{\"@id\":\"https:\/\/horebnews.net\/index.php\/international\/tension-entre-bamako-et-paris-la-france-suspend-sa-cooperation-antiterroriste-avec-le-mali\/\"},\"author\":{\"name\":\"Salvador Ki\u00e9br\u00e9\",\"@id\":\"https:\/\/horebnews.net\/#\/schema\/person\/6220ecfd92c7dd59560ac5df08114b42\"},\"headline\":\"Tension entre Bamako et Paris : La France suspend sa coop\u00e9ration antiterroriste avec le Mali\",\"datePublished\":\"2025-09-19T18:00:37+00:00\",\"dateModified\":\"2025-09-19T18:00:37+00:00\",\"mainEntityOfPage\":{\"@id\":\"https:\/\/horebnews.net\/index.php\/international\/tension-entre-bamako-et-paris-la-france-suspend-sa-cooperation-antiterroriste-avec-le-mali\/\"},\"wordCount\":134,\"commentCount\":0,\"publisher\":{\"@id\":\"https:\/\/horebnews.net\/#organization\"},\"image\":{\"@id\":\"https:\/\/horebnews.net\/index.php\/international\/tension-entre-bamako-et-paris-la-france-suspend-sa-cooperation-antiterroriste-avec-le-mali\/#primaryimage\"},\"thumbnailUrl\":\"https:\/\/horebnews.net\/wp-content\/uploads\/2025\/09\/macron.webp\",\"articleSection\":[\"INTERNATIONAL\"],\"inLanguage\":\"fr-FR\",\"potentialAction\":[{\"@type\":\"CommentAction\",\"name\":\"Comment\",\"target\":[\"https:\/\/horebnews.net\/index.php\/international\/tension-entre-bamako-et-paris-la-france-suspend-sa-cooperation-antiterroriste-avec-le-mali\/#respond\"]}]},{\"@type\":\"WebPage\",\"@id\":\"https:\/\/horebnews.net\/index.php\/international\/tension-entre-bamako-et-paris-la-france-suspend-sa-cooperation-antiterroriste-avec-le-mali\/\",\"url\":\"https:\/\/horebnews.net\/index.php\/international\/tension-entre-bamako-et-paris-la-france-suspend-sa-cooperation-antiterroriste-avec-le-mali\/\",\"name\":\"Tension entre Bamako et Paris : La France suspend sa coop\u00e9ration antiterroriste avec le Mali - HOREBNEWS\",\"isPartOf\":{\"@id\":\"https:\/\/horebnews.net\/#website\"},\"primaryImageOfPage\":{\"@id\":\"https:\/\/horebnews.net\/index.php\/international\/tension-entre-bamako-et-paris-la-france-suspend-sa-cooperation-antiterroriste-avec-le-mali\/#primaryimage\"},\"image\":{\"@id\":\"https:\/\/horebnews.net\/index.php\/international\/tension-entre-bamako-et-paris-la-france-suspend-sa-cooperation-antiterroriste-avec-le-mali\/#primaryimage\"},\"thumbnailUrl\":\"https:\/\/horebnews.net\/wp-content\/uploads\/2025\/09\/macron.webp\",\"datePublished\":\"2025-09-19T18:00:37+00:00\",\"dateModified\":\"2025-09-19T18:00:37+00:00\",\"breadcrumb\":{\"@id\":\"https:\/\/horebnews.net\/index.php\/international\/tension-entre-bamako-et-paris-la-france-suspend-sa-cooperation-antiterroriste-avec-le-mali\/#breadcrumb\"},\"inLanguage\":\"fr-FR\",\"potentialAction\":[{\"@type\":\"ReadAction\",\"target\":[\"https:\/\/horebnews.net\/index.php\/international\/tension-entre-bamako-et-paris-la-france-suspend-sa-cooperation-antiterroriste-avec-le-mali\/\"]}]},{\"@type\":\"ImageObject\",\"inLanguage\":\"fr-FR\",\"@id\":\"https:\/\/horebnews.net\/index.php\/international\/tension-entre-bamako-et-paris-la-france-suspend-sa-cooperation-antiterroriste-avec-le-mali\/#primaryimage\",\"url\":\"https:\/\/horebnews.net\/wp-content\/uploads\/2025\/09\/macron.webp\",\"contentUrl\":\"https:\/\/horebnews.net\/wp-content\/uploads\/2025\/09\/macron.webp\",\"width\":474,\"height\":355},{\"@type\":\"BreadcrumbList\",\"@id\":\"https:\/\/horebnews.net\/index.php\/international\/tension-entre-bamako-et-paris-la-france-suspend-sa-cooperation-antiterroriste-avec-le-mali\/#breadcrumb\",\"itemListElement\":[{\"@type\":\"ListItem\",\"position\":1,\"name\":\"Accueil\",\"item\":\"https:\/\/horebnews.net\/\"},{\"@type\":\"ListItem\",\"position\":2,\"name\":\"INTERNATIONAL\",\"item\":\"https:\/\/horebnews.net\/index.php\/category\/international\/\"},{\"@type\":\"ListItem\",\"position\":3,\"name\":\"Tension entre Bamako et Paris : La France suspend sa coop\u00e9ration antiterroriste avec le Mali\"}]},{\"@type\":\"WebSite\",\"@id\":\"https:\/\/horebnews.net\/#website\",\"url\":\"https:\/\/horebnews.net\/\",\"name\":\"HOREBNEWS\",\"description\":\"La vraie info\",\"publisher\":{\"@id\":\"https:\/\/horebnews.net\/#organization\"},\"potentialAction\":[{\"@type\":\"SearchAction\",\"target\":{\"@type\":\"EntryPoint\",\"urlTemplate\":\"https:\/\/horebnews.net\/?s={search_term_string}\"},\"query-input\":\"required name=search_term_string\"}],\"inLanguage\":\"fr-FR\"},{\"@type\":\"Organization\",\"@id\":\"https:\/\/horebnews.net\/#organization\",\"name\":\"HOREBNEWS\",\"url\":\"https:\/\/horebnews.net\/\",\"logo\":{\"@type\":\"ImageObject\",\"inLanguage\":\"fr-FR\",\"@id\":\"https:\/\/horebnews.net\/#\/schema\/logo\/image\/\",\"url\":\"http:\/\/horebnews.net\/wp-content\/uploads\/2024\/06\/Image-collee-7.png\",\"contentUrl\":\"http:\/\/horebnews.net\/wp-content\/uploads\/2024\/06\/Image-collee-7.png\",\"width\":399,\"height\":113,\"caption\":\"HOREBNEWS\"},\"image\":{\"@id\":\"https:\/\/horebnews.net\/#\/schema\/logo\/image\/\"}},{\"@type\":\"Person\",\"@id\":\"https:\/\/horebnews.net\/#\/schema\/person\/6220ecfd92c7dd59560ac5df08114b42\",\"name\":\"Salvador Ki\u00e9br\u00e9\",\"image\":{\"@type\":\"ImageObject\",\"inLanguage\":\"fr-FR\",\"@id\":\"https:\/\/horebnews.net\/#\/schema\/person\/image\/\",\"url\":\"https:\/\/secure.gravatar.com\/avatar\/f6d33f9478484bca7302ed6ef6ad859d?s=96&d=mm&r=g\",\"contentUrl\":\"https:\/\/secure.gravatar.com\/avatar\/f6d33f9478484bca7302ed6ef6ad859d?s=96&d=mm&r=g\",\"caption\":\"Salvador Ki\u00e9br\u00e9\"},\"sameAs\":[\"http:\/\/horebnews.net\"],\"url\":\"https:\/\/horebnews.net\/index.php\/author\/demsco82\/\"}]}<\/script>\n<!-- \/ Yoast SEO plugin. -->","yoast_head_json":{"title":"Tension entre Bamako et Paris : La France suspend sa coop\u00e9ration antiterroriste avec le Mali - HOREBNEWS","robots":{"index":"index","follow":"follow","max-snippet":"max-snippet:-1","max-image-preview":"max-image-preview:large","max-video-preview":"max-video-preview:-1"},"canonical":"https:\/\/horebnews.net\/index.php\/international\/tension-entre-bamako-et-paris-la-france-suspend-sa-cooperation-antiterroriste-avec-le-mali\/","og_locale":"fr_FR","og_type":"article","og_title":"Tension entre Bamako et Paris : La France suspend sa coop\u00e9ration antiterroriste avec le Mali - HOREBNEWS","og_description":"Les autorit\u00e9s fran\u00e7aises ont d\u00e9cid\u00e9 suspendre la coop\u00e9ration antiterroriste avec le Mali a-t-on appris vendredi 19 septembre de source diplomatique fran\u00e7aise. Elles ont aussi somm\u00e9 deux diplomates maliens de quitter le territoire fran\u00e7ais. Ces d\u00e9cisions viennent en r\u00e9ponse \u00e0 l\u2019arrestation en ao\u00fbt dernier \u00e0 Bamako d\u2019un agent diplomatique fran\u00e7ais. Les deux diplomates, membres de l\u2019ambassade [&hellip;]","og_url":"https:\/\/horebnews.net\/index.php\/international\/tension-entre-bamako-et-paris-la-france-suspend-sa-cooperation-antiterroriste-avec-le-mali\/","og_site_name":"HOREBNEWS","article_published_time":"2025-09-19T18:00:37+00:00","og_image":[{"width":474,"height":355,"url":"http:\/\/horebnews.net\/wp-content\/uploads\/2025\/09\/macron.webp","type":"image\/webp"}],"author":"Salvador Ki\u00e9br\u00e9","twitter_card":"summary_large_image","twitter_misc":{"\u00c9crit par":"Salvador Ki\u00e9br\u00e9","Dur\u00e9e de lecture estim\u00e9e":"1 minute"},"schema":{"@context":"https:\/\/schema.org","@graph":[{"@type":"Article","@id":"https:\/\/horebnews.net\/index.php\/international\/tension-entre-bamako-et-paris-la-france-suspend-sa-cooperation-antiterroriste-avec-le-mali\/#article","isPartOf":{"@id":"https:\/\/horebnews.net\/index.php\/international\/tension-entre-bamako-et-paris-la-france-suspend-sa-cooperation-antiterroriste-avec-le-mali\/"},"author":{"name":"Salvador Ki\u00e9br\u00e9","@id":"https:\/\/horebnews.net\/#\/schema\/person\/6220ecfd92c7dd59560ac5df08114b42"},"headline":"Tension entre Bamako et Paris : La France suspend sa coop\u00e9ration antiterroriste avec le Mali","datePublished":"2025-09-19T18:00:37+00:00","dateModified":"2025-09-19T18:00:37+00:00","mainEntityOfPage":{"@id":"https:\/\/horebnews.net\/index.php\/international\/tension-entre-bamako-et-paris-la-france-suspend-sa-cooperation-antiterroriste-avec-le-mali\/"},"wordCount":134,"commentCount":0,"publisher":{"@id":"https:\/\/horebnews.net\/#organization"},"image":{"@id":"https:\/\/horebnews.net\/index.php\/international\/tension-entre-bamako-et-paris-la-france-suspend-sa-cooperation-antiterroriste-avec-le-mali\/#primaryimage"},"thumbnailUrl":"https:\/\/horebnews.net\/wp-content\/uploads\/2025\/09\/macron.webp","articleSection":["INTERNATIONAL"],"inLanguage":"fr-FR","potentialAction":[{"@type":"CommentAction","name":"Comment","target":["https:\/\/horebnews.net\/index.php\/international\/tension-entre-bamako-et-paris-la-france-suspend-sa-cooperation-antiterroriste-avec-le-mali\/#respond"]}]},{"@type":"WebPage","@id":"https:\/\/horebnews.net\/index.php\/international\/tension-entre-bamako-et-paris-la-france-suspend-sa-cooperation-antiterroriste-avec-le-mali\/","url":"https:\/\/horebnews.net\/index.php\/international\/tension-entre-bamako-et-paris-la-france-suspend-sa-cooperation-antiterroriste-avec-le-mali\/","name":"Tension entre Bamako et Paris : La France suspend sa coop\u00e9ration antiterroriste avec le Mali - HOREBNEWS","isPartOf":{"@id":"https:\/\/horebnews.net\/#website"},"primaryImageOfPage":{"@id":"https:\/\/horebnews.net\/index.php\/international\/tension-entre-bamako-et-paris-la-france-suspend-sa-cooperation-antiterroriste-avec-le-mali\/#primaryimage"},"image":{"@id":"https:\/\/horebnews.net\/index.php\/international\/tension-entre-bamako-et-paris-la-france-suspend-sa-cooperation-antiterroriste-avec-le-mali\/#primaryimage"},"thumbnailUrl":"https:\/\/horebnews.net\/wp-content\/uploads\/2025\/09\/macron.webp","datePublished":"2025-09-19T18:00:37+00:00","dateModified":"2025-09-19T18:00:37+00:00","breadcrumb":{"@id":"https:\/\/horebnews.net\/index.php\/international\/tension-entre-bamako-et-paris-la-france-suspend-sa-cooperation-antiterroriste-avec-le-mali\/#breadcrumb"},"inLanguage":"fr-FR","potentialAction":[{"@type":"ReadAction","target":["https:\/\/horebnews.net\/index.php\/international\/tension-entre-bamako-et-paris-la-france-suspend-sa-cooperation-antiterroriste-avec-le-mali\/"]}]},{"@type":"ImageObject","inLanguage":"fr-FR","@id":"https:\/\/horebnews.net\/index.php\/international\/tension-entre-bamako-et-paris-la-france-suspend-sa-cooperation-antiterroriste-avec-le-mali\/#primaryimage","url":"https:\/\/horebnews.net\/wp-content\/uploads\/2025\/09\/macron.webp","contentUrl":"https:\/\/horebnews.net\/wp-content\/uploads\/2025\/09\/macron.webp","width":474,"height":355},{"@type":"BreadcrumbList","@id":"https:\/\/horebnews.net\/index.php\/international\/tension-entre-bamako-et-paris-la-france-suspend-sa-cooperation-antiterroriste-avec-le-mali\/#breadcrumb","itemListElement":[{"@type":"ListItem","position":1,"name":"Accueil","item":"https:\/\/horebnews.net\/"},{"@type":"ListItem","position":2,"name":"INTERNATIONAL","item":"https:\/\/horebnews.net\/index.php\/category\/international\/"},{"@type":"ListItem","position":3,"name":"Tension entre Bamako et Paris : La France suspend sa coop\u00e9ration antiterroriste avec le Mali"}]},{"@type":"WebSite","@id":"https:\/\/horebnews.net\/#website","url":"https:\/\/horebnews.net\/","name":"HOREBNEWS","description":"La vraie info","publisher":{"@id":"https:\/\/horebnews.net\/#organization"},"potentialAction":[{"@type":"SearchAction","target":{"@type":"EntryPoint","urlTemplate":"https:\/\/horebnews.net\/?s={search_term_string}"},"query-input":"required name=search_term_string"}],"inLanguage":"fr-FR"},{"@type":"Organization","@id":"https:\/\/horebnews.net\/#organization","name":"HOREBNEWS","url":"https:\/\/horebnews.net\/","logo":{"@type":"ImageObject","inLanguage":"fr-FR","@id":"https:\/\/horebnews.net\/#\/schema\/logo\/image\/","url":"http:\/\/horebnews.net\/wp-content\/uploads\/2024\/06\/Image-collee-7.png","contentUrl":"http:\/\/horebnews.net\/wp-content\/uploads\/2024\/06\/Image-collee-7.png","width":399,"height":113,"caption":"HOREBNEWS"},"image":{"@id":"https:\/\/horebnews.net\/#\/schema\/logo\/image\/"}},{"@type":"Person","@id":"https:\/\/horebnews.net\/#\/schema\/person\/6220ecfd92c7dd59560ac5df08114b42","name":"Salvador Ki\u00e9br\u00e9","image":{"@type":"ImageObject","inLanguage":"fr-FR","@id":"https:\/\/horebnews.net\/#\/schema\/person\/image\/","url":"https:\/\/secure.gravatar.com\/avatar\/f6d33f9478484bca7302ed6ef6ad859d?s=96&d=mm&r=g","contentUrl":"https:\/\/secure.gravatar.com\/avatar\/f6d33f9478484bca7302ed6ef6ad859d?s=96&d=mm&r=g","caption":"Salvador Ki\u00e9br\u00e9"},"sameAs":["http:\/\/horebnews.net"],"url":"https:\/\/horebnews.net\/index.php\/author\/demsco82\/"}]}},"wpmagazine_modules_lite_featured_media_urls":{"thumbnail":["https:\/\/horebnews.net\/wp-content\/uploads\/2025\/09\/macron-150x150.webp",150,150,true],"cvmm-medium":["https:\/\/horebnews.net\/wp-content\/uploads\/2025\/09\/macron-300x300.webp",300,300,true],"cvmm-medium-plus":["https:\/\/horebnews.net\/wp-content\/uploads\/2025\/09\/macron-305x207.webp",305,207,true],"cvmm-portrait":["https:\/\/horebnews.net\/wp-content\/uploads\/2025\/09\/macron-400x355.webp",400,355,true],"cvmm-medium-square":["https:\/\/horebnews.net\/wp-content\/uploads\/2025\/09\/macron.webp",474,355,false],"cvmm-large":["https:\/\/horebnews.net\/wp-content\/uploads\/2025\/09\/macron.webp",474,355,false],"cvmm-small":["https:\/\/horebnews.net\/wp-content\/uploads\/2025\/09\/macron-130x95.webp",130,95,true],"full":["https:\/\/horebnews.net\/wp-content\/uploads\/2025\/09\/macron.webp",474,355,false]},"categories_names":{"5":{"name":"INTERNATIONAL","link":"https:\/\/horebnews.net\/index.php\/category\/international\/"}},"tags_names":[],"comments_number":"0","_links":{"self":[{"href":"https:\/\/horebnews.net\/index.php\/wp-json\/wp\/v2\/posts\/2620"}],"collection":[{"href":"https:\/\/horebnews.net\/index.php\/wp-json\/wp\/v2\/posts"}],"about":[{"href":"https:\/\/horebnews.net\/index.php\/wp-json\/wp\/v2\/types\/post"}],"author":[{"embeddable":true,"href":"https:\/\/horebnews.net\/index.php\/wp-json\/wp\/v2\/users\/1"}],"replies":[{"embeddable":true,"href":"https:\/\/horebnews.net\/index.php\/wp-json\/wp\/v2\/comments?post=2620"}],"version-history":[{"count":1,"href":"https:\/\/horebnews.net\/index.php\/wp-json\/wp\/v2\/posts\/2620\/revisions"}],"predecessor-version":[{"id":2622,"href":"https:\/\/horebnews.net\/index.php\/wp-json\/wp\/v2\/posts\/2620\/revisions\/2622"}],"wp:featuredmedia":[{"embeddable":true,"href":"https:\/\/horebnews.net\/index.php\/wp-json\/wp\/v2\/media\/2621"}],"wp:attachment":[{"href":"https:\/\/horebnews.net\/index.php\/wp-json\/wp\/v2\/media?parent=2620"}],"wp:term":[{"taxonomy":"category","embeddable":true,"href":"https:\/\/horebnews.net\/index.php\/wp-json\/wp\/v2\/categories?post=2620"},{"taxonomy":"post_tag","embeddable":true,"href":"https:\/\/horebnews.net\/index.php\/wp-json\/wp\/v2\/tags?post=2620"}],"curies":[{"name":"wp","href":"https:\/\/api.w.org\/{rel}","templated":true}]}}