{"id":2586,"date":"2025-09-17T19:48:41","date_gmt":"2025-09-17T17:48:41","guid":{"rendered":"https:\/\/horebnews.net\/?p=2586"},"modified":"2025-09-17T19:48:41","modified_gmt":"2025-09-17T17:48:41","slug":"initiative-presidentielle-faso-mebo-le-capitaine-ibrahim-traore-remet-plus-de-700-engins","status":"publish","type":"post","link":"https:\/\/horebnews.net\/index.php\/politique\/initiative-presidentielle-faso-mebo-le-capitaine-ibrahim-traore-remet-plus-de-700-engins\/","title":{"rendered":"Initiative pr\u00e9sidentielle Faso M\u00eabo : Le Capitaine Ibrahim TRAOR\u00c9 remet plus de 700 engins"},"content":{"rendered":"<p>Le Pr\u00e9sident du Faso, Chef de l\u2019\u00c9tat, le Capitaine Ibrahim TRAOR\u00c9 a remis ce vendredi (12 septembre 2025) 764 engins au Coordonnateur de l\u2019Initiative pr\u00e9sidentielle Faso M\u00eabo, au profit de 4 brigades. Il s\u2019agit des brigades des r\u00e9gions du Yaadga, de Kouls\u00e9, du Goulmou et de Bankui.<\/p>\n<p><img decoding=\"async\" class=\" wp-image-2587 alignleft\" src=\"http:\/\/horebnews.net\/wp-content\/uploads\/2025\/09\/546445051_1200402492128561_4705238720392896675_n-300x200.jpg\" alt=\"\" width=\"228\" height=\"152\" srcset=\"https:\/\/horebnews.net\/wp-content\/uploads\/2025\/09\/546445051_1200402492128561_4705238720392896675_n-300x200.jpg 300w, https:\/\/horebnews.net\/wp-content\/uploads\/2025\/09\/546445051_1200402492128561_4705238720392896675_n-1024x682.jpg 1024w, https:\/\/horebnews.net\/wp-content\/uploads\/2025\/09\/546445051_1200402492128561_4705238720392896675_n-768x512.jpg 768w, https:\/\/horebnews.net\/wp-content\/uploads\/2025\/09\/546445051_1200402492128561_4705238720392896675_n-1536x1023.jpg 1536w, https:\/\/horebnews.net\/wp-content\/uploads\/2025\/09\/546445051_1200402492128561_4705238720392896675_n.jpg 1600w\" sizes=\"(max-width: 228px) 100vw, 228px\" \/><\/p>\n<p>Ce mat\u00e9riel r\u00e9ceptionn\u00e9 par le Coordonnateur national de l&rsquo;Initiative pr\u00e9sidentielle FASO M\u00eabo, le Cdt Zoodnoma Ahmed SAKAND\u00c9, est compos\u00e9 entre autres de v\u00e9hicules Pick up 4X4, de machines recycleuses, de b\u00e9tonni\u00e8res, de camions-grues, de camions-bennes, de camions citernes, de projecteurs mobiles et de niveleuses.<\/p>\n<p>Direction de la Communication de la Pr\u00e9sidence du Faso<\/p>\n","protected":false},"excerpt":{"rendered":"<p>Le Pr\u00e9sident du Faso, Chef de l\u2019\u00c9tat, le Capitaine Ibrahim TRAOR\u00c9 a remis ce vendredi (12 septembre 2025) 764 engins au Coordonnateur de l\u2019Initiative pr\u00e9sidentielle Faso M\u00eabo, au profit de 4 brigades. Il s\u2019agit des brigades des r\u00e9gions du Yaadga, de Kouls\u00e9, du Goulmou et de Bankui. Ce mat\u00e9riel r\u00e9ceptionn\u00e9 par le Coordonnateur national de [&hellip;]<\/p>\n","protected":false},"author":1,"featured_media":2588,"comment_status":"open","ping_status":"open","sticky":false,"template":"","format":"standard","meta":{"footnotes":""},"categories":[9],"tags":[],"yoast_head":"<!-- This site is optimized with the Yoast SEO plugin v22.9 - https:\/\/yoast.com\/wordpress\/plugins\/seo\/ -->\n<title>Initiative pr\u00e9sidentielle Faso M\u00eabo : Le Capitaine Ibrahim TRAOR\u00c9 remet plus de 700 engins - HOREBNEWS<\/title>\n<meta name=\"robots\" content=\"index, follow, max-snippet:-1, max-image-preview:large, max-video-preview:-1\" \/>\n<link rel=\"canonical\" href=\"https:\/\/horebnews.net\/index.php\/politique\/initiative-presidentielle-faso-mebo-le-capitaine-ibrahim-traore-remet-plus-de-700-engins\/\" \/>\n<meta property=\"og:locale\" content=\"fr_FR\" \/>\n<meta property=\"og:type\" content=\"article\" \/>\n<meta property=\"og:title\" content=\"Initiative pr\u00e9sidentielle Faso M\u00eabo : Le Capitaine Ibrahim TRAOR\u00c9 remet plus de 700 engins - HOREBNEWS\" \/>\n<meta property=\"og:description\" content=\"Le Pr\u00e9sident du Faso, Chef de l\u2019\u00c9tat, le Capitaine Ibrahim TRAOR\u00c9 a remis ce vendredi (12 septembre 2025) 764 engins au Coordonnateur de l\u2019Initiative pr\u00e9sidentielle Faso M\u00eabo, au profit de 4 brigades. Il s\u2019agit des brigades des r\u00e9gions du Yaadga, de Kouls\u00e9, du Goulmou et de Bankui. Ce mat\u00e9riel r\u00e9ceptionn\u00e9 par le Coordonnateur national de [&hellip;]\" \/>\n<meta property=\"og:url\" content=\"https:\/\/horebnews.net\/index.php\/politique\/initiative-presidentielle-faso-mebo-le-capitaine-ibrahim-traore-remet-plus-de-700-engins\/\" \/>\n<meta property=\"og:site_name\" content=\"HOREBNEWS\" \/>\n<meta property=\"article:published_time\" content=\"2025-09-17T17:48:41+00:00\" \/>\n<meta property=\"og:image\" content=\"http:\/\/horebnews.net\/wp-content\/uploads\/2025\/09\/546516118_1200408065461337_7899348573707652737_n.jpg\" \/>\n\t<meta property=\"og:image:width\" content=\"1600\" \/>\n\t<meta property=\"og:image:height\" content=\"900\" \/>\n\t<meta property=\"og:image:type\" content=\"image\/jpeg\" \/>\n<meta name=\"author\" content=\"Salvador Ki\u00e9br\u00e9\" \/>\n<meta name=\"twitter:card\" content=\"summary_large_image\" \/>\n<meta name=\"twitter:label1\" content=\"\u00c9crit par\" \/>\n\t<meta name=\"twitter:data1\" content=\"Salvador Ki\u00e9br\u00e9\" \/>\n\t<meta name=\"twitter:label2\" content=\"Dur\u00e9e de lecture estim\u00e9e\" \/>\n\t<meta name=\"twitter:data2\" content=\"1 minute\" \/>\n<script type=\"application\/ld+json\" class=\"yoast-schema-graph\">{\"@context\":\"https:\/\/schema.org\",\"@graph\":[{\"@type\":\"Article\",\"@id\":\"https:\/\/horebnews.net\/index.php\/politique\/initiative-presidentielle-faso-mebo-le-capitaine-ibrahim-traore-remet-plus-de-700-engins\/#article\",\"isPartOf\":{\"@id\":\"https:\/\/horebnews.net\/index.php\/politique\/initiative-presidentielle-faso-mebo-le-capitaine-ibrahim-traore-remet-plus-de-700-engins\/\"},\"author\":{\"name\":\"Salvador Ki\u00e9br\u00e9\",\"@id\":\"https:\/\/horebnews.net\/#\/schema\/person\/6220ecfd92c7dd59560ac5df08114b42\"},\"headline\":\"Initiative pr\u00e9sidentielle Faso M\u00eabo : Le Capitaine Ibrahim TRAOR\u00c9 remet plus de 700 engins\",\"datePublished\":\"2025-09-17T17:48:41+00:00\",\"dateModified\":\"2025-09-17T17:48:41+00:00\",\"mainEntityOfPage\":{\"@id\":\"https:\/\/horebnews.net\/index.php\/politique\/initiative-presidentielle-faso-mebo-le-capitaine-ibrahim-traore-remet-plus-de-700-engins\/\"},\"wordCount\":126,\"commentCount\":0,\"publisher\":{\"@id\":\"https:\/\/horebnews.net\/#organization\"},\"image\":{\"@id\":\"https:\/\/horebnews.net\/index.php\/politique\/initiative-presidentielle-faso-mebo-le-capitaine-ibrahim-traore-remet-plus-de-700-engins\/#primaryimage\"},\"thumbnailUrl\":\"https:\/\/horebnews.net\/wp-content\/uploads\/2025\/09\/546516118_1200408065461337_7899348573707652737_n.jpg\",\"articleSection\":[\"POLITIQUE\"],\"inLanguage\":\"fr-FR\",\"potentialAction\":[{\"@type\":\"CommentAction\",\"name\":\"Comment\",\"target\":[\"https:\/\/horebnews.net\/index.php\/politique\/initiative-presidentielle-faso-mebo-le-capitaine-ibrahim-traore-remet-plus-de-700-engins\/#respond\"]}]},{\"@type\":\"WebPage\",\"@id\":\"https:\/\/horebnews.net\/index.php\/politique\/initiative-presidentielle-faso-mebo-le-capitaine-ibrahim-traore-remet-plus-de-700-engins\/\",\"url\":\"https:\/\/horebnews.net\/index.php\/politique\/initiative-presidentielle-faso-mebo-le-capitaine-ibrahim-traore-remet-plus-de-700-engins\/\",\"name\":\"Initiative pr\u00e9sidentielle Faso M\u00eabo : Le Capitaine Ibrahim TRAOR\u00c9 remet plus de 700 engins - HOREBNEWS\",\"isPartOf\":{\"@id\":\"https:\/\/horebnews.net\/#website\"},\"primaryImageOfPage\":{\"@id\":\"https:\/\/horebnews.net\/index.php\/politique\/initiative-presidentielle-faso-mebo-le-capitaine-ibrahim-traore-remet-plus-de-700-engins\/#primaryimage\"},\"image\":{\"@id\":\"https:\/\/horebnews.net\/index.php\/politique\/initiative-presidentielle-faso-mebo-le-capitaine-ibrahim-traore-remet-plus-de-700-engins\/#primaryimage\"},\"thumbnailUrl\":\"https:\/\/horebnews.net\/wp-content\/uploads\/2025\/09\/546516118_1200408065461337_7899348573707652737_n.jpg\",\"datePublished\":\"2025-09-17T17:48:41+00:00\",\"dateModified\":\"2025-09-17T17:48:41+00:00\",\"breadcrumb\":{\"@id\":\"https:\/\/horebnews.net\/index.php\/politique\/initiative-presidentielle-faso-mebo-le-capitaine-ibrahim-traore-remet-plus-de-700-engins\/#breadcrumb\"},\"inLanguage\":\"fr-FR\",\"potentialAction\":[{\"@type\":\"ReadAction\",\"target\":[\"https:\/\/horebnews.net\/index.php\/politique\/initiative-presidentielle-faso-mebo-le-capitaine-ibrahim-traore-remet-plus-de-700-engins\/\"]}]},{\"@type\":\"ImageObject\",\"inLanguage\":\"fr-FR\",\"@id\":\"https:\/\/horebnews.net\/index.php\/politique\/initiative-presidentielle-faso-mebo-le-capitaine-ibrahim-traore-remet-plus-de-700-engins\/#primaryimage\",\"url\":\"https:\/\/horebnews.net\/wp-content\/uploads\/2025\/09\/546516118_1200408065461337_7899348573707652737_n.jpg\",\"contentUrl\":\"https:\/\/horebnews.net\/wp-content\/uploads\/2025\/09\/546516118_1200408065461337_7899348573707652737_n.jpg\",\"width\":1600,\"height\":900},{\"@type\":\"BreadcrumbList\",\"@id\":\"https:\/\/horebnews.net\/index.php\/politique\/initiative-presidentielle-faso-mebo-le-capitaine-ibrahim-traore-remet-plus-de-700-engins\/#breadcrumb\",\"itemListElement\":[{\"@type\":\"ListItem\",\"position\":1,\"name\":\"Accueil\",\"item\":\"https:\/\/horebnews.net\/\"},{\"@type\":\"ListItem\",\"position\":2,\"name\":\"POLITIQUE\",\"item\":\"https:\/\/horebnews.net\/index.php\/category\/politique\/\"},{\"@type\":\"ListItem\",\"position\":3,\"name\":\"Initiative pr\u00e9sidentielle Faso M\u00eabo : Le Capitaine Ibrahim TRAOR\u00c9 remet plus de 700 engins\"}]},{\"@type\":\"WebSite\",\"@id\":\"https:\/\/horebnews.net\/#website\",\"url\":\"https:\/\/horebnews.net\/\",\"name\":\"HOREBNEWS\",\"description\":\"La vraie info\",\"publisher\":{\"@id\":\"https:\/\/horebnews.net\/#organization\"},\"potentialAction\":[{\"@type\":\"SearchAction\",\"target\":{\"@type\":\"EntryPoint\",\"urlTemplate\":\"https:\/\/horebnews.net\/?s={search_term_string}\"},\"query-input\":\"required name=search_term_string\"}],\"inLanguage\":\"fr-FR\"},{\"@type\":\"Organization\",\"@id\":\"https:\/\/horebnews.net\/#organization\",\"name\":\"HOREBNEWS\",\"url\":\"https:\/\/horebnews.net\/\",\"logo\":{\"@type\":\"ImageObject\",\"inLanguage\":\"fr-FR\",\"@id\":\"https:\/\/horebnews.net\/#\/schema\/logo\/image\/\",\"url\":\"http:\/\/horebnews.net\/wp-content\/uploads\/2024\/06\/Image-collee-7.png\",\"contentUrl\":\"http:\/\/horebnews.net\/wp-content\/uploads\/2024\/06\/Image-collee-7.png\",\"width\":399,\"height\":113,\"caption\":\"HOREBNEWS\"},\"image\":{\"@id\":\"https:\/\/horebnews.net\/#\/schema\/logo\/image\/\"}},{\"@type\":\"Person\",\"@id\":\"https:\/\/horebnews.net\/#\/schema\/person\/6220ecfd92c7dd59560ac5df08114b42\",\"name\":\"Salvador Ki\u00e9br\u00e9\",\"image\":{\"@type\":\"ImageObject\",\"inLanguage\":\"fr-FR\",\"@id\":\"https:\/\/horebnews.net\/#\/schema\/person\/image\/\",\"url\":\"https:\/\/secure.gravatar.com\/avatar\/f6d33f9478484bca7302ed6ef6ad859d?s=96&d=mm&r=g\",\"contentUrl\":\"https:\/\/secure.gravatar.com\/avatar\/f6d33f9478484bca7302ed6ef6ad859d?s=96&d=mm&r=g\",\"caption\":\"Salvador Ki\u00e9br\u00e9\"},\"sameAs\":[\"http:\/\/horebnews.net\"],\"url\":\"https:\/\/horebnews.net\/index.php\/author\/demsco82\/\"}]}<\/script>\n<!-- \/ Yoast SEO plugin. -->","yoast_head_json":{"title":"Initiative pr\u00e9sidentielle Faso M\u00eabo : Le Capitaine Ibrahim TRAOR\u00c9 remet plus de 700 engins - HOREBNEWS","robots":{"index":"index","follow":"follow","max-snippet":"max-snippet:-1","max-image-preview":"max-image-preview:large","max-video-preview":"max-video-preview:-1"},"canonical":"https:\/\/horebnews.net\/index.php\/politique\/initiative-presidentielle-faso-mebo-le-capitaine-ibrahim-traore-remet-plus-de-700-engins\/","og_locale":"fr_FR","og_type":"article","og_title":"Initiative pr\u00e9sidentielle Faso M\u00eabo : Le Capitaine Ibrahim TRAOR\u00c9 remet plus de 700 engins - HOREBNEWS","og_description":"Le Pr\u00e9sident du Faso, Chef de l\u2019\u00c9tat, le Capitaine Ibrahim TRAOR\u00c9 a remis ce vendredi (12 septembre 2025) 764 engins au Coordonnateur de l\u2019Initiative pr\u00e9sidentielle Faso M\u00eabo, au profit de 4 brigades. Il s\u2019agit des brigades des r\u00e9gions du Yaadga, de Kouls\u00e9, du Goulmou et de Bankui. Ce mat\u00e9riel r\u00e9ceptionn\u00e9 par le Coordonnateur national de [&hellip;]","og_url":"https:\/\/horebnews.net\/index.php\/politique\/initiative-presidentielle-faso-mebo-le-capitaine-ibrahim-traore-remet-plus-de-700-engins\/","og_site_name":"HOREBNEWS","article_published_time":"2025-09-17T17:48:41+00:00","og_image":[{"width":1600,"height":900,"url":"http:\/\/horebnews.net\/wp-content\/uploads\/2025\/09\/546516118_1200408065461337_7899348573707652737_n.jpg","type":"image\/jpeg"}],"author":"Salvador Ki\u00e9br\u00e9","twitter_card":"summary_large_image","twitter_misc":{"\u00c9crit par":"Salvador Ki\u00e9br\u00e9","Dur\u00e9e de lecture estim\u00e9e":"1 minute"},"schema":{"@context":"https:\/\/schema.org","@graph":[{"@type":"Article","@id":"https:\/\/horebnews.net\/index.php\/politique\/initiative-presidentielle-faso-mebo-le-capitaine-ibrahim-traore-remet-plus-de-700-engins\/#article","isPartOf":{"@id":"https:\/\/horebnews.net\/index.php\/politique\/initiative-presidentielle-faso-mebo-le-capitaine-ibrahim-traore-remet-plus-de-700-engins\/"},"author":{"name":"Salvador Ki\u00e9br\u00e9","@id":"https:\/\/horebnews.net\/#\/schema\/person\/6220ecfd92c7dd59560ac5df08114b42"},"headline":"Initiative pr\u00e9sidentielle Faso M\u00eabo : Le Capitaine Ibrahim TRAOR\u00c9 remet plus de 700 engins","datePublished":"2025-09-17T17:48:41+00:00","dateModified":"2025-09-17T17:48:41+00:00","mainEntityOfPage":{"@id":"https:\/\/horebnews.net\/index.php\/politique\/initiative-presidentielle-faso-mebo-le-capitaine-ibrahim-traore-remet-plus-de-700-engins\/"},"wordCount":126,"commentCount":0,"publisher":{"@id":"https:\/\/horebnews.net\/#organization"},"image":{"@id":"https:\/\/horebnews.net\/index.php\/politique\/initiative-presidentielle-faso-mebo-le-capitaine-ibrahim-traore-remet-plus-de-700-engins\/#primaryimage"},"thumbnailUrl":"https:\/\/horebnews.net\/wp-content\/uploads\/2025\/09\/546516118_1200408065461337_7899348573707652737_n.jpg","articleSection":["POLITIQUE"],"inLanguage":"fr-FR","potentialAction":[{"@type":"CommentAction","name":"Comment","target":["https:\/\/horebnews.net\/index.php\/politique\/initiative-presidentielle-faso-mebo-le-capitaine-ibrahim-traore-remet-plus-de-700-engins\/#respond"]}]},{"@type":"WebPage","@id":"https:\/\/horebnews.net\/index.php\/politique\/initiative-presidentielle-faso-mebo-le-capitaine-ibrahim-traore-remet-plus-de-700-engins\/","url":"https:\/\/horebnews.net\/index.php\/politique\/initiative-presidentielle-faso-mebo-le-capitaine-ibrahim-traore-remet-plus-de-700-engins\/","name":"Initiative pr\u00e9sidentielle Faso M\u00eabo : Le Capitaine Ibrahim TRAOR\u00c9 remet plus de 700 engins - HOREBNEWS","isPartOf":{"@id":"https:\/\/horebnews.net\/#website"},"primaryImageOfPage":{"@id":"https:\/\/horebnews.net\/index.php\/politique\/initiative-presidentielle-faso-mebo-le-capitaine-ibrahim-traore-remet-plus-de-700-engins\/#primaryimage"},"image":{"@id":"https:\/\/horebnews.net\/index.php\/politique\/initiative-presidentielle-faso-mebo-le-capitaine-ibrahim-traore-remet-plus-de-700-engins\/#primaryimage"},"thumbnailUrl":"https:\/\/horebnews.net\/wp-content\/uploads\/2025\/09\/546516118_1200408065461337_7899348573707652737_n.jpg","datePublished":"2025-09-17T17:48:41+00:00","dateModified":"2025-09-17T17:48:41+00:00","breadcrumb":{"@id":"https:\/\/horebnews.net\/index.php\/politique\/initiative-presidentielle-faso-mebo-le-capitaine-ibrahim-traore-remet-plus-de-700-engins\/#breadcrumb"},"inLanguage":"fr-FR","potentialAction":[{"@type":"ReadAction","target":["https:\/\/horebnews.net\/index.php\/politique\/initiative-presidentielle-faso-mebo-le-capitaine-ibrahim-traore-remet-plus-de-700-engins\/"]}]},{"@type":"ImageObject","inLanguage":"fr-FR","@id":"https:\/\/horebnews.net\/index.php\/politique\/initiative-presidentielle-faso-mebo-le-capitaine-ibrahim-traore-remet-plus-de-700-engins\/#primaryimage","url":"https:\/\/horebnews.net\/wp-content\/uploads\/2025\/09\/546516118_1200408065461337_7899348573707652737_n.jpg","contentUrl":"https:\/\/horebnews.net\/wp-content\/uploads\/2025\/09\/546516118_1200408065461337_7899348573707652737_n.jpg","width":1600,"height":900},{"@type":"BreadcrumbList","@id":"https:\/\/horebnews.net\/index.php\/politique\/initiative-presidentielle-faso-mebo-le-capitaine-ibrahim-traore-remet-plus-de-700-engins\/#breadcrumb","itemListElement":[{"@type":"ListItem","position":1,"name":"Accueil","item":"https:\/\/horebnews.net\/"},{"@type":"ListItem","position":2,"name":"POLITIQUE","item":"https:\/\/horebnews.net\/index.php\/category\/politique\/"},{"@type":"ListItem","position":3,"name":"Initiative pr\u00e9sidentielle Faso M\u00eabo : Le Capitaine Ibrahim TRAOR\u00c9 remet plus de 700 engins"}]},{"@type":"WebSite","@id":"https:\/\/horebnews.net\/#website","url":"https:\/\/horebnews.net\/","name":"HOREBNEWS","description":"La vraie info","publisher":{"@id":"https:\/\/horebnews.net\/#organization"},"potentialAction":[{"@type":"SearchAction","target":{"@type":"EntryPoint","urlTemplate":"https:\/\/horebnews.net\/?s={search_term_string}"},"query-input":"required name=search_term_string"}],"inLanguage":"fr-FR"},{"@type":"Organization","@id":"https:\/\/horebnews.net\/#organization","name":"HOREBNEWS","url":"https:\/\/horebnews.net\/","logo":{"@type":"ImageObject","inLanguage":"fr-FR","@id":"https:\/\/horebnews.net\/#\/schema\/logo\/image\/","url":"http:\/\/horebnews.net\/wp-content\/uploads\/2024\/06\/Image-collee-7.png","contentUrl":"http:\/\/horebnews.net\/wp-content\/uploads\/2024\/06\/Image-collee-7.png","width":399,"height":113,"caption":"HOREBNEWS"},"image":{"@id":"https:\/\/horebnews.net\/#\/schema\/logo\/image\/"}},{"@type":"Person","@id":"https:\/\/horebnews.net\/#\/schema\/person\/6220ecfd92c7dd59560ac5df08114b42","name":"Salvador Ki\u00e9br\u00e9","image":{"@type":"ImageObject","inLanguage":"fr-FR","@id":"https:\/\/horebnews.net\/#\/schema\/person\/image\/","url":"https:\/\/secure.gravatar.com\/avatar\/f6d33f9478484bca7302ed6ef6ad859d?s=96&d=mm&r=g","contentUrl":"https:\/\/secure.gravatar.com\/avatar\/f6d33f9478484bca7302ed6ef6ad859d?s=96&d=mm&r=g","caption":"Salvador Ki\u00e9br\u00e9"},"sameAs":["http:\/\/horebnews.net"],"url":"https:\/\/horebnews.net\/index.php\/author\/demsco82\/"}]}},"wpmagazine_modules_lite_featured_media_urls":{"thumbnail":["https:\/\/horebnews.net\/wp-content\/uploads\/2025\/09\/546516118_1200408065461337_7899348573707652737_n-150x150.jpg",150,150,true],"cvmm-medium":["https:\/\/horebnews.net\/wp-content\/uploads\/2025\/09\/546516118_1200408065461337_7899348573707652737_n-300x300.jpg",300,300,true],"cvmm-medium-plus":["https:\/\/horebnews.net\/wp-content\/uploads\/2025\/09\/546516118_1200408065461337_7899348573707652737_n-305x207.jpg",305,207,true],"cvmm-portrait":["https:\/\/horebnews.net\/wp-content\/uploads\/2025\/09\/546516118_1200408065461337_7899348573707652737_n-400x600.jpg",400,600,true],"cvmm-medium-square":["https:\/\/horebnews.net\/wp-content\/uploads\/2025\/09\/546516118_1200408065461337_7899348573707652737_n-600x600.jpg",600,600,true],"cvmm-large":["https:\/\/horebnews.net\/wp-content\/uploads\/2025\/09\/546516118_1200408065461337_7899348573707652737_n-1024x900.jpg",1024,900,true],"cvmm-small":["https:\/\/horebnews.net\/wp-content\/uploads\/2025\/09\/546516118_1200408065461337_7899348573707652737_n-130x95.jpg",130,95,true],"full":["https:\/\/horebnews.net\/wp-content\/uploads\/2025\/09\/546516118_1200408065461337_7899348573707652737_n.jpg",1600,900,false]},"categories_names":{"9":{"name":"POLITIQUE","link":"https:\/\/horebnews.net\/index.php\/category\/politique\/"}},"tags_names":[],"comments_number":"0","_links":{"self":[{"href":"https:\/\/horebnews.net\/index.php\/wp-json\/wp\/v2\/posts\/2586"}],"collection":[{"href":"https:\/\/horebnews.net\/index.php\/wp-json\/wp\/v2\/posts"}],"about":[{"href":"https:\/\/horebnews.net\/index.php\/wp-json\/wp\/v2\/types\/post"}],"author":[{"embeddable":true,"href":"https:\/\/horebnews.net\/index.php\/wp-json\/wp\/v2\/users\/1"}],"replies":[{"embeddable":true,"href":"https:\/\/horebnews.net\/index.php\/wp-json\/wp\/v2\/comments?post=2586"}],"version-history":[{"count":1,"href":"https:\/\/horebnews.net\/index.php\/wp-json\/wp\/v2\/posts\/2586\/revisions"}],"predecessor-version":[{"id":2589,"href":"https:\/\/horebnews.net\/index.php\/wp-json\/wp\/v2\/posts\/2586\/revisions\/2589"}],"wp:featuredmedia":[{"embeddable":true,"href":"https:\/\/horebnews.net\/index.php\/wp-json\/wp\/v2\/media\/2588"}],"wp:attachment":[{"href":"https:\/\/horebnews.net\/index.php\/wp-json\/wp\/v2\/media?parent=2586"}],"wp:term":[{"taxonomy":"category","embeddable":true,"href":"https:\/\/horebnews.net\/index.php\/wp-json\/wp\/v2\/categories?post=2586"},{"taxonomy":"post_tag","embeddable":true,"href":"https:\/\/horebnews.net\/index.php\/wp-json\/wp\/v2\/tags?post=2586"}],"curies":[{"name":"wp","href":"https:\/\/api.w.org\/{rel}","templated":true}]}}