{"id":2574,"date":"2025-09-17T18:08:37","date_gmt":"2025-09-17T16:08:37","guid":{"rendered":"https:\/\/horebnews.net\/?p=2574"},"modified":"2025-09-17T18:08:37","modified_gmt":"2025-09-17T16:08:37","slug":"primature-francaise-sebastien-lecornu-prend-les-renes","status":"publish","type":"post","link":"https:\/\/horebnews.net\/index.php\/international\/primature-francaise-sebastien-lecornu-prend-les-renes\/","title":{"rendered":"Primature Fran\u00e7aise : S\u00e9bastien Lecornu prend les r\u00eanes"},"content":{"rendered":"<p><strong>Le pr\u00e9sident fran\u00e7ais, Emmanuel Macron, a nomm\u00e9 mardi 9 septembre 2025, le ministre des Arm\u00e9es S\u00e9bastien Lecornu, au poste de premier ministre.<\/strong><\/p>\n<p><strong>Cette nomination survient au lendemain de la chute de Fran\u00e7ois Bayrou, destitu\u00e9 par les d\u00e9put\u00e9s.\u00a0<\/strong><\/p>\n","protected":false},"excerpt":{"rendered":"<p>Le pr\u00e9sident fran\u00e7ais, Emmanuel Macron, a nomm\u00e9 mardi 9 septembre 2025, le ministre des Arm\u00e9es S\u00e9bastien Lecornu, au poste de premier ministre. Cette nomination survient au lendemain de la chute de Fran\u00e7ois Bayrou, destitu\u00e9 par les d\u00e9put\u00e9s.\u00a0<\/p>\n","protected":false},"author":1,"featured_media":2575,"comment_status":"open","ping_status":"open","sticky":false,"template":"","format":"standard","meta":{"footnotes":""},"categories":[5],"tags":[],"yoast_head":"<!-- This site is optimized with the Yoast SEO plugin v22.9 - https:\/\/yoast.com\/wordpress\/plugins\/seo\/ -->\n<title>Primature Fran\u00e7aise : S\u00e9bastien Lecornu prend les r\u00eanes - HOREBNEWS<\/title>\n<meta name=\"robots\" content=\"index, follow, max-snippet:-1, max-image-preview:large, max-video-preview:-1\" \/>\n<link rel=\"canonical\" href=\"https:\/\/horebnews.net\/index.php\/international\/primature-francaise-sebastien-lecornu-prend-les-renes\/\" \/>\n<meta property=\"og:locale\" content=\"fr_FR\" \/>\n<meta property=\"og:type\" content=\"article\" \/>\n<meta property=\"og:title\" content=\"Primature Fran\u00e7aise : S\u00e9bastien Lecornu prend les r\u00eanes - HOREBNEWS\" \/>\n<meta property=\"og:description\" content=\"Le pr\u00e9sident fran\u00e7ais, Emmanuel Macron, a nomm\u00e9 mardi 9 septembre 2025, le ministre des Arm\u00e9es S\u00e9bastien Lecornu, au poste de premier ministre. Cette nomination survient au lendemain de la chute de Fran\u00e7ois Bayrou, destitu\u00e9 par les d\u00e9put\u00e9s.\u00a0\" \/>\n<meta property=\"og:url\" content=\"https:\/\/horebnews.net\/index.php\/international\/primature-francaise-sebastien-lecornu-prend-les-renes\/\" \/>\n<meta property=\"og:site_name\" content=\"HOREBNEWS\" \/>\n<meta property=\"article:published_time\" content=\"2025-09-17T16:08:37+00:00\" \/>\n<meta property=\"og:image\" content=\"http:\/\/horebnews.net\/wp-content\/uploads\/2025\/09\/lecornu.webp\" \/>\n\t<meta property=\"og:image:width\" content=\"474\" \/>\n\t<meta property=\"og:image:height\" content=\"266\" \/>\n\t<meta property=\"og:image:type\" content=\"image\/webp\" \/>\n<meta name=\"author\" content=\"Salvador Ki\u00e9br\u00e9\" \/>\n<meta name=\"twitter:card\" content=\"summary_large_image\" \/>\n<meta name=\"twitter:label1\" content=\"\u00c9crit par\" \/>\n\t<meta name=\"twitter:data1\" content=\"Salvador Ki\u00e9br\u00e9\" \/>\n\t<meta name=\"twitter:label2\" content=\"Dur\u00e9e de lecture estim\u00e9e\" \/>\n\t<meta name=\"twitter:data2\" content=\"1 minute\" \/>\n<script type=\"application\/ld+json\" class=\"yoast-schema-graph\">{\"@context\":\"https:\/\/schema.org\",\"@graph\":[{\"@type\":\"Article\",\"@id\":\"https:\/\/horebnews.net\/index.php\/international\/primature-francaise-sebastien-lecornu-prend-les-renes\/#article\",\"isPartOf\":{\"@id\":\"https:\/\/horebnews.net\/index.php\/international\/primature-francaise-sebastien-lecornu-prend-les-renes\/\"},\"author\":{\"name\":\"Salvador Ki\u00e9br\u00e9\",\"@id\":\"https:\/\/horebnews.net\/#\/schema\/person\/6220ecfd92c7dd59560ac5df08114b42\"},\"headline\":\"Primature Fran\u00e7aise : S\u00e9bastien Lecornu prend les r\u00eanes\",\"datePublished\":\"2025-09-17T16:08:37+00:00\",\"dateModified\":\"2025-09-17T16:08:37+00:00\",\"mainEntityOfPage\":{\"@id\":\"https:\/\/horebnews.net\/index.php\/international\/primature-francaise-sebastien-lecornu-prend-les-renes\/\"},\"wordCount\":52,\"commentCount\":0,\"publisher\":{\"@id\":\"https:\/\/horebnews.net\/#organization\"},\"image\":{\"@id\":\"https:\/\/horebnews.net\/index.php\/international\/primature-francaise-sebastien-lecornu-prend-les-renes\/#primaryimage\"},\"thumbnailUrl\":\"https:\/\/horebnews.net\/wp-content\/uploads\/2025\/09\/lecornu.webp\",\"articleSection\":[\"INTERNATIONAL\"],\"inLanguage\":\"fr-FR\",\"potentialAction\":[{\"@type\":\"CommentAction\",\"name\":\"Comment\",\"target\":[\"https:\/\/horebnews.net\/index.php\/international\/primature-francaise-sebastien-lecornu-prend-les-renes\/#respond\"]}]},{\"@type\":\"WebPage\",\"@id\":\"https:\/\/horebnews.net\/index.php\/international\/primature-francaise-sebastien-lecornu-prend-les-renes\/\",\"url\":\"https:\/\/horebnews.net\/index.php\/international\/primature-francaise-sebastien-lecornu-prend-les-renes\/\",\"name\":\"Primature Fran\u00e7aise : S\u00e9bastien Lecornu prend les r\u00eanes - HOREBNEWS\",\"isPartOf\":{\"@id\":\"https:\/\/horebnews.net\/#website\"},\"primaryImageOfPage\":{\"@id\":\"https:\/\/horebnews.net\/index.php\/international\/primature-francaise-sebastien-lecornu-prend-les-renes\/#primaryimage\"},\"image\":{\"@id\":\"https:\/\/horebnews.net\/index.php\/international\/primature-francaise-sebastien-lecornu-prend-les-renes\/#primaryimage\"},\"thumbnailUrl\":\"https:\/\/horebnews.net\/wp-content\/uploads\/2025\/09\/lecornu.webp\",\"datePublished\":\"2025-09-17T16:08:37+00:00\",\"dateModified\":\"2025-09-17T16:08:37+00:00\",\"breadcrumb\":{\"@id\":\"https:\/\/horebnews.net\/index.php\/international\/primature-francaise-sebastien-lecornu-prend-les-renes\/#breadcrumb\"},\"inLanguage\":\"fr-FR\",\"potentialAction\":[{\"@type\":\"ReadAction\",\"target\":[\"https:\/\/horebnews.net\/index.php\/international\/primature-francaise-sebastien-lecornu-prend-les-renes\/\"]}]},{\"@type\":\"ImageObject\",\"inLanguage\":\"fr-FR\",\"@id\":\"https:\/\/horebnews.net\/index.php\/international\/primature-francaise-sebastien-lecornu-prend-les-renes\/#primaryimage\",\"url\":\"https:\/\/horebnews.net\/wp-content\/uploads\/2025\/09\/lecornu.webp\",\"contentUrl\":\"https:\/\/horebnews.net\/wp-content\/uploads\/2025\/09\/lecornu.webp\",\"width\":474,\"height\":266},{\"@type\":\"BreadcrumbList\",\"@id\":\"https:\/\/horebnews.net\/index.php\/international\/primature-francaise-sebastien-lecornu-prend-les-renes\/#breadcrumb\",\"itemListElement\":[{\"@type\":\"ListItem\",\"position\":1,\"name\":\"Accueil\",\"item\":\"https:\/\/horebnews.net\/\"},{\"@type\":\"ListItem\",\"position\":2,\"name\":\"INTERNATIONAL\",\"item\":\"https:\/\/horebnews.net\/index.php\/category\/international\/\"},{\"@type\":\"ListItem\",\"position\":3,\"name\":\"Primature Fran\u00e7aise : S\u00e9bastien Lecornu prend les r\u00eanes\"}]},{\"@type\":\"WebSite\",\"@id\":\"https:\/\/horebnews.net\/#website\",\"url\":\"https:\/\/horebnews.net\/\",\"name\":\"HOREBNEWS\",\"description\":\"La vraie info\",\"publisher\":{\"@id\":\"https:\/\/horebnews.net\/#organization\"},\"potentialAction\":[{\"@type\":\"SearchAction\",\"target\":{\"@type\":\"EntryPoint\",\"urlTemplate\":\"https:\/\/horebnews.net\/?s={search_term_string}\"},\"query-input\":\"required name=search_term_string\"}],\"inLanguage\":\"fr-FR\"},{\"@type\":\"Organization\",\"@id\":\"https:\/\/horebnews.net\/#organization\",\"name\":\"HOREBNEWS\",\"url\":\"https:\/\/horebnews.net\/\",\"logo\":{\"@type\":\"ImageObject\",\"inLanguage\":\"fr-FR\",\"@id\":\"https:\/\/horebnews.net\/#\/schema\/logo\/image\/\",\"url\":\"http:\/\/horebnews.net\/wp-content\/uploads\/2024\/06\/Image-collee-7.png\",\"contentUrl\":\"http:\/\/horebnews.net\/wp-content\/uploads\/2024\/06\/Image-collee-7.png\",\"width\":399,\"height\":113,\"caption\":\"HOREBNEWS\"},\"image\":{\"@id\":\"https:\/\/horebnews.net\/#\/schema\/logo\/image\/\"}},{\"@type\":\"Person\",\"@id\":\"https:\/\/horebnews.net\/#\/schema\/person\/6220ecfd92c7dd59560ac5df08114b42\",\"name\":\"Salvador Ki\u00e9br\u00e9\",\"image\":{\"@type\":\"ImageObject\",\"inLanguage\":\"fr-FR\",\"@id\":\"https:\/\/horebnews.net\/#\/schema\/person\/image\/\",\"url\":\"https:\/\/secure.gravatar.com\/avatar\/f6d33f9478484bca7302ed6ef6ad859d?s=96&d=mm&r=g\",\"contentUrl\":\"https:\/\/secure.gravatar.com\/avatar\/f6d33f9478484bca7302ed6ef6ad859d?s=96&d=mm&r=g\",\"caption\":\"Salvador Ki\u00e9br\u00e9\"},\"sameAs\":[\"http:\/\/horebnews.net\"],\"url\":\"https:\/\/horebnews.net\/index.php\/author\/demsco82\/\"}]}<\/script>\n<!-- \/ Yoast SEO plugin. -->","yoast_head_json":{"title":"Primature Fran\u00e7aise : S\u00e9bastien Lecornu prend les r\u00eanes - HOREBNEWS","robots":{"index":"index","follow":"follow","max-snippet":"max-snippet:-1","max-image-preview":"max-image-preview:large","max-video-preview":"max-video-preview:-1"},"canonical":"https:\/\/horebnews.net\/index.php\/international\/primature-francaise-sebastien-lecornu-prend-les-renes\/","og_locale":"fr_FR","og_type":"article","og_title":"Primature Fran\u00e7aise : S\u00e9bastien Lecornu prend les r\u00eanes - HOREBNEWS","og_description":"Le pr\u00e9sident fran\u00e7ais, Emmanuel Macron, a nomm\u00e9 mardi 9 septembre 2025, le ministre des Arm\u00e9es S\u00e9bastien Lecornu, au poste de premier ministre. Cette nomination survient au lendemain de la chute de Fran\u00e7ois Bayrou, destitu\u00e9 par les d\u00e9put\u00e9s.\u00a0","og_url":"https:\/\/horebnews.net\/index.php\/international\/primature-francaise-sebastien-lecornu-prend-les-renes\/","og_site_name":"HOREBNEWS","article_published_time":"2025-09-17T16:08:37+00:00","og_image":[{"width":474,"height":266,"url":"http:\/\/horebnews.net\/wp-content\/uploads\/2025\/09\/lecornu.webp","type":"image\/webp"}],"author":"Salvador Ki\u00e9br\u00e9","twitter_card":"summary_large_image","twitter_misc":{"\u00c9crit par":"Salvador Ki\u00e9br\u00e9","Dur\u00e9e de lecture estim\u00e9e":"1 minute"},"schema":{"@context":"https:\/\/schema.org","@graph":[{"@type":"Article","@id":"https:\/\/horebnews.net\/index.php\/international\/primature-francaise-sebastien-lecornu-prend-les-renes\/#article","isPartOf":{"@id":"https:\/\/horebnews.net\/index.php\/international\/primature-francaise-sebastien-lecornu-prend-les-renes\/"},"author":{"name":"Salvador Ki\u00e9br\u00e9","@id":"https:\/\/horebnews.net\/#\/schema\/person\/6220ecfd92c7dd59560ac5df08114b42"},"headline":"Primature Fran\u00e7aise : S\u00e9bastien Lecornu prend les r\u00eanes","datePublished":"2025-09-17T16:08:37+00:00","dateModified":"2025-09-17T16:08:37+00:00","mainEntityOfPage":{"@id":"https:\/\/horebnews.net\/index.php\/international\/primature-francaise-sebastien-lecornu-prend-les-renes\/"},"wordCount":52,"commentCount":0,"publisher":{"@id":"https:\/\/horebnews.net\/#organization"},"image":{"@id":"https:\/\/horebnews.net\/index.php\/international\/primature-francaise-sebastien-lecornu-prend-les-renes\/#primaryimage"},"thumbnailUrl":"https:\/\/horebnews.net\/wp-content\/uploads\/2025\/09\/lecornu.webp","articleSection":["INTERNATIONAL"],"inLanguage":"fr-FR","potentialAction":[{"@type":"CommentAction","name":"Comment","target":["https:\/\/horebnews.net\/index.php\/international\/primature-francaise-sebastien-lecornu-prend-les-renes\/#respond"]}]},{"@type":"WebPage","@id":"https:\/\/horebnews.net\/index.php\/international\/primature-francaise-sebastien-lecornu-prend-les-renes\/","url":"https:\/\/horebnews.net\/index.php\/international\/primature-francaise-sebastien-lecornu-prend-les-renes\/","name":"Primature Fran\u00e7aise : S\u00e9bastien Lecornu prend les r\u00eanes - HOREBNEWS","isPartOf":{"@id":"https:\/\/horebnews.net\/#website"},"primaryImageOfPage":{"@id":"https:\/\/horebnews.net\/index.php\/international\/primature-francaise-sebastien-lecornu-prend-les-renes\/#primaryimage"},"image":{"@id":"https:\/\/horebnews.net\/index.php\/international\/primature-francaise-sebastien-lecornu-prend-les-renes\/#primaryimage"},"thumbnailUrl":"https:\/\/horebnews.net\/wp-content\/uploads\/2025\/09\/lecornu.webp","datePublished":"2025-09-17T16:08:37+00:00","dateModified":"2025-09-17T16:08:37+00:00","breadcrumb":{"@id":"https:\/\/horebnews.net\/index.php\/international\/primature-francaise-sebastien-lecornu-prend-les-renes\/#breadcrumb"},"inLanguage":"fr-FR","potentialAction":[{"@type":"ReadAction","target":["https:\/\/horebnews.net\/index.php\/international\/primature-francaise-sebastien-lecornu-prend-les-renes\/"]}]},{"@type":"ImageObject","inLanguage":"fr-FR","@id":"https:\/\/horebnews.net\/index.php\/international\/primature-francaise-sebastien-lecornu-prend-les-renes\/#primaryimage","url":"https:\/\/horebnews.net\/wp-content\/uploads\/2025\/09\/lecornu.webp","contentUrl":"https:\/\/horebnews.net\/wp-content\/uploads\/2025\/09\/lecornu.webp","width":474,"height":266},{"@type":"BreadcrumbList","@id":"https:\/\/horebnews.net\/index.php\/international\/primature-francaise-sebastien-lecornu-prend-les-renes\/#breadcrumb","itemListElement":[{"@type":"ListItem","position":1,"name":"Accueil","item":"https:\/\/horebnews.net\/"},{"@type":"ListItem","position":2,"name":"INTERNATIONAL","item":"https:\/\/horebnews.net\/index.php\/category\/international\/"},{"@type":"ListItem","position":3,"name":"Primature Fran\u00e7aise : S\u00e9bastien Lecornu prend les r\u00eanes"}]},{"@type":"WebSite","@id":"https:\/\/horebnews.net\/#website","url":"https:\/\/horebnews.net\/","name":"HOREBNEWS","description":"La vraie info","publisher":{"@id":"https:\/\/horebnews.net\/#organization"},"potentialAction":[{"@type":"SearchAction","target":{"@type":"EntryPoint","urlTemplate":"https:\/\/horebnews.net\/?s={search_term_string}"},"query-input":"required name=search_term_string"}],"inLanguage":"fr-FR"},{"@type":"Organization","@id":"https:\/\/horebnews.net\/#organization","name":"HOREBNEWS","url":"https:\/\/horebnews.net\/","logo":{"@type":"ImageObject","inLanguage":"fr-FR","@id":"https:\/\/horebnews.net\/#\/schema\/logo\/image\/","url":"http:\/\/horebnews.net\/wp-content\/uploads\/2024\/06\/Image-collee-7.png","contentUrl":"http:\/\/horebnews.net\/wp-content\/uploads\/2024\/06\/Image-collee-7.png","width":399,"height":113,"caption":"HOREBNEWS"},"image":{"@id":"https:\/\/horebnews.net\/#\/schema\/logo\/image\/"}},{"@type":"Person","@id":"https:\/\/horebnews.net\/#\/schema\/person\/6220ecfd92c7dd59560ac5df08114b42","name":"Salvador Ki\u00e9br\u00e9","image":{"@type":"ImageObject","inLanguage":"fr-FR","@id":"https:\/\/horebnews.net\/#\/schema\/person\/image\/","url":"https:\/\/secure.gravatar.com\/avatar\/f6d33f9478484bca7302ed6ef6ad859d?s=96&d=mm&r=g","contentUrl":"https:\/\/secure.gravatar.com\/avatar\/f6d33f9478484bca7302ed6ef6ad859d?s=96&d=mm&r=g","caption":"Salvador Ki\u00e9br\u00e9"},"sameAs":["http:\/\/horebnews.net"],"url":"https:\/\/horebnews.net\/index.php\/author\/demsco82\/"}]}},"wpmagazine_modules_lite_featured_media_urls":{"thumbnail":["https:\/\/horebnews.net\/wp-content\/uploads\/2025\/09\/lecornu-150x150.webp",150,150,true],"cvmm-medium":["https:\/\/horebnews.net\/wp-content\/uploads\/2025\/09\/lecornu-300x266.webp",300,266,true],"cvmm-medium-plus":["https:\/\/horebnews.net\/wp-content\/uploads\/2025\/09\/lecornu-305x207.webp",305,207,true],"cvmm-portrait":["https:\/\/horebnews.net\/wp-content\/uploads\/2025\/09\/lecornu-400x266.webp",400,266,true],"cvmm-medium-square":["https:\/\/horebnews.net\/wp-content\/uploads\/2025\/09\/lecornu.webp",474,266,false],"cvmm-large":["https:\/\/horebnews.net\/wp-content\/uploads\/2025\/09\/lecornu.webp",474,266,false],"cvmm-small":["https:\/\/horebnews.net\/wp-content\/uploads\/2025\/09\/lecornu-130x95.webp",130,95,true],"full":["https:\/\/horebnews.net\/wp-content\/uploads\/2025\/09\/lecornu.webp",474,266,false]},"categories_names":{"5":{"name":"INTERNATIONAL","link":"https:\/\/horebnews.net\/index.php\/category\/international\/"}},"tags_names":[],"comments_number":"0","_links":{"self":[{"href":"https:\/\/horebnews.net\/index.php\/wp-json\/wp\/v2\/posts\/2574"}],"collection":[{"href":"https:\/\/horebnews.net\/index.php\/wp-json\/wp\/v2\/posts"}],"about":[{"href":"https:\/\/horebnews.net\/index.php\/wp-json\/wp\/v2\/types\/post"}],"author":[{"embeddable":true,"href":"https:\/\/horebnews.net\/index.php\/wp-json\/wp\/v2\/users\/1"}],"replies":[{"embeddable":true,"href":"https:\/\/horebnews.net\/index.php\/wp-json\/wp\/v2\/comments?post=2574"}],"version-history":[{"count":1,"href":"https:\/\/horebnews.net\/index.php\/wp-json\/wp\/v2\/posts\/2574\/revisions"}],"predecessor-version":[{"id":2576,"href":"https:\/\/horebnews.net\/index.php\/wp-json\/wp\/v2\/posts\/2574\/revisions\/2576"}],"wp:featuredmedia":[{"embeddable":true,"href":"https:\/\/horebnews.net\/index.php\/wp-json\/wp\/v2\/media\/2575"}],"wp:attachment":[{"href":"https:\/\/horebnews.net\/index.php\/wp-json\/wp\/v2\/media?parent=2574"}],"wp:term":[{"taxonomy":"category","embeddable":true,"href":"https:\/\/horebnews.net\/index.php\/wp-json\/wp\/v2\/categories?post=2574"},{"taxonomy":"post_tag","embeddable":true,"href":"https:\/\/horebnews.net\/index.php\/wp-json\/wp\/v2\/tags?post=2574"}],"curies":[{"name":"wp","href":"https:\/\/api.w.org\/{rel}","templated":true}]}}