{"id":2571,"date":"2025-09-17T17:51:59","date_gmt":"2025-09-17T15:51:59","guid":{"rendered":"https:\/\/horebnews.net\/?p=2571"},"modified":"2025-09-17T17:51:59","modified_gmt":"2025-09-17T15:51:59","slug":"france-le-premier-ministre-destitue-par-les-deputes","status":"publish","type":"post","link":"https:\/\/horebnews.net\/index.php\/international\/france-le-premier-ministre-destitue-par-les-deputes\/","title":{"rendered":"France : le premier ministre destitu\u00e9 par les d\u00e9put\u00e9s"},"content":{"rendered":"<p>L&rsquo;Assembl\u00e9e nationale fran\u00e7aise a renvers\u00e9 lundi 8 septembre 2025, Fran\u00e7ois Bayrou. Il a \u00e9t\u00e9 censur\u00e9 ce lundi \u00e0 364 voix contre face \u00e0 194 voix pour (macronistes, MoDem, Horizons et R\u00e9publicains)<\/p>\n<p>Fran\u00e7ois Bayrou, devient le Premier chef de gouvernement de la Ve R\u00e9publique \u00e0 \u00e9chouer sur un tel vote.<\/p>\n<p>Les regards sont d\u00e9sormais tourn\u00e9s vers Emmanuel Macron, oblig\u00e9 de trouver un nouveau Premier ministre s&rsquo;il veut \u00e9viter une nouvelle dissolution.<\/p>\n","protected":false},"excerpt":{"rendered":"<p>L&rsquo;Assembl\u00e9e nationale fran\u00e7aise a renvers\u00e9 lundi 8 septembre 2025, Fran\u00e7ois Bayrou. Il a \u00e9t\u00e9 censur\u00e9 ce lundi \u00e0 364 voix contre face \u00e0 194 voix pour (macronistes, MoDem, Horizons et R\u00e9publicains) Fran\u00e7ois Bayrou, devient le Premier chef de gouvernement de la Ve R\u00e9publique \u00e0 \u00e9chouer sur un tel vote. Les regards sont d\u00e9sormais tourn\u00e9s vers [&hellip;]<\/p>\n","protected":false},"author":1,"featured_media":2572,"comment_status":"open","ping_status":"open","sticky":false,"template":"","format":"standard","meta":{"footnotes":""},"categories":[5],"tags":[],"yoast_head":"<!-- This site is optimized with the Yoast SEO plugin v22.9 - https:\/\/yoast.com\/wordpress\/plugins\/seo\/ -->\n<title>France : le premier ministre destitu\u00e9 par les d\u00e9put\u00e9s - HOREBNEWS<\/title>\n<meta name=\"robots\" content=\"index, follow, max-snippet:-1, max-image-preview:large, max-video-preview:-1\" \/>\n<link rel=\"canonical\" href=\"https:\/\/horebnews.net\/index.php\/international\/france-le-premier-ministre-destitue-par-les-deputes\/\" \/>\n<meta property=\"og:locale\" content=\"fr_FR\" \/>\n<meta property=\"og:type\" content=\"article\" \/>\n<meta property=\"og:title\" content=\"France : le premier ministre destitu\u00e9 par les d\u00e9put\u00e9s - HOREBNEWS\" \/>\n<meta property=\"og:description\" content=\"L&rsquo;Assembl\u00e9e nationale fran\u00e7aise a renvers\u00e9 lundi 8 septembre 2025, Fran\u00e7ois Bayrou. Il a \u00e9t\u00e9 censur\u00e9 ce lundi \u00e0 364 voix contre face \u00e0 194 voix pour (macronistes, MoDem, Horizons et R\u00e9publicains) Fran\u00e7ois Bayrou, devient le Premier chef de gouvernement de la Ve R\u00e9publique \u00e0 \u00e9chouer sur un tel vote. Les regards sont d\u00e9sormais tourn\u00e9s vers [&hellip;]\" \/>\n<meta property=\"og:url\" content=\"https:\/\/horebnews.net\/index.php\/international\/france-le-premier-ministre-destitue-par-les-deputes\/\" \/>\n<meta property=\"og:site_name\" content=\"HOREBNEWS\" \/>\n<meta property=\"article:published_time\" content=\"2025-09-17T15:51:59+00:00\" \/>\n<meta property=\"og:image\" content=\"http:\/\/horebnews.net\/wp-content\/uploads\/2025\/09\/francois.webp\" \/>\n\t<meta property=\"og:image:width\" content=\"474\" \/>\n\t<meta property=\"og:image:height\" content=\"249\" \/>\n\t<meta property=\"og:image:type\" content=\"image\/webp\" \/>\n<meta name=\"author\" content=\"Salvador Ki\u00e9br\u00e9\" \/>\n<meta name=\"twitter:card\" content=\"summary_large_image\" \/>\n<meta name=\"twitter:label1\" content=\"\u00c9crit par\" \/>\n\t<meta name=\"twitter:data1\" content=\"Salvador Ki\u00e9br\u00e9\" \/>\n\t<meta name=\"twitter:label2\" content=\"Dur\u00e9e de lecture estim\u00e9e\" \/>\n\t<meta name=\"twitter:data2\" content=\"1 minute\" \/>\n<script type=\"application\/ld+json\" class=\"yoast-schema-graph\">{\"@context\":\"https:\/\/schema.org\",\"@graph\":[{\"@type\":\"Article\",\"@id\":\"https:\/\/horebnews.net\/index.php\/international\/france-le-premier-ministre-destitue-par-les-deputes\/#article\",\"isPartOf\":{\"@id\":\"https:\/\/horebnews.net\/index.php\/international\/france-le-premier-ministre-destitue-par-les-deputes\/\"},\"author\":{\"name\":\"Salvador Ki\u00e9br\u00e9\",\"@id\":\"https:\/\/horebnews.net\/#\/schema\/person\/6220ecfd92c7dd59560ac5df08114b42\"},\"headline\":\"France : le premier ministre destitu\u00e9 par les d\u00e9put\u00e9s\",\"datePublished\":\"2025-09-17T15:51:59+00:00\",\"dateModified\":\"2025-09-17T15:51:59+00:00\",\"mainEntityOfPage\":{\"@id\":\"https:\/\/horebnews.net\/index.php\/international\/france-le-premier-ministre-destitue-par-les-deputes\/\"},\"wordCount\":83,\"commentCount\":0,\"publisher\":{\"@id\":\"https:\/\/horebnews.net\/#organization\"},\"image\":{\"@id\":\"https:\/\/horebnews.net\/index.php\/international\/france-le-premier-ministre-destitue-par-les-deputes\/#primaryimage\"},\"thumbnailUrl\":\"https:\/\/horebnews.net\/wp-content\/uploads\/2025\/09\/francois.webp\",\"articleSection\":[\"INTERNATIONAL\"],\"inLanguage\":\"fr-FR\",\"potentialAction\":[{\"@type\":\"CommentAction\",\"name\":\"Comment\",\"target\":[\"https:\/\/horebnews.net\/index.php\/international\/france-le-premier-ministre-destitue-par-les-deputes\/#respond\"]}]},{\"@type\":\"WebPage\",\"@id\":\"https:\/\/horebnews.net\/index.php\/international\/france-le-premier-ministre-destitue-par-les-deputes\/\",\"url\":\"https:\/\/horebnews.net\/index.php\/international\/france-le-premier-ministre-destitue-par-les-deputes\/\",\"name\":\"France : le premier ministre destitu\u00e9 par les d\u00e9put\u00e9s - HOREBNEWS\",\"isPartOf\":{\"@id\":\"https:\/\/horebnews.net\/#website\"},\"primaryImageOfPage\":{\"@id\":\"https:\/\/horebnews.net\/index.php\/international\/france-le-premier-ministre-destitue-par-les-deputes\/#primaryimage\"},\"image\":{\"@id\":\"https:\/\/horebnews.net\/index.php\/international\/france-le-premier-ministre-destitue-par-les-deputes\/#primaryimage\"},\"thumbnailUrl\":\"https:\/\/horebnews.net\/wp-content\/uploads\/2025\/09\/francois.webp\",\"datePublished\":\"2025-09-17T15:51:59+00:00\",\"dateModified\":\"2025-09-17T15:51:59+00:00\",\"breadcrumb\":{\"@id\":\"https:\/\/horebnews.net\/index.php\/international\/france-le-premier-ministre-destitue-par-les-deputes\/#breadcrumb\"},\"inLanguage\":\"fr-FR\",\"potentialAction\":[{\"@type\":\"ReadAction\",\"target\":[\"https:\/\/horebnews.net\/index.php\/international\/france-le-premier-ministre-destitue-par-les-deputes\/\"]}]},{\"@type\":\"ImageObject\",\"inLanguage\":\"fr-FR\",\"@id\":\"https:\/\/horebnews.net\/index.php\/international\/france-le-premier-ministre-destitue-par-les-deputes\/#primaryimage\",\"url\":\"https:\/\/horebnews.net\/wp-content\/uploads\/2025\/09\/francois.webp\",\"contentUrl\":\"https:\/\/horebnews.net\/wp-content\/uploads\/2025\/09\/francois.webp\",\"width\":474,\"height\":249},{\"@type\":\"BreadcrumbList\",\"@id\":\"https:\/\/horebnews.net\/index.php\/international\/france-le-premier-ministre-destitue-par-les-deputes\/#breadcrumb\",\"itemListElement\":[{\"@type\":\"ListItem\",\"position\":1,\"name\":\"Accueil\",\"item\":\"https:\/\/horebnews.net\/\"},{\"@type\":\"ListItem\",\"position\":2,\"name\":\"INTERNATIONAL\",\"item\":\"https:\/\/horebnews.net\/index.php\/category\/international\/\"},{\"@type\":\"ListItem\",\"position\":3,\"name\":\"France : le premier ministre destitu\u00e9 par les d\u00e9put\u00e9s\"}]},{\"@type\":\"WebSite\",\"@id\":\"https:\/\/horebnews.net\/#website\",\"url\":\"https:\/\/horebnews.net\/\",\"name\":\"HOREBNEWS\",\"description\":\"La vraie info\",\"publisher\":{\"@id\":\"https:\/\/horebnews.net\/#organization\"},\"potentialAction\":[{\"@type\":\"SearchAction\",\"target\":{\"@type\":\"EntryPoint\",\"urlTemplate\":\"https:\/\/horebnews.net\/?s={search_term_string}\"},\"query-input\":\"required name=search_term_string\"}],\"inLanguage\":\"fr-FR\"},{\"@type\":\"Organization\",\"@id\":\"https:\/\/horebnews.net\/#organization\",\"name\":\"HOREBNEWS\",\"url\":\"https:\/\/horebnews.net\/\",\"logo\":{\"@type\":\"ImageObject\",\"inLanguage\":\"fr-FR\",\"@id\":\"https:\/\/horebnews.net\/#\/schema\/logo\/image\/\",\"url\":\"http:\/\/horebnews.net\/wp-content\/uploads\/2024\/06\/Image-collee-7.png\",\"contentUrl\":\"http:\/\/horebnews.net\/wp-content\/uploads\/2024\/06\/Image-collee-7.png\",\"width\":399,\"height\":113,\"caption\":\"HOREBNEWS\"},\"image\":{\"@id\":\"https:\/\/horebnews.net\/#\/schema\/logo\/image\/\"}},{\"@type\":\"Person\",\"@id\":\"https:\/\/horebnews.net\/#\/schema\/person\/6220ecfd92c7dd59560ac5df08114b42\",\"name\":\"Salvador Ki\u00e9br\u00e9\",\"image\":{\"@type\":\"ImageObject\",\"inLanguage\":\"fr-FR\",\"@id\":\"https:\/\/horebnews.net\/#\/schema\/person\/image\/\",\"url\":\"https:\/\/secure.gravatar.com\/avatar\/f6d33f9478484bca7302ed6ef6ad859d?s=96&d=mm&r=g\",\"contentUrl\":\"https:\/\/secure.gravatar.com\/avatar\/f6d33f9478484bca7302ed6ef6ad859d?s=96&d=mm&r=g\",\"caption\":\"Salvador Ki\u00e9br\u00e9\"},\"sameAs\":[\"http:\/\/horebnews.net\"],\"url\":\"https:\/\/horebnews.net\/index.php\/author\/demsco82\/\"}]}<\/script>\n<!-- \/ Yoast SEO plugin. -->","yoast_head_json":{"title":"France : le premier ministre destitu\u00e9 par les d\u00e9put\u00e9s - HOREBNEWS","robots":{"index":"index","follow":"follow","max-snippet":"max-snippet:-1","max-image-preview":"max-image-preview:large","max-video-preview":"max-video-preview:-1"},"canonical":"https:\/\/horebnews.net\/index.php\/international\/france-le-premier-ministre-destitue-par-les-deputes\/","og_locale":"fr_FR","og_type":"article","og_title":"France : le premier ministre destitu\u00e9 par les d\u00e9put\u00e9s - HOREBNEWS","og_description":"L&rsquo;Assembl\u00e9e nationale fran\u00e7aise a renvers\u00e9 lundi 8 septembre 2025, Fran\u00e7ois Bayrou. Il a \u00e9t\u00e9 censur\u00e9 ce lundi \u00e0 364 voix contre face \u00e0 194 voix pour (macronistes, MoDem, Horizons et R\u00e9publicains) Fran\u00e7ois Bayrou, devient le Premier chef de gouvernement de la Ve R\u00e9publique \u00e0 \u00e9chouer sur un tel vote. Les regards sont d\u00e9sormais tourn\u00e9s vers [&hellip;]","og_url":"https:\/\/horebnews.net\/index.php\/international\/france-le-premier-ministre-destitue-par-les-deputes\/","og_site_name":"HOREBNEWS","article_published_time":"2025-09-17T15:51:59+00:00","og_image":[{"width":474,"height":249,"url":"http:\/\/horebnews.net\/wp-content\/uploads\/2025\/09\/francois.webp","type":"image\/webp"}],"author":"Salvador Ki\u00e9br\u00e9","twitter_card":"summary_large_image","twitter_misc":{"\u00c9crit par":"Salvador Ki\u00e9br\u00e9","Dur\u00e9e de lecture estim\u00e9e":"1 minute"},"schema":{"@context":"https:\/\/schema.org","@graph":[{"@type":"Article","@id":"https:\/\/horebnews.net\/index.php\/international\/france-le-premier-ministre-destitue-par-les-deputes\/#article","isPartOf":{"@id":"https:\/\/horebnews.net\/index.php\/international\/france-le-premier-ministre-destitue-par-les-deputes\/"},"author":{"name":"Salvador Ki\u00e9br\u00e9","@id":"https:\/\/horebnews.net\/#\/schema\/person\/6220ecfd92c7dd59560ac5df08114b42"},"headline":"France : le premier ministre destitu\u00e9 par les d\u00e9put\u00e9s","datePublished":"2025-09-17T15:51:59+00:00","dateModified":"2025-09-17T15:51:59+00:00","mainEntityOfPage":{"@id":"https:\/\/horebnews.net\/index.php\/international\/france-le-premier-ministre-destitue-par-les-deputes\/"},"wordCount":83,"commentCount":0,"publisher":{"@id":"https:\/\/horebnews.net\/#organization"},"image":{"@id":"https:\/\/horebnews.net\/index.php\/international\/france-le-premier-ministre-destitue-par-les-deputes\/#primaryimage"},"thumbnailUrl":"https:\/\/horebnews.net\/wp-content\/uploads\/2025\/09\/francois.webp","articleSection":["INTERNATIONAL"],"inLanguage":"fr-FR","potentialAction":[{"@type":"CommentAction","name":"Comment","target":["https:\/\/horebnews.net\/index.php\/international\/france-le-premier-ministre-destitue-par-les-deputes\/#respond"]}]},{"@type":"WebPage","@id":"https:\/\/horebnews.net\/index.php\/international\/france-le-premier-ministre-destitue-par-les-deputes\/","url":"https:\/\/horebnews.net\/index.php\/international\/france-le-premier-ministre-destitue-par-les-deputes\/","name":"France : le premier ministre destitu\u00e9 par les d\u00e9put\u00e9s - HOREBNEWS","isPartOf":{"@id":"https:\/\/horebnews.net\/#website"},"primaryImageOfPage":{"@id":"https:\/\/horebnews.net\/index.php\/international\/france-le-premier-ministre-destitue-par-les-deputes\/#primaryimage"},"image":{"@id":"https:\/\/horebnews.net\/index.php\/international\/france-le-premier-ministre-destitue-par-les-deputes\/#primaryimage"},"thumbnailUrl":"https:\/\/horebnews.net\/wp-content\/uploads\/2025\/09\/francois.webp","datePublished":"2025-09-17T15:51:59+00:00","dateModified":"2025-09-17T15:51:59+00:00","breadcrumb":{"@id":"https:\/\/horebnews.net\/index.php\/international\/france-le-premier-ministre-destitue-par-les-deputes\/#breadcrumb"},"inLanguage":"fr-FR","potentialAction":[{"@type":"ReadAction","target":["https:\/\/horebnews.net\/index.php\/international\/france-le-premier-ministre-destitue-par-les-deputes\/"]}]},{"@type":"ImageObject","inLanguage":"fr-FR","@id":"https:\/\/horebnews.net\/index.php\/international\/france-le-premier-ministre-destitue-par-les-deputes\/#primaryimage","url":"https:\/\/horebnews.net\/wp-content\/uploads\/2025\/09\/francois.webp","contentUrl":"https:\/\/horebnews.net\/wp-content\/uploads\/2025\/09\/francois.webp","width":474,"height":249},{"@type":"BreadcrumbList","@id":"https:\/\/horebnews.net\/index.php\/international\/france-le-premier-ministre-destitue-par-les-deputes\/#breadcrumb","itemListElement":[{"@type":"ListItem","position":1,"name":"Accueil","item":"https:\/\/horebnews.net\/"},{"@type":"ListItem","position":2,"name":"INTERNATIONAL","item":"https:\/\/horebnews.net\/index.php\/category\/international\/"},{"@type":"ListItem","position":3,"name":"France : le premier ministre destitu\u00e9 par les d\u00e9put\u00e9s"}]},{"@type":"WebSite","@id":"https:\/\/horebnews.net\/#website","url":"https:\/\/horebnews.net\/","name":"HOREBNEWS","description":"La vraie info","publisher":{"@id":"https:\/\/horebnews.net\/#organization"},"potentialAction":[{"@type":"SearchAction","target":{"@type":"EntryPoint","urlTemplate":"https:\/\/horebnews.net\/?s={search_term_string}"},"query-input":"required name=search_term_string"}],"inLanguage":"fr-FR"},{"@type":"Organization","@id":"https:\/\/horebnews.net\/#organization","name":"HOREBNEWS","url":"https:\/\/horebnews.net\/","logo":{"@type":"ImageObject","inLanguage":"fr-FR","@id":"https:\/\/horebnews.net\/#\/schema\/logo\/image\/","url":"http:\/\/horebnews.net\/wp-content\/uploads\/2024\/06\/Image-collee-7.png","contentUrl":"http:\/\/horebnews.net\/wp-content\/uploads\/2024\/06\/Image-collee-7.png","width":399,"height":113,"caption":"HOREBNEWS"},"image":{"@id":"https:\/\/horebnews.net\/#\/schema\/logo\/image\/"}},{"@type":"Person","@id":"https:\/\/horebnews.net\/#\/schema\/person\/6220ecfd92c7dd59560ac5df08114b42","name":"Salvador Ki\u00e9br\u00e9","image":{"@type":"ImageObject","inLanguage":"fr-FR","@id":"https:\/\/horebnews.net\/#\/schema\/person\/image\/","url":"https:\/\/secure.gravatar.com\/avatar\/f6d33f9478484bca7302ed6ef6ad859d?s=96&d=mm&r=g","contentUrl":"https:\/\/secure.gravatar.com\/avatar\/f6d33f9478484bca7302ed6ef6ad859d?s=96&d=mm&r=g","caption":"Salvador Ki\u00e9br\u00e9"},"sameAs":["http:\/\/horebnews.net"],"url":"https:\/\/horebnews.net\/index.php\/author\/demsco82\/"}]}},"wpmagazine_modules_lite_featured_media_urls":{"thumbnail":["https:\/\/horebnews.net\/wp-content\/uploads\/2025\/09\/francois-150x150.webp",150,150,true],"cvmm-medium":["https:\/\/horebnews.net\/wp-content\/uploads\/2025\/09\/francois-300x249.webp",300,249,true],"cvmm-medium-plus":["https:\/\/horebnews.net\/wp-content\/uploads\/2025\/09\/francois-305x207.webp",305,207,true],"cvmm-portrait":["https:\/\/horebnews.net\/wp-content\/uploads\/2025\/09\/francois-400x249.webp",400,249,true],"cvmm-medium-square":["https:\/\/horebnews.net\/wp-content\/uploads\/2025\/09\/francois.webp",474,249,false],"cvmm-large":["https:\/\/horebnews.net\/wp-content\/uploads\/2025\/09\/francois.webp",474,249,false],"cvmm-small":["https:\/\/horebnews.net\/wp-content\/uploads\/2025\/09\/francois-130x95.webp",130,95,true],"full":["https:\/\/horebnews.net\/wp-content\/uploads\/2025\/09\/francois.webp",474,249,false]},"categories_names":{"5":{"name":"INTERNATIONAL","link":"https:\/\/horebnews.net\/index.php\/category\/international\/"}},"tags_names":[],"comments_number":"0","_links":{"self":[{"href":"https:\/\/horebnews.net\/index.php\/wp-json\/wp\/v2\/posts\/2571"}],"collection":[{"href":"https:\/\/horebnews.net\/index.php\/wp-json\/wp\/v2\/posts"}],"about":[{"href":"https:\/\/horebnews.net\/index.php\/wp-json\/wp\/v2\/types\/post"}],"author":[{"embeddable":true,"href":"https:\/\/horebnews.net\/index.php\/wp-json\/wp\/v2\/users\/1"}],"replies":[{"embeddable":true,"href":"https:\/\/horebnews.net\/index.php\/wp-json\/wp\/v2\/comments?post=2571"}],"version-history":[{"count":1,"href":"https:\/\/horebnews.net\/index.php\/wp-json\/wp\/v2\/posts\/2571\/revisions"}],"predecessor-version":[{"id":2573,"href":"https:\/\/horebnews.net\/index.php\/wp-json\/wp\/v2\/posts\/2571\/revisions\/2573"}],"wp:featuredmedia":[{"embeddable":true,"href":"https:\/\/horebnews.net\/index.php\/wp-json\/wp\/v2\/media\/2572"}],"wp:attachment":[{"href":"https:\/\/horebnews.net\/index.php\/wp-json\/wp\/v2\/media?parent=2571"}],"wp:term":[{"taxonomy":"category","embeddable":true,"href":"https:\/\/horebnews.net\/index.php\/wp-json\/wp\/v2\/categories?post=2571"},{"taxonomy":"post_tag","embeddable":true,"href":"https:\/\/horebnews.net\/index.php\/wp-json\/wp\/v2\/tags?post=2571"}],"curies":[{"name":"wp","href":"https:\/\/api.w.org\/{rel}","templated":true}]}}