{"id":2540,"date":"2025-09-06T20:37:08","date_gmt":"2025-09-06T18:37:08","guid":{"rendered":"https:\/\/horebnews.net\/?p=2540"},"modified":"2025-09-06T20:37:08","modified_gmt":"2025-09-06T18:37:08","slug":"la-rdc-enregistre-officiellement-sa-16e-epidemie-debola","status":"publish","type":"post","link":"https:\/\/horebnews.net\/index.php\/international\/la-rdc-enregistre-officiellement-sa-16e-epidemie-debola\/","title":{"rendered":"La RDC enregistre officiellement sa 16e \u00e9pid\u00e9mie d\u2019Ebola."},"content":{"rendered":"<p>Le gouvernement de la R\u00e9publique d\u00e9mocratique du Congo (RDC) a annonc\u00e9 ce jeudi 4 septembre une nouvelle \u00e9pid\u00e9mie de la maladie \u00e0 virus Ebola dans la province du Kasa\u00ef (centre), marquant la 16e \u00e9pid\u00e9mie enregistr\u00e9e dans le pays depuis 1976.<\/p>\n<p>Lors d&rsquo;une conf\u00e9rence de presse tenue dans la capitale Kinshasa, le ministre de la Sant\u00e9, Roger Kamba, a indiqu\u00e9 que la souche Za\u00efre du virus Ebola avait refait surface dans la zone de sant\u00e9 de Bulape de la province du Kasa\u00ef, avec 28 cas suspects et 15 d\u00e9c\u00e8s recens\u00e9s jusqu&rsquo;\u00e0 pr\u00e9sent.<\/p>\n","protected":false},"excerpt":{"rendered":"<p>Le gouvernement de la R\u00e9publique d\u00e9mocratique du Congo (RDC) a annonc\u00e9 ce jeudi 4 septembre une nouvelle \u00e9pid\u00e9mie de la maladie \u00e0 virus Ebola dans la province du Kasa\u00ef (centre), marquant la 16e \u00e9pid\u00e9mie enregistr\u00e9e dans le pays depuis 1976. Lors d&rsquo;une conf\u00e9rence de presse tenue dans la capitale Kinshasa, le ministre de la Sant\u00e9, [&hellip;]<\/p>\n","protected":false},"author":1,"featured_media":2541,"comment_status":"open","ping_status":"open","sticky":false,"template":"","format":"standard","meta":{"footnotes":""},"categories":[5],"tags":[],"yoast_head":"<!-- This site is optimized with the Yoast SEO plugin v22.9 - https:\/\/yoast.com\/wordpress\/plugins\/seo\/ -->\n<title>La RDC enregistre officiellement sa 16e \u00e9pid\u00e9mie d\u2019Ebola. - HOREBNEWS<\/title>\n<meta name=\"robots\" content=\"index, follow, max-snippet:-1, max-image-preview:large, max-video-preview:-1\" \/>\n<link rel=\"canonical\" href=\"https:\/\/horebnews.net\/index.php\/international\/la-rdc-enregistre-officiellement-sa-16e-epidemie-debola\/\" \/>\n<meta property=\"og:locale\" content=\"fr_FR\" \/>\n<meta property=\"og:type\" content=\"article\" \/>\n<meta property=\"og:title\" content=\"La RDC enregistre officiellement sa 16e \u00e9pid\u00e9mie d\u2019Ebola. - HOREBNEWS\" \/>\n<meta property=\"og:description\" content=\"Le gouvernement de la R\u00e9publique d\u00e9mocratique du Congo (RDC) a annonc\u00e9 ce jeudi 4 septembre une nouvelle \u00e9pid\u00e9mie de la maladie \u00e0 virus Ebola dans la province du Kasa\u00ef (centre), marquant la 16e \u00e9pid\u00e9mie enregistr\u00e9e dans le pays depuis 1976. Lors d&rsquo;une conf\u00e9rence de presse tenue dans la capitale Kinshasa, le ministre de la Sant\u00e9, [&hellip;]\" \/>\n<meta property=\"og:url\" content=\"https:\/\/horebnews.net\/index.php\/international\/la-rdc-enregistre-officiellement-sa-16e-epidemie-debola\/\" \/>\n<meta property=\"og:site_name\" content=\"HOREBNEWS\" \/>\n<meta property=\"article:published_time\" content=\"2025-09-06T18:37:08+00:00\" \/>\n<meta property=\"og:image\" content=\"http:\/\/horebnews.net\/wp-content\/uploads\/2025\/09\/image1170x530cropped-1-1.jpg\" \/>\n\t<meta property=\"og:image:width\" content=\"1024\" \/>\n\t<meta property=\"og:image:height\" content=\"460\" \/>\n\t<meta property=\"og:image:type\" content=\"image\/jpeg\" \/>\n<meta name=\"author\" content=\"Salvador Ki\u00e9br\u00e9\" \/>\n<meta name=\"twitter:card\" content=\"summary_large_image\" \/>\n<meta name=\"twitter:label1\" content=\"\u00c9crit par\" \/>\n\t<meta name=\"twitter:data1\" content=\"Salvador Ki\u00e9br\u00e9\" \/>\n\t<meta name=\"twitter:label2\" content=\"Dur\u00e9e de lecture estim\u00e9e\" \/>\n\t<meta name=\"twitter:data2\" content=\"1 minute\" \/>\n<script type=\"application\/ld+json\" class=\"yoast-schema-graph\">{\"@context\":\"https:\/\/schema.org\",\"@graph\":[{\"@type\":\"Article\",\"@id\":\"https:\/\/horebnews.net\/index.php\/international\/la-rdc-enregistre-officiellement-sa-16e-epidemie-debola\/#article\",\"isPartOf\":{\"@id\":\"https:\/\/horebnews.net\/index.php\/international\/la-rdc-enregistre-officiellement-sa-16e-epidemie-debola\/\"},\"author\":{\"name\":\"Salvador Ki\u00e9br\u00e9\",\"@id\":\"https:\/\/horebnews.net\/#\/schema\/person\/6220ecfd92c7dd59560ac5df08114b42\"},\"headline\":\"La RDC enregistre officiellement sa 16e \u00e9pid\u00e9mie d\u2019Ebola.\",\"datePublished\":\"2025-09-06T18:37:08+00:00\",\"dateModified\":\"2025-09-06T18:37:08+00:00\",\"mainEntityOfPage\":{\"@id\":\"https:\/\/horebnews.net\/index.php\/international\/la-rdc-enregistre-officiellement-sa-16e-epidemie-debola\/\"},\"wordCount\":108,\"commentCount\":0,\"publisher\":{\"@id\":\"https:\/\/horebnews.net\/#organization\"},\"image\":{\"@id\":\"https:\/\/horebnews.net\/index.php\/international\/la-rdc-enregistre-officiellement-sa-16e-epidemie-debola\/#primaryimage\"},\"thumbnailUrl\":\"https:\/\/horebnews.net\/wp-content\/uploads\/2025\/09\/image1170x530cropped-1-1.jpg\",\"articleSection\":[\"INTERNATIONAL\"],\"inLanguage\":\"fr-FR\",\"potentialAction\":[{\"@type\":\"CommentAction\",\"name\":\"Comment\",\"target\":[\"https:\/\/horebnews.net\/index.php\/international\/la-rdc-enregistre-officiellement-sa-16e-epidemie-debola\/#respond\"]}]},{\"@type\":\"WebPage\",\"@id\":\"https:\/\/horebnews.net\/index.php\/international\/la-rdc-enregistre-officiellement-sa-16e-epidemie-debola\/\",\"url\":\"https:\/\/horebnews.net\/index.php\/international\/la-rdc-enregistre-officiellement-sa-16e-epidemie-debola\/\",\"name\":\"La RDC enregistre officiellement sa 16e \u00e9pid\u00e9mie d\u2019Ebola. - HOREBNEWS\",\"isPartOf\":{\"@id\":\"https:\/\/horebnews.net\/#website\"},\"primaryImageOfPage\":{\"@id\":\"https:\/\/horebnews.net\/index.php\/international\/la-rdc-enregistre-officiellement-sa-16e-epidemie-debola\/#primaryimage\"},\"image\":{\"@id\":\"https:\/\/horebnews.net\/index.php\/international\/la-rdc-enregistre-officiellement-sa-16e-epidemie-debola\/#primaryimage\"},\"thumbnailUrl\":\"https:\/\/horebnews.net\/wp-content\/uploads\/2025\/09\/image1170x530cropped-1-1.jpg\",\"datePublished\":\"2025-09-06T18:37:08+00:00\",\"dateModified\":\"2025-09-06T18:37:08+00:00\",\"breadcrumb\":{\"@id\":\"https:\/\/horebnews.net\/index.php\/international\/la-rdc-enregistre-officiellement-sa-16e-epidemie-debola\/#breadcrumb\"},\"inLanguage\":\"fr-FR\",\"potentialAction\":[{\"@type\":\"ReadAction\",\"target\":[\"https:\/\/horebnews.net\/index.php\/international\/la-rdc-enregistre-officiellement-sa-16e-epidemie-debola\/\"]}]},{\"@type\":\"ImageObject\",\"inLanguage\":\"fr-FR\",\"@id\":\"https:\/\/horebnews.net\/index.php\/international\/la-rdc-enregistre-officiellement-sa-16e-epidemie-debola\/#primaryimage\",\"url\":\"https:\/\/horebnews.net\/wp-content\/uploads\/2025\/09\/image1170x530cropped-1-1.jpg\",\"contentUrl\":\"https:\/\/horebnews.net\/wp-content\/uploads\/2025\/09\/image1170x530cropped-1-1.jpg\",\"width\":1024,\"height\":460},{\"@type\":\"BreadcrumbList\",\"@id\":\"https:\/\/horebnews.net\/index.php\/international\/la-rdc-enregistre-officiellement-sa-16e-epidemie-debola\/#breadcrumb\",\"itemListElement\":[{\"@type\":\"ListItem\",\"position\":1,\"name\":\"Accueil\",\"item\":\"https:\/\/horebnews.net\/\"},{\"@type\":\"ListItem\",\"position\":2,\"name\":\"INTERNATIONAL\",\"item\":\"https:\/\/horebnews.net\/index.php\/category\/international\/\"},{\"@type\":\"ListItem\",\"position\":3,\"name\":\"La RDC enregistre officiellement sa 16e \u00e9pid\u00e9mie d\u2019Ebola.\"}]},{\"@type\":\"WebSite\",\"@id\":\"https:\/\/horebnews.net\/#website\",\"url\":\"https:\/\/horebnews.net\/\",\"name\":\"HOREBNEWS\",\"description\":\"La vraie info\",\"publisher\":{\"@id\":\"https:\/\/horebnews.net\/#organization\"},\"potentialAction\":[{\"@type\":\"SearchAction\",\"target\":{\"@type\":\"EntryPoint\",\"urlTemplate\":\"https:\/\/horebnews.net\/?s={search_term_string}\"},\"query-input\":\"required name=search_term_string\"}],\"inLanguage\":\"fr-FR\"},{\"@type\":\"Organization\",\"@id\":\"https:\/\/horebnews.net\/#organization\",\"name\":\"HOREBNEWS\",\"url\":\"https:\/\/horebnews.net\/\",\"logo\":{\"@type\":\"ImageObject\",\"inLanguage\":\"fr-FR\",\"@id\":\"https:\/\/horebnews.net\/#\/schema\/logo\/image\/\",\"url\":\"http:\/\/horebnews.net\/wp-content\/uploads\/2024\/06\/Image-collee-7.png\",\"contentUrl\":\"http:\/\/horebnews.net\/wp-content\/uploads\/2024\/06\/Image-collee-7.png\",\"width\":399,\"height\":113,\"caption\":\"HOREBNEWS\"},\"image\":{\"@id\":\"https:\/\/horebnews.net\/#\/schema\/logo\/image\/\"}},{\"@type\":\"Person\",\"@id\":\"https:\/\/horebnews.net\/#\/schema\/person\/6220ecfd92c7dd59560ac5df08114b42\",\"name\":\"Salvador Ki\u00e9br\u00e9\",\"image\":{\"@type\":\"ImageObject\",\"inLanguage\":\"fr-FR\",\"@id\":\"https:\/\/horebnews.net\/#\/schema\/person\/image\/\",\"url\":\"https:\/\/secure.gravatar.com\/avatar\/f6d33f9478484bca7302ed6ef6ad859d?s=96&d=mm&r=g\",\"contentUrl\":\"https:\/\/secure.gravatar.com\/avatar\/f6d33f9478484bca7302ed6ef6ad859d?s=96&d=mm&r=g\",\"caption\":\"Salvador Ki\u00e9br\u00e9\"},\"sameAs\":[\"http:\/\/horebnews.net\"],\"url\":\"https:\/\/horebnews.net\/index.php\/author\/demsco82\/\"}]}<\/script>\n<!-- \/ Yoast SEO plugin. -->","yoast_head_json":{"title":"La RDC enregistre officiellement sa 16e \u00e9pid\u00e9mie d\u2019Ebola. - HOREBNEWS","robots":{"index":"index","follow":"follow","max-snippet":"max-snippet:-1","max-image-preview":"max-image-preview:large","max-video-preview":"max-video-preview:-1"},"canonical":"https:\/\/horebnews.net\/index.php\/international\/la-rdc-enregistre-officiellement-sa-16e-epidemie-debola\/","og_locale":"fr_FR","og_type":"article","og_title":"La RDC enregistre officiellement sa 16e \u00e9pid\u00e9mie d\u2019Ebola. - HOREBNEWS","og_description":"Le gouvernement de la R\u00e9publique d\u00e9mocratique du Congo (RDC) a annonc\u00e9 ce jeudi 4 septembre une nouvelle \u00e9pid\u00e9mie de la maladie \u00e0 virus Ebola dans la province du Kasa\u00ef (centre), marquant la 16e \u00e9pid\u00e9mie enregistr\u00e9e dans le pays depuis 1976. Lors d&rsquo;une conf\u00e9rence de presse tenue dans la capitale Kinshasa, le ministre de la Sant\u00e9, [&hellip;]","og_url":"https:\/\/horebnews.net\/index.php\/international\/la-rdc-enregistre-officiellement-sa-16e-epidemie-debola\/","og_site_name":"HOREBNEWS","article_published_time":"2025-09-06T18:37:08+00:00","og_image":[{"width":1024,"height":460,"url":"http:\/\/horebnews.net\/wp-content\/uploads\/2025\/09\/image1170x530cropped-1-1.jpg","type":"image\/jpeg"}],"author":"Salvador Ki\u00e9br\u00e9","twitter_card":"summary_large_image","twitter_misc":{"\u00c9crit par":"Salvador Ki\u00e9br\u00e9","Dur\u00e9e de lecture estim\u00e9e":"1 minute"},"schema":{"@context":"https:\/\/schema.org","@graph":[{"@type":"Article","@id":"https:\/\/horebnews.net\/index.php\/international\/la-rdc-enregistre-officiellement-sa-16e-epidemie-debola\/#article","isPartOf":{"@id":"https:\/\/horebnews.net\/index.php\/international\/la-rdc-enregistre-officiellement-sa-16e-epidemie-debola\/"},"author":{"name":"Salvador Ki\u00e9br\u00e9","@id":"https:\/\/horebnews.net\/#\/schema\/person\/6220ecfd92c7dd59560ac5df08114b42"},"headline":"La RDC enregistre officiellement sa 16e \u00e9pid\u00e9mie d\u2019Ebola.","datePublished":"2025-09-06T18:37:08+00:00","dateModified":"2025-09-06T18:37:08+00:00","mainEntityOfPage":{"@id":"https:\/\/horebnews.net\/index.php\/international\/la-rdc-enregistre-officiellement-sa-16e-epidemie-debola\/"},"wordCount":108,"commentCount":0,"publisher":{"@id":"https:\/\/horebnews.net\/#organization"},"image":{"@id":"https:\/\/horebnews.net\/index.php\/international\/la-rdc-enregistre-officiellement-sa-16e-epidemie-debola\/#primaryimage"},"thumbnailUrl":"https:\/\/horebnews.net\/wp-content\/uploads\/2025\/09\/image1170x530cropped-1-1.jpg","articleSection":["INTERNATIONAL"],"inLanguage":"fr-FR","potentialAction":[{"@type":"CommentAction","name":"Comment","target":["https:\/\/horebnews.net\/index.php\/international\/la-rdc-enregistre-officiellement-sa-16e-epidemie-debola\/#respond"]}]},{"@type":"WebPage","@id":"https:\/\/horebnews.net\/index.php\/international\/la-rdc-enregistre-officiellement-sa-16e-epidemie-debola\/","url":"https:\/\/horebnews.net\/index.php\/international\/la-rdc-enregistre-officiellement-sa-16e-epidemie-debola\/","name":"La RDC enregistre officiellement sa 16e \u00e9pid\u00e9mie d\u2019Ebola. - HOREBNEWS","isPartOf":{"@id":"https:\/\/horebnews.net\/#website"},"primaryImageOfPage":{"@id":"https:\/\/horebnews.net\/index.php\/international\/la-rdc-enregistre-officiellement-sa-16e-epidemie-debola\/#primaryimage"},"image":{"@id":"https:\/\/horebnews.net\/index.php\/international\/la-rdc-enregistre-officiellement-sa-16e-epidemie-debola\/#primaryimage"},"thumbnailUrl":"https:\/\/horebnews.net\/wp-content\/uploads\/2025\/09\/image1170x530cropped-1-1.jpg","datePublished":"2025-09-06T18:37:08+00:00","dateModified":"2025-09-06T18:37:08+00:00","breadcrumb":{"@id":"https:\/\/horebnews.net\/index.php\/international\/la-rdc-enregistre-officiellement-sa-16e-epidemie-debola\/#breadcrumb"},"inLanguage":"fr-FR","potentialAction":[{"@type":"ReadAction","target":["https:\/\/horebnews.net\/index.php\/international\/la-rdc-enregistre-officiellement-sa-16e-epidemie-debola\/"]}]},{"@type":"ImageObject","inLanguage":"fr-FR","@id":"https:\/\/horebnews.net\/index.php\/international\/la-rdc-enregistre-officiellement-sa-16e-epidemie-debola\/#primaryimage","url":"https:\/\/horebnews.net\/wp-content\/uploads\/2025\/09\/image1170x530cropped-1-1.jpg","contentUrl":"https:\/\/horebnews.net\/wp-content\/uploads\/2025\/09\/image1170x530cropped-1-1.jpg","width":1024,"height":460},{"@type":"BreadcrumbList","@id":"https:\/\/horebnews.net\/index.php\/international\/la-rdc-enregistre-officiellement-sa-16e-epidemie-debola\/#breadcrumb","itemListElement":[{"@type":"ListItem","position":1,"name":"Accueil","item":"https:\/\/horebnews.net\/"},{"@type":"ListItem","position":2,"name":"INTERNATIONAL","item":"https:\/\/horebnews.net\/index.php\/category\/international\/"},{"@type":"ListItem","position":3,"name":"La RDC enregistre officiellement sa 16e \u00e9pid\u00e9mie d\u2019Ebola."}]},{"@type":"WebSite","@id":"https:\/\/horebnews.net\/#website","url":"https:\/\/horebnews.net\/","name":"HOREBNEWS","description":"La vraie info","publisher":{"@id":"https:\/\/horebnews.net\/#organization"},"potentialAction":[{"@type":"SearchAction","target":{"@type":"EntryPoint","urlTemplate":"https:\/\/horebnews.net\/?s={search_term_string}"},"query-input":"required name=search_term_string"}],"inLanguage":"fr-FR"},{"@type":"Organization","@id":"https:\/\/horebnews.net\/#organization","name":"HOREBNEWS","url":"https:\/\/horebnews.net\/","logo":{"@type":"ImageObject","inLanguage":"fr-FR","@id":"https:\/\/horebnews.net\/#\/schema\/logo\/image\/","url":"http:\/\/horebnews.net\/wp-content\/uploads\/2024\/06\/Image-collee-7.png","contentUrl":"http:\/\/horebnews.net\/wp-content\/uploads\/2024\/06\/Image-collee-7.png","width":399,"height":113,"caption":"HOREBNEWS"},"image":{"@id":"https:\/\/horebnews.net\/#\/schema\/logo\/image\/"}},{"@type":"Person","@id":"https:\/\/horebnews.net\/#\/schema\/person\/6220ecfd92c7dd59560ac5df08114b42","name":"Salvador Ki\u00e9br\u00e9","image":{"@type":"ImageObject","inLanguage":"fr-FR","@id":"https:\/\/horebnews.net\/#\/schema\/person\/image\/","url":"https:\/\/secure.gravatar.com\/avatar\/f6d33f9478484bca7302ed6ef6ad859d?s=96&d=mm&r=g","contentUrl":"https:\/\/secure.gravatar.com\/avatar\/f6d33f9478484bca7302ed6ef6ad859d?s=96&d=mm&r=g","caption":"Salvador Ki\u00e9br\u00e9"},"sameAs":["http:\/\/horebnews.net"],"url":"https:\/\/horebnews.net\/index.php\/author\/demsco82\/"}]}},"wpmagazine_modules_lite_featured_media_urls":{"thumbnail":["https:\/\/horebnews.net\/wp-content\/uploads\/2025\/09\/image1170x530cropped-1-1-150x150.jpg",150,150,true],"cvmm-medium":["https:\/\/horebnews.net\/wp-content\/uploads\/2025\/09\/image1170x530cropped-1-1-300x300.jpg",300,300,true],"cvmm-medium-plus":["https:\/\/horebnews.net\/wp-content\/uploads\/2025\/09\/image1170x530cropped-1-1-305x207.jpg",305,207,true],"cvmm-portrait":["https:\/\/horebnews.net\/wp-content\/uploads\/2025\/09\/image1170x530cropped-1-1-400x460.jpg",400,460,true],"cvmm-medium-square":["https:\/\/horebnews.net\/wp-content\/uploads\/2025\/09\/image1170x530cropped-1-1-600x460.jpg",600,460,true],"cvmm-large":["https:\/\/horebnews.net\/wp-content\/uploads\/2025\/09\/image1170x530cropped-1-1.jpg",1024,460,false],"cvmm-small":["https:\/\/horebnews.net\/wp-content\/uploads\/2025\/09\/image1170x530cropped-1-1-130x95.jpg",130,95,true],"full":["https:\/\/horebnews.net\/wp-content\/uploads\/2025\/09\/image1170x530cropped-1-1.jpg",1024,460,false]},"categories_names":{"5":{"name":"INTERNATIONAL","link":"https:\/\/horebnews.net\/index.php\/category\/international\/"}},"tags_names":[],"comments_number":"0","_links":{"self":[{"href":"https:\/\/horebnews.net\/index.php\/wp-json\/wp\/v2\/posts\/2540"}],"collection":[{"href":"https:\/\/horebnews.net\/index.php\/wp-json\/wp\/v2\/posts"}],"about":[{"href":"https:\/\/horebnews.net\/index.php\/wp-json\/wp\/v2\/types\/post"}],"author":[{"embeddable":true,"href":"https:\/\/horebnews.net\/index.php\/wp-json\/wp\/v2\/users\/1"}],"replies":[{"embeddable":true,"href":"https:\/\/horebnews.net\/index.php\/wp-json\/wp\/v2\/comments?post=2540"}],"version-history":[{"count":1,"href":"https:\/\/horebnews.net\/index.php\/wp-json\/wp\/v2\/posts\/2540\/revisions"}],"predecessor-version":[{"id":2542,"href":"https:\/\/horebnews.net\/index.php\/wp-json\/wp\/v2\/posts\/2540\/revisions\/2542"}],"wp:featuredmedia":[{"embeddable":true,"href":"https:\/\/horebnews.net\/index.php\/wp-json\/wp\/v2\/media\/2541"}],"wp:attachment":[{"href":"https:\/\/horebnews.net\/index.php\/wp-json\/wp\/v2\/media?parent=2540"}],"wp:term":[{"taxonomy":"category","embeddable":true,"href":"https:\/\/horebnews.net\/index.php\/wp-json\/wp\/v2\/categories?post=2540"},{"taxonomy":"post_tag","embeddable":true,"href":"https:\/\/horebnews.net\/index.php\/wp-json\/wp\/v2\/tags?post=2540"}],"curies":[{"name":"wp","href":"https:\/\/api.w.org\/{rel}","templated":true}]}}