{"id":2531,"date":"2025-09-06T17:50:41","date_gmt":"2025-09-06T15:50:41","guid":{"rendered":"https:\/\/horebnews.net\/?p=2531"},"modified":"2025-09-06T17:50:41","modified_gmt":"2025-09-06T15:50:41","slug":"epidemie-de-cholera-au-tchad-plus-de-110-deces-enregistres-dans-la-region-est","status":"publish","type":"post","link":"https:\/\/horebnews.net\/index.php\/international\/epidemie-de-cholera-au-tchad-plus-de-110-deces-enregistres-dans-la-region-est\/","title":{"rendered":"\u00c9pid\u00e9mie de chol\u00e9ra au Tchad : plus de 110 d\u00e9c\u00e8s enregistr\u00e9s dans la r\u00e9gion Est."},"content":{"rendered":"<p>Ce vendredi 5 septembre Cent trois d\u00e9c\u00e8s ont \u00e9t\u00e9 enregistr\u00e9s dans sept districts sanitaires r\u00e9partis \u00e0 travers les provinces du Ouadda\u00ef et du Sila, dans l&rsquo;est du Tchad, \u00e0-on inform\u00e9 aupr\u00e8s du minist\u00e8re tchadien de la Sant\u00e9 publique et de la Pr\u00e9vention.<br \/>\nCes chiffres ont \u00e9t\u00e9 communiqu\u00e9s lors d&rsquo;une rencontre de coordination pour la riposte \u00e0 l&rsquo;\u00e9pid\u00e9mie de chol\u00e9ra, dirig\u00e9e par le ministre de la Sant\u00e9 publique et de la Pr\u00e9vention, Abdelmadjid Abderahim, \u00e0 N&rsquo;Djamena, la capitale du Tchad.<br \/>\nLe coordonnateur du centre d&rsquo;op\u00e9rations d&rsquo;urgence en sant\u00e9 publique, Dissia Fitouin, a pr\u00e9cis\u00e9 que depuis le d\u00e9but de l&rsquo;\u00e9pid\u00e9mie \u00e0 la mi-juillet, 1.631 cas suspects ont \u00e9t\u00e9 enregistr\u00e9s, dont 113 d\u00e9c\u00e8s, parmi lesquels 51 sont survenus en communaut\u00e9.<\/p>\n<p><img fetchpriority=\"high\" decoding=\"async\" class=\"alignnone size-medium wp-image-2533\" src=\"http:\/\/horebnews.net\/wp-content\/uploads\/2025\/09\/113617-vna_potal_hon_3000_ca_tu_vong_do_dich_ta_tai_mien_dong_va_nam_chau_phi_trong_nua_thang_dau_nam_2024_7183446-300x200.jpg\" alt=\"\" width=\"300\" height=\"200\" srcset=\"https:\/\/horebnews.net\/wp-content\/uploads\/2025\/09\/113617-vna_potal_hon_3000_ca_tu_vong_do_dich_ta_tai_mien_dong_va_nam_chau_phi_trong_nua_thang_dau_nam_2024_7183446-300x200.jpg 300w, https:\/\/horebnews.net\/wp-content\/uploads\/2025\/09\/113617-vna_potal_hon_3000_ca_tu_vong_do_dich_ta_tai_mien_dong_va_nam_chau_phi_trong_nua_thang_dau_nam_2024_7183446-768x512.jpg 768w, https:\/\/horebnews.net\/wp-content\/uploads\/2025\/09\/113617-vna_potal_hon_3000_ca_tu_vong_do_dich_ta_tai_mien_dong_va_nam_chau_phi_trong_nua_thang_dau_nam_2024_7183446.jpg 1024w\" sizes=\"(max-width: 300px) 100vw, 300px\" \/> Pour contenir cette \u00e9pid\u00e9mie, le minist\u00e8re a indiqu\u00e9 avoir re\u00e7u 1.120.295 doses de vaccins, d\u00e9j\u00e0 d\u00e9ploy\u00e9es dans l&rsquo;est du pays, o\u00f9 la vaccination se poursuit. L&rsquo;antenne tchadienne du Fonds des Nations Unies pour l&rsquo;enfance (UNICEF) a par ailleurs annonc\u00e9 que 740.000 doses suppl\u00e9mentaires \u00e9taient disponibles et seraient achemin\u00e9es vers le Tchad.<\/p>\n","protected":false},"excerpt":{"rendered":"<p>Ce vendredi 5 septembre Cent trois d\u00e9c\u00e8s ont \u00e9t\u00e9 enregistr\u00e9s dans sept districts sanitaires r\u00e9partis \u00e0 travers les provinces du Ouadda\u00ef et du Sila, dans l&rsquo;est du Tchad, \u00e0-on inform\u00e9 aupr\u00e8s du minist\u00e8re tchadien de la Sant\u00e9 publique et de la Pr\u00e9vention. Ces chiffres ont \u00e9t\u00e9 communiqu\u00e9s lors d&rsquo;une rencontre de coordination pour la riposte [&hellip;]<\/p>\n","protected":false},"author":1,"featured_media":2532,"comment_status":"open","ping_status":"open","sticky":false,"template":"","format":"standard","meta":{"footnotes":""},"categories":[5],"tags":[],"yoast_head":"<!-- This site is optimized with the Yoast SEO plugin v22.9 - https:\/\/yoast.com\/wordpress\/plugins\/seo\/ -->\n<title>\u00c9pid\u00e9mie de chol\u00e9ra au Tchad : plus de 110 d\u00e9c\u00e8s enregistr\u00e9s dans la r\u00e9gion Est. - HOREBNEWS<\/title>\n<meta name=\"robots\" content=\"index, follow, max-snippet:-1, max-image-preview:large, max-video-preview:-1\" \/>\n<link rel=\"canonical\" href=\"https:\/\/horebnews.net\/index.php\/international\/epidemie-de-cholera-au-tchad-plus-de-110-deces-enregistres-dans-la-region-est\/\" \/>\n<meta property=\"og:locale\" content=\"fr_FR\" \/>\n<meta property=\"og:type\" content=\"article\" \/>\n<meta property=\"og:title\" content=\"\u00c9pid\u00e9mie de chol\u00e9ra au Tchad : plus de 110 d\u00e9c\u00e8s enregistr\u00e9s dans la r\u00e9gion Est. - HOREBNEWS\" \/>\n<meta property=\"og:description\" content=\"Ce vendredi 5 septembre Cent trois d\u00e9c\u00e8s ont \u00e9t\u00e9 enregistr\u00e9s dans sept districts sanitaires r\u00e9partis \u00e0 travers les provinces du Ouadda\u00ef et du Sila, dans l&rsquo;est du Tchad, \u00e0-on inform\u00e9 aupr\u00e8s du minist\u00e8re tchadien de la Sant\u00e9 publique et de la Pr\u00e9vention. Ces chiffres ont \u00e9t\u00e9 communiqu\u00e9s lors d&rsquo;une rencontre de coordination pour la riposte [&hellip;]\" \/>\n<meta property=\"og:url\" content=\"https:\/\/horebnews.net\/index.php\/international\/epidemie-de-cholera-au-tchad-plus-de-110-deces-enregistres-dans-la-region-est\/\" \/>\n<meta property=\"og:site_name\" content=\"HOREBNEWS\" \/>\n<meta property=\"article:published_time\" content=\"2025-09-06T15:50:41+00:00\" \/>\n<meta property=\"og:image\" content=\"http:\/\/horebnews.net\/wp-content\/uploads\/2025\/09\/cholera.jpg\" \/>\n\t<meta property=\"og:image:width\" content=\"690\" \/>\n\t<meta property=\"og:image:height\" content=\"376\" \/>\n\t<meta property=\"og:image:type\" content=\"image\/jpeg\" \/>\n<meta name=\"author\" content=\"Salvador Ki\u00e9br\u00e9\" \/>\n<meta name=\"twitter:card\" content=\"summary_large_image\" \/>\n<meta name=\"twitter:label1\" content=\"\u00c9crit par\" \/>\n\t<meta name=\"twitter:data1\" content=\"Salvador Ki\u00e9br\u00e9\" \/>\n\t<meta name=\"twitter:label2\" content=\"Dur\u00e9e de lecture estim\u00e9e\" \/>\n\t<meta name=\"twitter:data2\" content=\"2 minutes\" \/>\n<script type=\"application\/ld+json\" class=\"yoast-schema-graph\">{\"@context\":\"https:\/\/schema.org\",\"@graph\":[{\"@type\":\"Article\",\"@id\":\"https:\/\/horebnews.net\/index.php\/international\/epidemie-de-cholera-au-tchad-plus-de-110-deces-enregistres-dans-la-region-est\/#article\",\"isPartOf\":{\"@id\":\"https:\/\/horebnews.net\/index.php\/international\/epidemie-de-cholera-au-tchad-plus-de-110-deces-enregistres-dans-la-region-est\/\"},\"author\":{\"name\":\"Salvador Ki\u00e9br\u00e9\",\"@id\":\"https:\/\/horebnews.net\/#\/schema\/person\/6220ecfd92c7dd59560ac5df08114b42\"},\"headline\":\"\u00c9pid\u00e9mie de chol\u00e9ra au Tchad : plus de 110 d\u00e9c\u00e8s enregistr\u00e9s dans la r\u00e9gion Est.\",\"datePublished\":\"2025-09-06T15:50:41+00:00\",\"dateModified\":\"2025-09-06T15:50:41+00:00\",\"mainEntityOfPage\":{\"@id\":\"https:\/\/horebnews.net\/index.php\/international\/epidemie-de-cholera-au-tchad-plus-de-110-deces-enregistres-dans-la-region-est\/\"},\"wordCount\":214,\"commentCount\":0,\"publisher\":{\"@id\":\"https:\/\/horebnews.net\/#organization\"},\"image\":{\"@id\":\"https:\/\/horebnews.net\/index.php\/international\/epidemie-de-cholera-au-tchad-plus-de-110-deces-enregistres-dans-la-region-est\/#primaryimage\"},\"thumbnailUrl\":\"https:\/\/horebnews.net\/wp-content\/uploads\/2025\/09\/cholera.jpg\",\"articleSection\":[\"INTERNATIONAL\"],\"inLanguage\":\"fr-FR\",\"potentialAction\":[{\"@type\":\"CommentAction\",\"name\":\"Comment\",\"target\":[\"https:\/\/horebnews.net\/index.php\/international\/epidemie-de-cholera-au-tchad-plus-de-110-deces-enregistres-dans-la-region-est\/#respond\"]}]},{\"@type\":\"WebPage\",\"@id\":\"https:\/\/horebnews.net\/index.php\/international\/epidemie-de-cholera-au-tchad-plus-de-110-deces-enregistres-dans-la-region-est\/\",\"url\":\"https:\/\/horebnews.net\/index.php\/international\/epidemie-de-cholera-au-tchad-plus-de-110-deces-enregistres-dans-la-region-est\/\",\"name\":\"\u00c9pid\u00e9mie de chol\u00e9ra au Tchad : plus de 110 d\u00e9c\u00e8s enregistr\u00e9s dans la r\u00e9gion Est. - HOREBNEWS\",\"isPartOf\":{\"@id\":\"https:\/\/horebnews.net\/#website\"},\"primaryImageOfPage\":{\"@id\":\"https:\/\/horebnews.net\/index.php\/international\/epidemie-de-cholera-au-tchad-plus-de-110-deces-enregistres-dans-la-region-est\/#primaryimage\"},\"image\":{\"@id\":\"https:\/\/horebnews.net\/index.php\/international\/epidemie-de-cholera-au-tchad-plus-de-110-deces-enregistres-dans-la-region-est\/#primaryimage\"},\"thumbnailUrl\":\"https:\/\/horebnews.net\/wp-content\/uploads\/2025\/09\/cholera.jpg\",\"datePublished\":\"2025-09-06T15:50:41+00:00\",\"dateModified\":\"2025-09-06T15:50:41+00:00\",\"breadcrumb\":{\"@id\":\"https:\/\/horebnews.net\/index.php\/international\/epidemie-de-cholera-au-tchad-plus-de-110-deces-enregistres-dans-la-region-est\/#breadcrumb\"},\"inLanguage\":\"fr-FR\",\"potentialAction\":[{\"@type\":\"ReadAction\",\"target\":[\"https:\/\/horebnews.net\/index.php\/international\/epidemie-de-cholera-au-tchad-plus-de-110-deces-enregistres-dans-la-region-est\/\"]}]},{\"@type\":\"ImageObject\",\"inLanguage\":\"fr-FR\",\"@id\":\"https:\/\/horebnews.net\/index.php\/international\/epidemie-de-cholera-au-tchad-plus-de-110-deces-enregistres-dans-la-region-est\/#primaryimage\",\"url\":\"https:\/\/horebnews.net\/wp-content\/uploads\/2025\/09\/cholera.jpg\",\"contentUrl\":\"https:\/\/horebnews.net\/wp-content\/uploads\/2025\/09\/cholera.jpg\",\"width\":690,\"height\":376},{\"@type\":\"BreadcrumbList\",\"@id\":\"https:\/\/horebnews.net\/index.php\/international\/epidemie-de-cholera-au-tchad-plus-de-110-deces-enregistres-dans-la-region-est\/#breadcrumb\",\"itemListElement\":[{\"@type\":\"ListItem\",\"position\":1,\"name\":\"Accueil\",\"item\":\"https:\/\/horebnews.net\/\"},{\"@type\":\"ListItem\",\"position\":2,\"name\":\"INTERNATIONAL\",\"item\":\"https:\/\/horebnews.net\/index.php\/category\/international\/\"},{\"@type\":\"ListItem\",\"position\":3,\"name\":\"\u00c9pid\u00e9mie de chol\u00e9ra au Tchad : plus de 110 d\u00e9c\u00e8s enregistr\u00e9s dans la r\u00e9gion Est.\"}]},{\"@type\":\"WebSite\",\"@id\":\"https:\/\/horebnews.net\/#website\",\"url\":\"https:\/\/horebnews.net\/\",\"name\":\"HOREBNEWS\",\"description\":\"La vraie info\",\"publisher\":{\"@id\":\"https:\/\/horebnews.net\/#organization\"},\"potentialAction\":[{\"@type\":\"SearchAction\",\"target\":{\"@type\":\"EntryPoint\",\"urlTemplate\":\"https:\/\/horebnews.net\/?s={search_term_string}\"},\"query-input\":\"required name=search_term_string\"}],\"inLanguage\":\"fr-FR\"},{\"@type\":\"Organization\",\"@id\":\"https:\/\/horebnews.net\/#organization\",\"name\":\"HOREBNEWS\",\"url\":\"https:\/\/horebnews.net\/\",\"logo\":{\"@type\":\"ImageObject\",\"inLanguage\":\"fr-FR\",\"@id\":\"https:\/\/horebnews.net\/#\/schema\/logo\/image\/\",\"url\":\"http:\/\/horebnews.net\/wp-content\/uploads\/2024\/06\/Image-collee-7.png\",\"contentUrl\":\"http:\/\/horebnews.net\/wp-content\/uploads\/2024\/06\/Image-collee-7.png\",\"width\":399,\"height\":113,\"caption\":\"HOREBNEWS\"},\"image\":{\"@id\":\"https:\/\/horebnews.net\/#\/schema\/logo\/image\/\"}},{\"@type\":\"Person\",\"@id\":\"https:\/\/horebnews.net\/#\/schema\/person\/6220ecfd92c7dd59560ac5df08114b42\",\"name\":\"Salvador Ki\u00e9br\u00e9\",\"image\":{\"@type\":\"ImageObject\",\"inLanguage\":\"fr-FR\",\"@id\":\"https:\/\/horebnews.net\/#\/schema\/person\/image\/\",\"url\":\"https:\/\/secure.gravatar.com\/avatar\/f6d33f9478484bca7302ed6ef6ad859d?s=96&d=mm&r=g\",\"contentUrl\":\"https:\/\/secure.gravatar.com\/avatar\/f6d33f9478484bca7302ed6ef6ad859d?s=96&d=mm&r=g\",\"caption\":\"Salvador Ki\u00e9br\u00e9\"},\"sameAs\":[\"http:\/\/horebnews.net\"],\"url\":\"https:\/\/horebnews.net\/index.php\/author\/demsco82\/\"}]}<\/script>\n<!-- \/ Yoast SEO plugin. -->","yoast_head_json":{"title":"\u00c9pid\u00e9mie de chol\u00e9ra au Tchad : plus de 110 d\u00e9c\u00e8s enregistr\u00e9s dans la r\u00e9gion Est. - HOREBNEWS","robots":{"index":"index","follow":"follow","max-snippet":"max-snippet:-1","max-image-preview":"max-image-preview:large","max-video-preview":"max-video-preview:-1"},"canonical":"https:\/\/horebnews.net\/index.php\/international\/epidemie-de-cholera-au-tchad-plus-de-110-deces-enregistres-dans-la-region-est\/","og_locale":"fr_FR","og_type":"article","og_title":"\u00c9pid\u00e9mie de chol\u00e9ra au Tchad : plus de 110 d\u00e9c\u00e8s enregistr\u00e9s dans la r\u00e9gion Est. - HOREBNEWS","og_description":"Ce vendredi 5 septembre Cent trois d\u00e9c\u00e8s ont \u00e9t\u00e9 enregistr\u00e9s dans sept districts sanitaires r\u00e9partis \u00e0 travers les provinces du Ouadda\u00ef et du Sila, dans l&rsquo;est du Tchad, \u00e0-on inform\u00e9 aupr\u00e8s du minist\u00e8re tchadien de la Sant\u00e9 publique et de la Pr\u00e9vention. Ces chiffres ont \u00e9t\u00e9 communiqu\u00e9s lors d&rsquo;une rencontre de coordination pour la riposte [&hellip;]","og_url":"https:\/\/horebnews.net\/index.php\/international\/epidemie-de-cholera-au-tchad-plus-de-110-deces-enregistres-dans-la-region-est\/","og_site_name":"HOREBNEWS","article_published_time":"2025-09-06T15:50:41+00:00","og_image":[{"width":690,"height":376,"url":"http:\/\/horebnews.net\/wp-content\/uploads\/2025\/09\/cholera.jpg","type":"image\/jpeg"}],"author":"Salvador Ki\u00e9br\u00e9","twitter_card":"summary_large_image","twitter_misc":{"\u00c9crit par":"Salvador Ki\u00e9br\u00e9","Dur\u00e9e de lecture estim\u00e9e":"2 minutes"},"schema":{"@context":"https:\/\/schema.org","@graph":[{"@type":"Article","@id":"https:\/\/horebnews.net\/index.php\/international\/epidemie-de-cholera-au-tchad-plus-de-110-deces-enregistres-dans-la-region-est\/#article","isPartOf":{"@id":"https:\/\/horebnews.net\/index.php\/international\/epidemie-de-cholera-au-tchad-plus-de-110-deces-enregistres-dans-la-region-est\/"},"author":{"name":"Salvador Ki\u00e9br\u00e9","@id":"https:\/\/horebnews.net\/#\/schema\/person\/6220ecfd92c7dd59560ac5df08114b42"},"headline":"\u00c9pid\u00e9mie de chol\u00e9ra au Tchad : plus de 110 d\u00e9c\u00e8s enregistr\u00e9s dans la r\u00e9gion Est.","datePublished":"2025-09-06T15:50:41+00:00","dateModified":"2025-09-06T15:50:41+00:00","mainEntityOfPage":{"@id":"https:\/\/horebnews.net\/index.php\/international\/epidemie-de-cholera-au-tchad-plus-de-110-deces-enregistres-dans-la-region-est\/"},"wordCount":214,"commentCount":0,"publisher":{"@id":"https:\/\/horebnews.net\/#organization"},"image":{"@id":"https:\/\/horebnews.net\/index.php\/international\/epidemie-de-cholera-au-tchad-plus-de-110-deces-enregistres-dans-la-region-est\/#primaryimage"},"thumbnailUrl":"https:\/\/horebnews.net\/wp-content\/uploads\/2025\/09\/cholera.jpg","articleSection":["INTERNATIONAL"],"inLanguage":"fr-FR","potentialAction":[{"@type":"CommentAction","name":"Comment","target":["https:\/\/horebnews.net\/index.php\/international\/epidemie-de-cholera-au-tchad-plus-de-110-deces-enregistres-dans-la-region-est\/#respond"]}]},{"@type":"WebPage","@id":"https:\/\/horebnews.net\/index.php\/international\/epidemie-de-cholera-au-tchad-plus-de-110-deces-enregistres-dans-la-region-est\/","url":"https:\/\/horebnews.net\/index.php\/international\/epidemie-de-cholera-au-tchad-plus-de-110-deces-enregistres-dans-la-region-est\/","name":"\u00c9pid\u00e9mie de chol\u00e9ra au Tchad : plus de 110 d\u00e9c\u00e8s enregistr\u00e9s dans la r\u00e9gion Est. - HOREBNEWS","isPartOf":{"@id":"https:\/\/horebnews.net\/#website"},"primaryImageOfPage":{"@id":"https:\/\/horebnews.net\/index.php\/international\/epidemie-de-cholera-au-tchad-plus-de-110-deces-enregistres-dans-la-region-est\/#primaryimage"},"image":{"@id":"https:\/\/horebnews.net\/index.php\/international\/epidemie-de-cholera-au-tchad-plus-de-110-deces-enregistres-dans-la-region-est\/#primaryimage"},"thumbnailUrl":"https:\/\/horebnews.net\/wp-content\/uploads\/2025\/09\/cholera.jpg","datePublished":"2025-09-06T15:50:41+00:00","dateModified":"2025-09-06T15:50:41+00:00","breadcrumb":{"@id":"https:\/\/horebnews.net\/index.php\/international\/epidemie-de-cholera-au-tchad-plus-de-110-deces-enregistres-dans-la-region-est\/#breadcrumb"},"inLanguage":"fr-FR","potentialAction":[{"@type":"ReadAction","target":["https:\/\/horebnews.net\/index.php\/international\/epidemie-de-cholera-au-tchad-plus-de-110-deces-enregistres-dans-la-region-est\/"]}]},{"@type":"ImageObject","inLanguage":"fr-FR","@id":"https:\/\/horebnews.net\/index.php\/international\/epidemie-de-cholera-au-tchad-plus-de-110-deces-enregistres-dans-la-region-est\/#primaryimage","url":"https:\/\/horebnews.net\/wp-content\/uploads\/2025\/09\/cholera.jpg","contentUrl":"https:\/\/horebnews.net\/wp-content\/uploads\/2025\/09\/cholera.jpg","width":690,"height":376},{"@type":"BreadcrumbList","@id":"https:\/\/horebnews.net\/index.php\/international\/epidemie-de-cholera-au-tchad-plus-de-110-deces-enregistres-dans-la-region-est\/#breadcrumb","itemListElement":[{"@type":"ListItem","position":1,"name":"Accueil","item":"https:\/\/horebnews.net\/"},{"@type":"ListItem","position":2,"name":"INTERNATIONAL","item":"https:\/\/horebnews.net\/index.php\/category\/international\/"},{"@type":"ListItem","position":3,"name":"\u00c9pid\u00e9mie de chol\u00e9ra au Tchad : plus de 110 d\u00e9c\u00e8s enregistr\u00e9s dans la r\u00e9gion Est."}]},{"@type":"WebSite","@id":"https:\/\/horebnews.net\/#website","url":"https:\/\/horebnews.net\/","name":"HOREBNEWS","description":"La vraie info","publisher":{"@id":"https:\/\/horebnews.net\/#organization"},"potentialAction":[{"@type":"SearchAction","target":{"@type":"EntryPoint","urlTemplate":"https:\/\/horebnews.net\/?s={search_term_string}"},"query-input":"required name=search_term_string"}],"inLanguage":"fr-FR"},{"@type":"Organization","@id":"https:\/\/horebnews.net\/#organization","name":"HOREBNEWS","url":"https:\/\/horebnews.net\/","logo":{"@type":"ImageObject","inLanguage":"fr-FR","@id":"https:\/\/horebnews.net\/#\/schema\/logo\/image\/","url":"http:\/\/horebnews.net\/wp-content\/uploads\/2024\/06\/Image-collee-7.png","contentUrl":"http:\/\/horebnews.net\/wp-content\/uploads\/2024\/06\/Image-collee-7.png","width":399,"height":113,"caption":"HOREBNEWS"},"image":{"@id":"https:\/\/horebnews.net\/#\/schema\/logo\/image\/"}},{"@type":"Person","@id":"https:\/\/horebnews.net\/#\/schema\/person\/6220ecfd92c7dd59560ac5df08114b42","name":"Salvador Ki\u00e9br\u00e9","image":{"@type":"ImageObject","inLanguage":"fr-FR","@id":"https:\/\/horebnews.net\/#\/schema\/person\/image\/","url":"https:\/\/secure.gravatar.com\/avatar\/f6d33f9478484bca7302ed6ef6ad859d?s=96&d=mm&r=g","contentUrl":"https:\/\/secure.gravatar.com\/avatar\/f6d33f9478484bca7302ed6ef6ad859d?s=96&d=mm&r=g","caption":"Salvador Ki\u00e9br\u00e9"},"sameAs":["http:\/\/horebnews.net"],"url":"https:\/\/horebnews.net\/index.php\/author\/demsco82\/"}]}},"wpmagazine_modules_lite_featured_media_urls":{"thumbnail":["https:\/\/horebnews.net\/wp-content\/uploads\/2025\/09\/cholera-150x150.jpg",150,150,true],"cvmm-medium":["https:\/\/horebnews.net\/wp-content\/uploads\/2025\/09\/cholera-300x300.jpg",300,300,true],"cvmm-medium-plus":["https:\/\/horebnews.net\/wp-content\/uploads\/2025\/09\/cholera-305x207.jpg",305,207,true],"cvmm-portrait":["https:\/\/horebnews.net\/wp-content\/uploads\/2025\/09\/cholera-400x376.jpg",400,376,true],"cvmm-medium-square":["https:\/\/horebnews.net\/wp-content\/uploads\/2025\/09\/cholera-600x376.jpg",600,376,true],"cvmm-large":["https:\/\/horebnews.net\/wp-content\/uploads\/2025\/09\/cholera.jpg",690,376,false],"cvmm-small":["https:\/\/horebnews.net\/wp-content\/uploads\/2025\/09\/cholera-130x95.jpg",130,95,true],"full":["https:\/\/horebnews.net\/wp-content\/uploads\/2025\/09\/cholera.jpg",690,376,false]},"categories_names":{"5":{"name":"INTERNATIONAL","link":"https:\/\/horebnews.net\/index.php\/category\/international\/"}},"tags_names":[],"comments_number":"0","_links":{"self":[{"href":"https:\/\/horebnews.net\/index.php\/wp-json\/wp\/v2\/posts\/2531"}],"collection":[{"href":"https:\/\/horebnews.net\/index.php\/wp-json\/wp\/v2\/posts"}],"about":[{"href":"https:\/\/horebnews.net\/index.php\/wp-json\/wp\/v2\/types\/post"}],"author":[{"embeddable":true,"href":"https:\/\/horebnews.net\/index.php\/wp-json\/wp\/v2\/users\/1"}],"replies":[{"embeddable":true,"href":"https:\/\/horebnews.net\/index.php\/wp-json\/wp\/v2\/comments?post=2531"}],"version-history":[{"count":1,"href":"https:\/\/horebnews.net\/index.php\/wp-json\/wp\/v2\/posts\/2531\/revisions"}],"predecessor-version":[{"id":2534,"href":"https:\/\/horebnews.net\/index.php\/wp-json\/wp\/v2\/posts\/2531\/revisions\/2534"}],"wp:featuredmedia":[{"embeddable":true,"href":"https:\/\/horebnews.net\/index.php\/wp-json\/wp\/v2\/media\/2532"}],"wp:attachment":[{"href":"https:\/\/horebnews.net\/index.php\/wp-json\/wp\/v2\/media?parent=2531"}],"wp:term":[{"taxonomy":"category","embeddable":true,"href":"https:\/\/horebnews.net\/index.php\/wp-json\/wp\/v2\/categories?post=2531"},{"taxonomy":"post_tag","embeddable":true,"href":"https:\/\/horebnews.net\/index.php\/wp-json\/wp\/v2\/tags?post=2531"}],"curies":[{"name":"wp","href":"https:\/\/api.w.org\/{rel}","templated":true}]}}