{"id":2482,"date":"2025-09-04T19:30:59","date_gmt":"2025-09-04T17:30:59","guid":{"rendered":"https:\/\/horebnews.net\/?p=2482"},"modified":"2025-09-06T18:27:10","modified_gmt":"2025-09-06T16:27:10","slug":"le-president-du-faso-chef-de-letat-le-capitaine-ibrahim-traore-a-recu-en-audience-ce-vendredi-ouagadougou-29-aout-2025-une-delegation-du-nouveau-bureau-du-presidium-de-la-federation-de","status":"publish","type":"post","link":"https:\/\/horebnews.net\/index.php\/politique\/le-president-du-faso-chef-de-letat-le-capitaine-ibrahim-traore-a-recu-en-audience-ce-vendredi-ouagadougou-29-aout-2025-une-delegation-du-nouveau-bureau-du-presidium-de-la-federation-de\/","title":{"rendered":"FAIB : le nouveau bureau chez le pr\u00e9sident du Faso"},"content":{"rendered":"<p>Le Pr\u00e9sident du Faso, Chef de l\u2019\u00c9tat, le Capitaine Ibrahim TRAOR\u00c9, a re\u00e7u en audience ce vendredi (Ouagadougou, 29 ao\u00fbt 2025), une d\u00e9l\u00e9gation du nouveau bureau du Pr\u00e9sidium de la F\u00e9d\u00e9ration des Associations islamiques du Burkina (FAIB), conduite par son pr\u00e9sident, Imam Boubacar YUGO.<\/p>\n<p>\u00ab L\u2019objet de notre visite c\u2019est de pr\u00e9senter au Pr\u00e9sident du Faso, le bureau de l\u2019ann\u00e9e 2025 de la FAIB, lui expliquer les diff\u00e9rents projets de l\u2019association, partager avec lui quelques pr\u00e9occupations li\u00e9es au fonctionnement \u00bb, d\u00e9clare le pr\u00e9sident du pr\u00e9sidium de la FAIB, Imam Boubacar YUGO.<\/p>\n<p>La d\u00e9l\u00e9gation a \u00e9galement re\u00e7u du Capitaine Ibrahim TRAOR\u00c9 des informations \u00ab sur les projets en cours, les grandes innovations et les changements dans les domaines de l\u2019\u00e9ducation et de la sant\u00e9 \u00bb, entrepris par le Gouvernement.<\/p>\n<p>Sur la dynamique engag\u00e9e par le Pr\u00e9sident du Faso, le Capitaine Ibrahim TRAOR\u00c9, le bureau de la FAIB dit lui t\u00e9moigner son soutien et l\u2019encourager \u00e0 travers les pri\u00e8res et invocations afin que Dieu ram\u00e8ne la paix au Burkina Faso.<\/p>\n<p>Convaincu que l\u2019arme du croyant c\u2019est l\u2019invocation, le pr\u00e9sident du pr\u00e9sidium de la FAIB invite les Burkinab\u00e8 \u00e0 la pri\u00e8re pour \u00e9radiquer le terrorisme de notre pays.<\/p>\n<p>Direction de la Communication de la Pr\u00e9sidence du Faso<\/p>\n<p>&nbsp;<\/p>\n","protected":false},"excerpt":{"rendered":"<p>Le Pr\u00e9sident du Faso, Chef de l\u2019\u00c9tat, le Capitaine Ibrahim TRAOR\u00c9, a re\u00e7u en audience ce vendredi (Ouagadougou, 29 ao\u00fbt 2025), une d\u00e9l\u00e9gation du nouveau bureau du Pr\u00e9sidium de la F\u00e9d\u00e9ration des Associations islamiques du Burkina (FAIB), conduite par son pr\u00e9sident, Imam Boubacar YUGO. \u00ab L\u2019objet de notre visite c\u2019est de pr\u00e9senter au Pr\u00e9sident du [&hellip;]<\/p>\n","protected":false},"author":1,"featured_media":2483,"comment_status":"open","ping_status":"open","sticky":false,"template":"","format":"standard","meta":{"footnotes":""},"categories":[9,6],"tags":[],"yoast_head":"<!-- This site is optimized with the Yoast SEO plugin v22.9 - https:\/\/yoast.com\/wordpress\/plugins\/seo\/ -->\n<title>FAIB : le nouveau bureau chez le pr\u00e9sident du Faso - HOREBNEWS<\/title>\n<meta name=\"robots\" content=\"index, follow, max-snippet:-1, max-image-preview:large, max-video-preview:-1\" \/>\n<link rel=\"canonical\" href=\"https:\/\/horebnews.net\/index.php\/politique\/le-president-du-faso-chef-de-letat-le-capitaine-ibrahim-traore-a-recu-en-audience-ce-vendredi-ouagadougou-29-aout-2025-une-delegation-du-nouveau-bureau-du-presidium-de-la-federation-de\/\" \/>\n<meta property=\"og:locale\" content=\"fr_FR\" \/>\n<meta property=\"og:type\" content=\"article\" \/>\n<meta property=\"og:title\" content=\"FAIB : le nouveau bureau chez le pr\u00e9sident du Faso - HOREBNEWS\" \/>\n<meta property=\"og:description\" content=\"Le Pr\u00e9sident du Faso, Chef de l\u2019\u00c9tat, le Capitaine Ibrahim TRAOR\u00c9, a re\u00e7u en audience ce vendredi (Ouagadougou, 29 ao\u00fbt 2025), une d\u00e9l\u00e9gation du nouveau bureau du Pr\u00e9sidium de la F\u00e9d\u00e9ration des Associations islamiques du Burkina (FAIB), conduite par son pr\u00e9sident, Imam Boubacar YUGO. \u00ab L\u2019objet de notre visite c\u2019est de pr\u00e9senter au Pr\u00e9sident du [&hellip;]\" \/>\n<meta property=\"og:url\" content=\"https:\/\/horebnews.net\/index.php\/politique\/le-president-du-faso-chef-de-letat-le-capitaine-ibrahim-traore-a-recu-en-audience-ce-vendredi-ouagadougou-29-aout-2025-une-delegation-du-nouveau-bureau-du-presidium-de-la-federation-de\/\" \/>\n<meta property=\"og:site_name\" content=\"HOREBNEWS\" \/>\n<meta property=\"article:published_time\" content=\"2025-09-04T17:30:59+00:00\" \/>\n<meta property=\"article:modified_time\" content=\"2025-09-06T16:27:10+00:00\" \/>\n<meta property=\"og:image\" content=\"http:\/\/horebnews.net\/wp-content\/uploads\/2025\/09\/540914111_1189208679914609_2026654723042985929_n.jpg\" \/>\n\t<meta property=\"og:image:width\" content=\"1600\" \/>\n\t<meta property=\"og:image:height\" content=\"1061\" \/>\n\t<meta property=\"og:image:type\" content=\"image\/jpeg\" \/>\n<meta name=\"author\" content=\"Salvador Ki\u00e9br\u00e9\" \/>\n<meta name=\"twitter:card\" content=\"summary_large_image\" \/>\n<meta name=\"twitter:label1\" content=\"\u00c9crit par\" \/>\n\t<meta name=\"twitter:data1\" content=\"Salvador Ki\u00e9br\u00e9\" \/>\n\t<meta name=\"twitter:label2\" content=\"Dur\u00e9e de lecture estim\u00e9e\" \/>\n\t<meta name=\"twitter:data2\" content=\"2 minutes\" \/>\n<script type=\"application\/ld+json\" class=\"yoast-schema-graph\">{\"@context\":\"https:\/\/schema.org\",\"@graph\":[{\"@type\":\"Article\",\"@id\":\"https:\/\/horebnews.net\/index.php\/politique\/le-president-du-faso-chef-de-letat-le-capitaine-ibrahim-traore-a-recu-en-audience-ce-vendredi-ouagadougou-29-aout-2025-une-delegation-du-nouveau-bureau-du-presidium-de-la-federation-de\/#article\",\"isPartOf\":{\"@id\":\"https:\/\/horebnews.net\/index.php\/politique\/le-president-du-faso-chef-de-letat-le-capitaine-ibrahim-traore-a-recu-en-audience-ce-vendredi-ouagadougou-29-aout-2025-une-delegation-du-nouveau-bureau-du-presidium-de-la-federation-de\/\"},\"author\":{\"name\":\"Salvador Ki\u00e9br\u00e9\",\"@id\":\"https:\/\/horebnews.net\/#\/schema\/person\/6220ecfd92c7dd59560ac5df08114b42\"},\"headline\":\"FAIB : le nouveau bureau chez le pr\u00e9sident du Faso\",\"datePublished\":\"2025-09-04T17:30:59+00:00\",\"dateModified\":\"2025-09-06T16:27:10+00:00\",\"mainEntityOfPage\":{\"@id\":\"https:\/\/horebnews.net\/index.php\/politique\/le-president-du-faso-chef-de-letat-le-capitaine-ibrahim-traore-a-recu-en-audience-ce-vendredi-ouagadougou-29-aout-2025-une-delegation-du-nouveau-bureau-du-presidium-de-la-federation-de\/\"},\"wordCount\":246,\"commentCount\":0,\"publisher\":{\"@id\":\"https:\/\/horebnews.net\/#organization\"},\"image\":{\"@id\":\"https:\/\/horebnews.net\/index.php\/politique\/le-president-du-faso-chef-de-letat-le-capitaine-ibrahim-traore-a-recu-en-audience-ce-vendredi-ouagadougou-29-aout-2025-une-delegation-du-nouveau-bureau-du-presidium-de-la-federation-de\/#primaryimage\"},\"thumbnailUrl\":\"https:\/\/horebnews.net\/wp-content\/uploads\/2025\/09\/540914111_1189208679914609_2026654723042985929_n.jpg\",\"articleSection\":[\"POLITIQUE\",\"SOCIAL\"],\"inLanguage\":\"fr-FR\",\"potentialAction\":[{\"@type\":\"CommentAction\",\"name\":\"Comment\",\"target\":[\"https:\/\/horebnews.net\/index.php\/politique\/le-president-du-faso-chef-de-letat-le-capitaine-ibrahim-traore-a-recu-en-audience-ce-vendredi-ouagadougou-29-aout-2025-une-delegation-du-nouveau-bureau-du-presidium-de-la-federation-de\/#respond\"]}]},{\"@type\":\"WebPage\",\"@id\":\"https:\/\/horebnews.net\/index.php\/politique\/le-president-du-faso-chef-de-letat-le-capitaine-ibrahim-traore-a-recu-en-audience-ce-vendredi-ouagadougou-29-aout-2025-une-delegation-du-nouveau-bureau-du-presidium-de-la-federation-de\/\",\"url\":\"https:\/\/horebnews.net\/index.php\/politique\/le-president-du-faso-chef-de-letat-le-capitaine-ibrahim-traore-a-recu-en-audience-ce-vendredi-ouagadougou-29-aout-2025-une-delegation-du-nouveau-bureau-du-presidium-de-la-federation-de\/\",\"name\":\"FAIB : le nouveau bureau chez le pr\u00e9sident du Faso - HOREBNEWS\",\"isPartOf\":{\"@id\":\"https:\/\/horebnews.net\/#website\"},\"primaryImageOfPage\":{\"@id\":\"https:\/\/horebnews.net\/index.php\/politique\/le-president-du-faso-chef-de-letat-le-capitaine-ibrahim-traore-a-recu-en-audience-ce-vendredi-ouagadougou-29-aout-2025-une-delegation-du-nouveau-bureau-du-presidium-de-la-federation-de\/#primaryimage\"},\"image\":{\"@id\":\"https:\/\/horebnews.net\/index.php\/politique\/le-president-du-faso-chef-de-letat-le-capitaine-ibrahim-traore-a-recu-en-audience-ce-vendredi-ouagadougou-29-aout-2025-une-delegation-du-nouveau-bureau-du-presidium-de-la-federation-de\/#primaryimage\"},\"thumbnailUrl\":\"https:\/\/horebnews.net\/wp-content\/uploads\/2025\/09\/540914111_1189208679914609_2026654723042985929_n.jpg\",\"datePublished\":\"2025-09-04T17:30:59+00:00\",\"dateModified\":\"2025-09-06T16:27:10+00:00\",\"breadcrumb\":{\"@id\":\"https:\/\/horebnews.net\/index.php\/politique\/le-president-du-faso-chef-de-letat-le-capitaine-ibrahim-traore-a-recu-en-audience-ce-vendredi-ouagadougou-29-aout-2025-une-delegation-du-nouveau-bureau-du-presidium-de-la-federation-de\/#breadcrumb\"},\"inLanguage\":\"fr-FR\",\"potentialAction\":[{\"@type\":\"ReadAction\",\"target\":[\"https:\/\/horebnews.net\/index.php\/politique\/le-president-du-faso-chef-de-letat-le-capitaine-ibrahim-traore-a-recu-en-audience-ce-vendredi-ouagadougou-29-aout-2025-une-delegation-du-nouveau-bureau-du-presidium-de-la-federation-de\/\"]}]},{\"@type\":\"ImageObject\",\"inLanguage\":\"fr-FR\",\"@id\":\"https:\/\/horebnews.net\/index.php\/politique\/le-president-du-faso-chef-de-letat-le-capitaine-ibrahim-traore-a-recu-en-audience-ce-vendredi-ouagadougou-29-aout-2025-une-delegation-du-nouveau-bureau-du-presidium-de-la-federation-de\/#primaryimage\",\"url\":\"https:\/\/horebnews.net\/wp-content\/uploads\/2025\/09\/540914111_1189208679914609_2026654723042985929_n.jpg\",\"contentUrl\":\"https:\/\/horebnews.net\/wp-content\/uploads\/2025\/09\/540914111_1189208679914609_2026654723042985929_n.jpg\",\"width\":1600,\"height\":1061},{\"@type\":\"BreadcrumbList\",\"@id\":\"https:\/\/horebnews.net\/index.php\/politique\/le-president-du-faso-chef-de-letat-le-capitaine-ibrahim-traore-a-recu-en-audience-ce-vendredi-ouagadougou-29-aout-2025-une-delegation-du-nouveau-bureau-du-presidium-de-la-federation-de\/#breadcrumb\",\"itemListElement\":[{\"@type\":\"ListItem\",\"position\":1,\"name\":\"Accueil\",\"item\":\"https:\/\/horebnews.net\/\"},{\"@type\":\"ListItem\",\"position\":2,\"name\":\"POLITIQUE\",\"item\":\"https:\/\/horebnews.net\/index.php\/category\/politique\/\"},{\"@type\":\"ListItem\",\"position\":3,\"name\":\"FAIB : le nouveau bureau chez le pr\u00e9sident du Faso\"}]},{\"@type\":\"WebSite\",\"@id\":\"https:\/\/horebnews.net\/#website\",\"url\":\"https:\/\/horebnews.net\/\",\"name\":\"HOREBNEWS\",\"description\":\"La vraie info\",\"publisher\":{\"@id\":\"https:\/\/horebnews.net\/#organization\"},\"potentialAction\":[{\"@type\":\"SearchAction\",\"target\":{\"@type\":\"EntryPoint\",\"urlTemplate\":\"https:\/\/horebnews.net\/?s={search_term_string}\"},\"query-input\":\"required name=search_term_string\"}],\"inLanguage\":\"fr-FR\"},{\"@type\":\"Organization\",\"@id\":\"https:\/\/horebnews.net\/#organization\",\"name\":\"HOREBNEWS\",\"url\":\"https:\/\/horebnews.net\/\",\"logo\":{\"@type\":\"ImageObject\",\"inLanguage\":\"fr-FR\",\"@id\":\"https:\/\/horebnews.net\/#\/schema\/logo\/image\/\",\"url\":\"http:\/\/horebnews.net\/wp-content\/uploads\/2024\/06\/Image-collee-7.png\",\"contentUrl\":\"http:\/\/horebnews.net\/wp-content\/uploads\/2024\/06\/Image-collee-7.png\",\"width\":399,\"height\":113,\"caption\":\"HOREBNEWS\"},\"image\":{\"@id\":\"https:\/\/horebnews.net\/#\/schema\/logo\/image\/\"}},{\"@type\":\"Person\",\"@id\":\"https:\/\/horebnews.net\/#\/schema\/person\/6220ecfd92c7dd59560ac5df08114b42\",\"name\":\"Salvador Ki\u00e9br\u00e9\",\"image\":{\"@type\":\"ImageObject\",\"inLanguage\":\"fr-FR\",\"@id\":\"https:\/\/horebnews.net\/#\/schema\/person\/image\/\",\"url\":\"https:\/\/secure.gravatar.com\/avatar\/f6d33f9478484bca7302ed6ef6ad859d?s=96&d=mm&r=g\",\"contentUrl\":\"https:\/\/secure.gravatar.com\/avatar\/f6d33f9478484bca7302ed6ef6ad859d?s=96&d=mm&r=g\",\"caption\":\"Salvador Ki\u00e9br\u00e9\"},\"sameAs\":[\"http:\/\/horebnews.net\"],\"url\":\"https:\/\/horebnews.net\/index.php\/author\/demsco82\/\"}]}<\/script>\n<!-- \/ Yoast SEO plugin. -->","yoast_head_json":{"title":"FAIB : le nouveau bureau chez le pr\u00e9sident du Faso - HOREBNEWS","robots":{"index":"index","follow":"follow","max-snippet":"max-snippet:-1","max-image-preview":"max-image-preview:large","max-video-preview":"max-video-preview:-1"},"canonical":"https:\/\/horebnews.net\/index.php\/politique\/le-president-du-faso-chef-de-letat-le-capitaine-ibrahim-traore-a-recu-en-audience-ce-vendredi-ouagadougou-29-aout-2025-une-delegation-du-nouveau-bureau-du-presidium-de-la-federation-de\/","og_locale":"fr_FR","og_type":"article","og_title":"FAIB : le nouveau bureau chez le pr\u00e9sident du Faso - HOREBNEWS","og_description":"Le Pr\u00e9sident du Faso, Chef de l\u2019\u00c9tat, le Capitaine Ibrahim TRAOR\u00c9, a re\u00e7u en audience ce vendredi (Ouagadougou, 29 ao\u00fbt 2025), une d\u00e9l\u00e9gation du nouveau bureau du Pr\u00e9sidium de la F\u00e9d\u00e9ration des Associations islamiques du Burkina (FAIB), conduite par son pr\u00e9sident, Imam Boubacar YUGO. \u00ab L\u2019objet de notre visite c\u2019est de pr\u00e9senter au Pr\u00e9sident du [&hellip;]","og_url":"https:\/\/horebnews.net\/index.php\/politique\/le-president-du-faso-chef-de-letat-le-capitaine-ibrahim-traore-a-recu-en-audience-ce-vendredi-ouagadougou-29-aout-2025-une-delegation-du-nouveau-bureau-du-presidium-de-la-federation-de\/","og_site_name":"HOREBNEWS","article_published_time":"2025-09-04T17:30:59+00:00","article_modified_time":"2025-09-06T16:27:10+00:00","og_image":[{"width":1600,"height":1061,"url":"http:\/\/horebnews.net\/wp-content\/uploads\/2025\/09\/540914111_1189208679914609_2026654723042985929_n.jpg","type":"image\/jpeg"}],"author":"Salvador Ki\u00e9br\u00e9","twitter_card":"summary_large_image","twitter_misc":{"\u00c9crit par":"Salvador Ki\u00e9br\u00e9","Dur\u00e9e de lecture estim\u00e9e":"2 minutes"},"schema":{"@context":"https:\/\/schema.org","@graph":[{"@type":"Article","@id":"https:\/\/horebnews.net\/index.php\/politique\/le-president-du-faso-chef-de-letat-le-capitaine-ibrahim-traore-a-recu-en-audience-ce-vendredi-ouagadougou-29-aout-2025-une-delegation-du-nouveau-bureau-du-presidium-de-la-federation-de\/#article","isPartOf":{"@id":"https:\/\/horebnews.net\/index.php\/politique\/le-president-du-faso-chef-de-letat-le-capitaine-ibrahim-traore-a-recu-en-audience-ce-vendredi-ouagadougou-29-aout-2025-une-delegation-du-nouveau-bureau-du-presidium-de-la-federation-de\/"},"author":{"name":"Salvador Ki\u00e9br\u00e9","@id":"https:\/\/horebnews.net\/#\/schema\/person\/6220ecfd92c7dd59560ac5df08114b42"},"headline":"FAIB : le nouveau bureau chez le pr\u00e9sident du Faso","datePublished":"2025-09-04T17:30:59+00:00","dateModified":"2025-09-06T16:27:10+00:00","mainEntityOfPage":{"@id":"https:\/\/horebnews.net\/index.php\/politique\/le-president-du-faso-chef-de-letat-le-capitaine-ibrahim-traore-a-recu-en-audience-ce-vendredi-ouagadougou-29-aout-2025-une-delegation-du-nouveau-bureau-du-presidium-de-la-federation-de\/"},"wordCount":246,"commentCount":0,"publisher":{"@id":"https:\/\/horebnews.net\/#organization"},"image":{"@id":"https:\/\/horebnews.net\/index.php\/politique\/le-president-du-faso-chef-de-letat-le-capitaine-ibrahim-traore-a-recu-en-audience-ce-vendredi-ouagadougou-29-aout-2025-une-delegation-du-nouveau-bureau-du-presidium-de-la-federation-de\/#primaryimage"},"thumbnailUrl":"https:\/\/horebnews.net\/wp-content\/uploads\/2025\/09\/540914111_1189208679914609_2026654723042985929_n.jpg","articleSection":["POLITIQUE","SOCIAL"],"inLanguage":"fr-FR","potentialAction":[{"@type":"CommentAction","name":"Comment","target":["https:\/\/horebnews.net\/index.php\/politique\/le-president-du-faso-chef-de-letat-le-capitaine-ibrahim-traore-a-recu-en-audience-ce-vendredi-ouagadougou-29-aout-2025-une-delegation-du-nouveau-bureau-du-presidium-de-la-federation-de\/#respond"]}]},{"@type":"WebPage","@id":"https:\/\/horebnews.net\/index.php\/politique\/le-president-du-faso-chef-de-letat-le-capitaine-ibrahim-traore-a-recu-en-audience-ce-vendredi-ouagadougou-29-aout-2025-une-delegation-du-nouveau-bureau-du-presidium-de-la-federation-de\/","url":"https:\/\/horebnews.net\/index.php\/politique\/le-president-du-faso-chef-de-letat-le-capitaine-ibrahim-traore-a-recu-en-audience-ce-vendredi-ouagadougou-29-aout-2025-une-delegation-du-nouveau-bureau-du-presidium-de-la-federation-de\/","name":"FAIB : le nouveau bureau chez le pr\u00e9sident du Faso - HOREBNEWS","isPartOf":{"@id":"https:\/\/horebnews.net\/#website"},"primaryImageOfPage":{"@id":"https:\/\/horebnews.net\/index.php\/politique\/le-president-du-faso-chef-de-letat-le-capitaine-ibrahim-traore-a-recu-en-audience-ce-vendredi-ouagadougou-29-aout-2025-une-delegation-du-nouveau-bureau-du-presidium-de-la-federation-de\/#primaryimage"},"image":{"@id":"https:\/\/horebnews.net\/index.php\/politique\/le-president-du-faso-chef-de-letat-le-capitaine-ibrahim-traore-a-recu-en-audience-ce-vendredi-ouagadougou-29-aout-2025-une-delegation-du-nouveau-bureau-du-presidium-de-la-federation-de\/#primaryimage"},"thumbnailUrl":"https:\/\/horebnews.net\/wp-content\/uploads\/2025\/09\/540914111_1189208679914609_2026654723042985929_n.jpg","datePublished":"2025-09-04T17:30:59+00:00","dateModified":"2025-09-06T16:27:10+00:00","breadcrumb":{"@id":"https:\/\/horebnews.net\/index.php\/politique\/le-president-du-faso-chef-de-letat-le-capitaine-ibrahim-traore-a-recu-en-audience-ce-vendredi-ouagadougou-29-aout-2025-une-delegation-du-nouveau-bureau-du-presidium-de-la-federation-de\/#breadcrumb"},"inLanguage":"fr-FR","potentialAction":[{"@type":"ReadAction","target":["https:\/\/horebnews.net\/index.php\/politique\/le-president-du-faso-chef-de-letat-le-capitaine-ibrahim-traore-a-recu-en-audience-ce-vendredi-ouagadougou-29-aout-2025-une-delegation-du-nouveau-bureau-du-presidium-de-la-federation-de\/"]}]},{"@type":"ImageObject","inLanguage":"fr-FR","@id":"https:\/\/horebnews.net\/index.php\/politique\/le-president-du-faso-chef-de-letat-le-capitaine-ibrahim-traore-a-recu-en-audience-ce-vendredi-ouagadougou-29-aout-2025-une-delegation-du-nouveau-bureau-du-presidium-de-la-federation-de\/#primaryimage","url":"https:\/\/horebnews.net\/wp-content\/uploads\/2025\/09\/540914111_1189208679914609_2026654723042985929_n.jpg","contentUrl":"https:\/\/horebnews.net\/wp-content\/uploads\/2025\/09\/540914111_1189208679914609_2026654723042985929_n.jpg","width":1600,"height":1061},{"@type":"BreadcrumbList","@id":"https:\/\/horebnews.net\/index.php\/politique\/le-president-du-faso-chef-de-letat-le-capitaine-ibrahim-traore-a-recu-en-audience-ce-vendredi-ouagadougou-29-aout-2025-une-delegation-du-nouveau-bureau-du-presidium-de-la-federation-de\/#breadcrumb","itemListElement":[{"@type":"ListItem","position":1,"name":"Accueil","item":"https:\/\/horebnews.net\/"},{"@type":"ListItem","position":2,"name":"POLITIQUE","item":"https:\/\/horebnews.net\/index.php\/category\/politique\/"},{"@type":"ListItem","position":3,"name":"FAIB : le nouveau bureau chez le pr\u00e9sident du Faso"}]},{"@type":"WebSite","@id":"https:\/\/horebnews.net\/#website","url":"https:\/\/horebnews.net\/","name":"HOREBNEWS","description":"La vraie info","publisher":{"@id":"https:\/\/horebnews.net\/#organization"},"potentialAction":[{"@type":"SearchAction","target":{"@type":"EntryPoint","urlTemplate":"https:\/\/horebnews.net\/?s={search_term_string}"},"query-input":"required name=search_term_string"}],"inLanguage":"fr-FR"},{"@type":"Organization","@id":"https:\/\/horebnews.net\/#organization","name":"HOREBNEWS","url":"https:\/\/horebnews.net\/","logo":{"@type":"ImageObject","inLanguage":"fr-FR","@id":"https:\/\/horebnews.net\/#\/schema\/logo\/image\/","url":"http:\/\/horebnews.net\/wp-content\/uploads\/2024\/06\/Image-collee-7.png","contentUrl":"http:\/\/horebnews.net\/wp-content\/uploads\/2024\/06\/Image-collee-7.png","width":399,"height":113,"caption":"HOREBNEWS"},"image":{"@id":"https:\/\/horebnews.net\/#\/schema\/logo\/image\/"}},{"@type":"Person","@id":"https:\/\/horebnews.net\/#\/schema\/person\/6220ecfd92c7dd59560ac5df08114b42","name":"Salvador Ki\u00e9br\u00e9","image":{"@type":"ImageObject","inLanguage":"fr-FR","@id":"https:\/\/horebnews.net\/#\/schema\/person\/image\/","url":"https:\/\/secure.gravatar.com\/avatar\/f6d33f9478484bca7302ed6ef6ad859d?s=96&d=mm&r=g","contentUrl":"https:\/\/secure.gravatar.com\/avatar\/f6d33f9478484bca7302ed6ef6ad859d?s=96&d=mm&r=g","caption":"Salvador Ki\u00e9br\u00e9"},"sameAs":["http:\/\/horebnews.net"],"url":"https:\/\/horebnews.net\/index.php\/author\/demsco82\/"}]}},"wpmagazine_modules_lite_featured_media_urls":{"thumbnail":["https:\/\/horebnews.net\/wp-content\/uploads\/2025\/09\/540914111_1189208679914609_2026654723042985929_n-150x150.jpg",150,150,true],"cvmm-medium":["https:\/\/horebnews.net\/wp-content\/uploads\/2025\/09\/540914111_1189208679914609_2026654723042985929_n-300x300.jpg",300,300,true],"cvmm-medium-plus":["https:\/\/horebnews.net\/wp-content\/uploads\/2025\/09\/540914111_1189208679914609_2026654723042985929_n-305x207.jpg",305,207,true],"cvmm-portrait":["https:\/\/horebnews.net\/wp-content\/uploads\/2025\/09\/540914111_1189208679914609_2026654723042985929_n-400x600.jpg",400,600,true],"cvmm-medium-square":["https:\/\/horebnews.net\/wp-content\/uploads\/2025\/09\/540914111_1189208679914609_2026654723042985929_n-600x600.jpg",600,600,true],"cvmm-large":["https:\/\/horebnews.net\/wp-content\/uploads\/2025\/09\/540914111_1189208679914609_2026654723042985929_n-1024x1024.jpg",1024,1024,true],"cvmm-small":["https:\/\/horebnews.net\/wp-content\/uploads\/2025\/09\/540914111_1189208679914609_2026654723042985929_n-130x95.jpg",130,95,true],"full":["https:\/\/horebnews.net\/wp-content\/uploads\/2025\/09\/540914111_1189208679914609_2026654723042985929_n.jpg",1600,1061,false]},"categories_names":{"9":{"name":"POLITIQUE","link":"https:\/\/horebnews.net\/index.php\/category\/politique\/"},"6":{"name":"SOCIAL","link":"https:\/\/horebnews.net\/index.php\/category\/social\/"}},"tags_names":[],"comments_number":"0","_links":{"self":[{"href":"https:\/\/horebnews.net\/index.php\/wp-json\/wp\/v2\/posts\/2482"}],"collection":[{"href":"https:\/\/horebnews.net\/index.php\/wp-json\/wp\/v2\/posts"}],"about":[{"href":"https:\/\/horebnews.net\/index.php\/wp-json\/wp\/v2\/types\/post"}],"author":[{"embeddable":true,"href":"https:\/\/horebnews.net\/index.php\/wp-json\/wp\/v2\/users\/1"}],"replies":[{"embeddable":true,"href":"https:\/\/horebnews.net\/index.php\/wp-json\/wp\/v2\/comments?post=2482"}],"version-history":[{"count":2,"href":"https:\/\/horebnews.net\/index.php\/wp-json\/wp\/v2\/posts\/2482\/revisions"}],"predecessor-version":[{"id":2539,"href":"https:\/\/horebnews.net\/index.php\/wp-json\/wp\/v2\/posts\/2482\/revisions\/2539"}],"wp:featuredmedia":[{"embeddable":true,"href":"https:\/\/horebnews.net\/index.php\/wp-json\/wp\/v2\/media\/2483"}],"wp:attachment":[{"href":"https:\/\/horebnews.net\/index.php\/wp-json\/wp\/v2\/media?parent=2482"}],"wp:term":[{"taxonomy":"category","embeddable":true,"href":"https:\/\/horebnews.net\/index.php\/wp-json\/wp\/v2\/categories?post=2482"},{"taxonomy":"post_tag","embeddable":true,"href":"https:\/\/horebnews.net\/index.php\/wp-json\/wp\/v2\/tags?post=2482"}],"curies":[{"name":"wp","href":"https:\/\/api.w.org\/{rel}","templated":true}]}}