{"id":2457,"date":"2025-09-03T21:40:19","date_gmt":"2025-09-03T19:40:19","guid":{"rendered":"https:\/\/horebnews.net\/?p=2457"},"modified":"2025-09-03T21:40:19","modified_gmt":"2025-09-03T19:40:19","slug":"reouverture-du-stade-du-4-aout-desormais-les-etalons-pourront-se-battre-devant-leur-public","status":"publish","type":"post","link":"https:\/\/horebnews.net\/index.php\/sport\/reouverture-du-stade-du-4-aout-desormais-les-etalons-pourront-se-battre-devant-leur-public\/","title":{"rendered":"R\u00e9ouverture du stade du 4-Ao\u00fbt : D\u00e9sormais les Etalons pourront se battre devant leur public."},"content":{"rendered":"<p>Le Pr\u00e9sident du Faso, Chef de l\u2019\u00c9tat, le Capitaine Ibrahim TRAOR\u00c9 a pr\u00e9sid\u00e9, ce lundi 04 ao\u00fbt, la c\u00e9r\u00e9monie officielle de r\u00e9ouverture du stade du 4-Ao\u00fbt r\u00e9nov\u00e9.<br \/>\nEngag\u00e9s depuis plus de quatre ans, les travaux de r\u00e9novation ont connu une acc\u00e9l\u00e9ration sous le leadership du Capitaine Ibrahim TRAOR\u00c9, Pr\u00e9sident du Faso, Chef de l\u2019\u00c9tat. Selon le ministre des Sports, de la Jeunesse et de l\u2019Emploi, Roland SOMDA, c\u2019est gr\u00e2ce \u00e0 la vision \u00e9clair\u00e9e et aux instructions fermes du Chef de l\u2019\u00c9tat que la r\u00e9novation de ce \u00ab joyau embl\u00e9matique de notre sport national \u00bb a pris un tournant d\u00e9cisif.<\/p>\n<p><img fetchpriority=\"high\" decoding=\"async\" class=\"wp-image-2459 alignleft\" src=\"http:\/\/horebnews.net\/wp-content\/uploads\/2025\/09\/528504715_1168861995282611_3592889280437203813_n-300x265.jpg\" alt=\"\" width=\"253\" height=\"223\" srcset=\"https:\/\/horebnews.net\/wp-content\/uploads\/2025\/09\/528504715_1168861995282611_3592889280437203813_n-300x265.jpg 300w, https:\/\/horebnews.net\/wp-content\/uploads\/2025\/09\/528504715_1168861995282611_3592889280437203813_n-1024x904.jpg 1024w, https:\/\/horebnews.net\/wp-content\/uploads\/2025\/09\/528504715_1168861995282611_3592889280437203813_n-768x678.jpg 768w, https:\/\/horebnews.net\/wp-content\/uploads\/2025\/09\/528504715_1168861995282611_3592889280437203813_n-1536x1356.jpg 1536w, https:\/\/horebnews.net\/wp-content\/uploads\/2025\/09\/528504715_1168861995282611_3592889280437203813_n.jpg 1600w\" sizes=\"(max-width: 253px) 100vw, 253px\" \/><br \/>\nLes travaux ont concern\u00e9 la pelouse, les tribunes, les vestiaires, l\u2019\u00e9clairage et la sonorisation. Selon le ministre charg\u00e9 des Sports, le stade du 4-Ao\u00fbt r\u00e9nov\u00e9, r\u00e9pond d\u00e9sormais aux normes internationales. Et cette r\u00e9novation du stade, s\u2019inscrit dans la volont\u00e9 des plus hautes autorit\u00e9s de \u00ab redonner ses lettres de noblesse au secteur sportif de notre pays\u00bb.<br \/>\nAu menu de cette c\u00e9r\u00e9monie marquant la renaissance \u00ab de notre patrimoine sportif national \u00bb, des sauts parachutistes, des prestations d\u2019artistes, la pr\u00e9sentation du nouveau maillot officiel des \u00c9talons. D\u00e9nomm\u00e9 \u00ab Victory Ditany\u00e8 \u00bb, c\u2019est un maillot inspir\u00e9 des couleurs du drapeau national et qui c\u00e9l\u00e8bre les 65 ans de l\u2019ind\u00e9pendance de notre pays \u00e0 travers les 65 \u00e9toiles estampill\u00e9es sur le dos et \u00e0 l\u2019avant.<br \/>\nPour marquer d\u2019une pierre blanche la r\u00e9ouverture officielle de ce \u00ab symbole de notre unit\u00e9, de notre r\u00e9silience \u00bb, un match de gala a oppos\u00e9 une \u00e9quipe d\u2019anciens internationaux du football africain et une \u00e9quipe des Forces de d\u00e9fense et s\u00e9curit\u00e9. Ce spectacle s\u2019est sold\u00e9 par un score paritaire d\u2019un but partout.<br \/>\nLe Stade du 4 Ao\u00fbt pr\u00e9sente maintenant un nouveau visage que le public sportif et l\u2019ensemble de la population burkinab\u00e8 sont appel\u00e9s \u00e0 pr\u00e9server. \u00ab Ce qui est construit par l\u2019effort commun doit \u00eatre pr\u00e9serv\u00e9 par la conscience collective \u00bb, soutient le ministre SOMDA, avant de d\u00e9clarer le stade du 04 ao\u00fbt r\u00e9ouvert \u00ab au nom de Son Excellence le Capitaine Ibrahim TRAOR\u00c9, Pr\u00e9sident du Faso, Chef de l\u2019\u00c9tat, premier supporteur des \u00c9talons toutes disciplines confondues \u00bb.<\/p>\n<p>Direction de la communication de la Pr\u00e9sidence du Faso<\/p>\n<p>&nbsp;<\/p>\n","protected":false},"excerpt":{"rendered":"<p>Le Pr\u00e9sident du Faso, Chef de l\u2019\u00c9tat, le Capitaine Ibrahim TRAOR\u00c9 a pr\u00e9sid\u00e9, ce lundi 04 ao\u00fbt, la c\u00e9r\u00e9monie officielle de r\u00e9ouverture du stade du 4-Ao\u00fbt r\u00e9nov\u00e9. Engag\u00e9s depuis plus de quatre ans, les travaux de r\u00e9novation ont connu une acc\u00e9l\u00e9ration sous le leadership du Capitaine Ibrahim TRAOR\u00c9, Pr\u00e9sident du Faso, Chef de l\u2019\u00c9tat. Selon [&hellip;]<\/p>\n","protected":false},"author":1,"featured_media":2458,"comment_status":"open","ping_status":"open","sticky":false,"template":"","format":"standard","meta":{"footnotes":""},"categories":[8],"tags":[],"yoast_head":"<!-- This site is optimized with the Yoast SEO plugin v22.9 - https:\/\/yoast.com\/wordpress\/plugins\/seo\/ -->\n<title>R\u00e9ouverture du stade du 4-Ao\u00fbt : D\u00e9sormais les Etalons pourront se battre devant leur public. - HOREBNEWS<\/title>\n<meta name=\"robots\" content=\"index, follow, max-snippet:-1, max-image-preview:large, max-video-preview:-1\" \/>\n<link rel=\"canonical\" href=\"https:\/\/horebnews.net\/index.php\/sport\/reouverture-du-stade-du-4-aout-desormais-les-etalons-pourront-se-battre-devant-leur-public\/\" \/>\n<meta property=\"og:locale\" content=\"fr_FR\" \/>\n<meta property=\"og:type\" content=\"article\" \/>\n<meta property=\"og:title\" content=\"R\u00e9ouverture du stade du 4-Ao\u00fbt : D\u00e9sormais les Etalons pourront se battre devant leur public. - HOREBNEWS\" \/>\n<meta property=\"og:description\" content=\"Le Pr\u00e9sident du Faso, Chef de l\u2019\u00c9tat, le Capitaine Ibrahim TRAOR\u00c9 a pr\u00e9sid\u00e9, ce lundi 04 ao\u00fbt, la c\u00e9r\u00e9monie officielle de r\u00e9ouverture du stade du 4-Ao\u00fbt r\u00e9nov\u00e9. Engag\u00e9s depuis plus de quatre ans, les travaux de r\u00e9novation ont connu une acc\u00e9l\u00e9ration sous le leadership du Capitaine Ibrahim TRAOR\u00c9, Pr\u00e9sident du Faso, Chef de l\u2019\u00c9tat. Selon [&hellip;]\" \/>\n<meta property=\"og:url\" content=\"https:\/\/horebnews.net\/index.php\/sport\/reouverture-du-stade-du-4-aout-desormais-les-etalons-pourront-se-battre-devant-leur-public\/\" \/>\n<meta property=\"og:site_name\" content=\"HOREBNEWS\" \/>\n<meta property=\"article:published_time\" content=\"2025-09-03T19:40:19+00:00\" \/>\n<meta property=\"og:image\" content=\"http:\/\/horebnews.net\/wp-content\/uploads\/2025\/09\/528730772_1168862131949264_4352799851364157228_n.jpg\" \/>\n\t<meta property=\"og:image:width\" content=\"1600\" \/>\n\t<meta property=\"og:image:height\" content=\"1085\" \/>\n\t<meta property=\"og:image:type\" content=\"image\/jpeg\" \/>\n<meta name=\"author\" content=\"Salvador Ki\u00e9br\u00e9\" \/>\n<meta name=\"twitter:card\" content=\"summary_large_image\" \/>\n<meta name=\"twitter:label1\" content=\"\u00c9crit par\" \/>\n\t<meta name=\"twitter:data1\" content=\"Salvador Ki\u00e9br\u00e9\" \/>\n\t<meta name=\"twitter:label2\" content=\"Dur\u00e9e de lecture estim\u00e9e\" \/>\n\t<meta name=\"twitter:data2\" content=\"3 minutes\" \/>\n<script type=\"application\/ld+json\" class=\"yoast-schema-graph\">{\"@context\":\"https:\/\/schema.org\",\"@graph\":[{\"@type\":\"Article\",\"@id\":\"https:\/\/horebnews.net\/index.php\/sport\/reouverture-du-stade-du-4-aout-desormais-les-etalons-pourront-se-battre-devant-leur-public\/#article\",\"isPartOf\":{\"@id\":\"https:\/\/horebnews.net\/index.php\/sport\/reouverture-du-stade-du-4-aout-desormais-les-etalons-pourront-se-battre-devant-leur-public\/\"},\"author\":{\"name\":\"Salvador Ki\u00e9br\u00e9\",\"@id\":\"https:\/\/horebnews.net\/#\/schema\/person\/6220ecfd92c7dd59560ac5df08114b42\"},\"headline\":\"R\u00e9ouverture du stade du 4-Ao\u00fbt : D\u00e9sormais les Etalons pourront se battre devant leur public.\",\"datePublished\":\"2025-09-03T19:40:19+00:00\",\"dateModified\":\"2025-09-03T19:40:19+00:00\",\"mainEntityOfPage\":{\"@id\":\"https:\/\/horebnews.net\/index.php\/sport\/reouverture-du-stade-du-4-aout-desormais-les-etalons-pourront-se-battre-devant-leur-public\/\"},\"wordCount\":419,\"commentCount\":0,\"publisher\":{\"@id\":\"https:\/\/horebnews.net\/#organization\"},\"image\":{\"@id\":\"https:\/\/horebnews.net\/index.php\/sport\/reouverture-du-stade-du-4-aout-desormais-les-etalons-pourront-se-battre-devant-leur-public\/#primaryimage\"},\"thumbnailUrl\":\"https:\/\/horebnews.net\/wp-content\/uploads\/2025\/09\/528730772_1168862131949264_4352799851364157228_n.jpg\",\"articleSection\":[\"SPORT\"],\"inLanguage\":\"fr-FR\",\"potentialAction\":[{\"@type\":\"CommentAction\",\"name\":\"Comment\",\"target\":[\"https:\/\/horebnews.net\/index.php\/sport\/reouverture-du-stade-du-4-aout-desormais-les-etalons-pourront-se-battre-devant-leur-public\/#respond\"]}]},{\"@type\":\"WebPage\",\"@id\":\"https:\/\/horebnews.net\/index.php\/sport\/reouverture-du-stade-du-4-aout-desormais-les-etalons-pourront-se-battre-devant-leur-public\/\",\"url\":\"https:\/\/horebnews.net\/index.php\/sport\/reouverture-du-stade-du-4-aout-desormais-les-etalons-pourront-se-battre-devant-leur-public\/\",\"name\":\"R\u00e9ouverture du stade du 4-Ao\u00fbt : D\u00e9sormais les Etalons pourront se battre devant leur public. - HOREBNEWS\",\"isPartOf\":{\"@id\":\"https:\/\/horebnews.net\/#website\"},\"primaryImageOfPage\":{\"@id\":\"https:\/\/horebnews.net\/index.php\/sport\/reouverture-du-stade-du-4-aout-desormais-les-etalons-pourront-se-battre-devant-leur-public\/#primaryimage\"},\"image\":{\"@id\":\"https:\/\/horebnews.net\/index.php\/sport\/reouverture-du-stade-du-4-aout-desormais-les-etalons-pourront-se-battre-devant-leur-public\/#primaryimage\"},\"thumbnailUrl\":\"https:\/\/horebnews.net\/wp-content\/uploads\/2025\/09\/528730772_1168862131949264_4352799851364157228_n.jpg\",\"datePublished\":\"2025-09-03T19:40:19+00:00\",\"dateModified\":\"2025-09-03T19:40:19+00:00\",\"breadcrumb\":{\"@id\":\"https:\/\/horebnews.net\/index.php\/sport\/reouverture-du-stade-du-4-aout-desormais-les-etalons-pourront-se-battre-devant-leur-public\/#breadcrumb\"},\"inLanguage\":\"fr-FR\",\"potentialAction\":[{\"@type\":\"ReadAction\",\"target\":[\"https:\/\/horebnews.net\/index.php\/sport\/reouverture-du-stade-du-4-aout-desormais-les-etalons-pourront-se-battre-devant-leur-public\/\"]}]},{\"@type\":\"ImageObject\",\"inLanguage\":\"fr-FR\",\"@id\":\"https:\/\/horebnews.net\/index.php\/sport\/reouverture-du-stade-du-4-aout-desormais-les-etalons-pourront-se-battre-devant-leur-public\/#primaryimage\",\"url\":\"https:\/\/horebnews.net\/wp-content\/uploads\/2025\/09\/528730772_1168862131949264_4352799851364157228_n.jpg\",\"contentUrl\":\"https:\/\/horebnews.net\/wp-content\/uploads\/2025\/09\/528730772_1168862131949264_4352799851364157228_n.jpg\",\"width\":1600,\"height\":1085},{\"@type\":\"BreadcrumbList\",\"@id\":\"https:\/\/horebnews.net\/index.php\/sport\/reouverture-du-stade-du-4-aout-desormais-les-etalons-pourront-se-battre-devant-leur-public\/#breadcrumb\",\"itemListElement\":[{\"@type\":\"ListItem\",\"position\":1,\"name\":\"Accueil\",\"item\":\"https:\/\/horebnews.net\/\"},{\"@type\":\"ListItem\",\"position\":2,\"name\":\"SPORT\",\"item\":\"https:\/\/horebnews.net\/index.php\/category\/sport\/\"},{\"@type\":\"ListItem\",\"position\":3,\"name\":\"R\u00e9ouverture du stade du 4-Ao\u00fbt : D\u00e9sormais les Etalons pourront se battre devant leur public.\"}]},{\"@type\":\"WebSite\",\"@id\":\"https:\/\/horebnews.net\/#website\",\"url\":\"https:\/\/horebnews.net\/\",\"name\":\"HOREBNEWS\",\"description\":\"La vraie info\",\"publisher\":{\"@id\":\"https:\/\/horebnews.net\/#organization\"},\"potentialAction\":[{\"@type\":\"SearchAction\",\"target\":{\"@type\":\"EntryPoint\",\"urlTemplate\":\"https:\/\/horebnews.net\/?s={search_term_string}\"},\"query-input\":\"required name=search_term_string\"}],\"inLanguage\":\"fr-FR\"},{\"@type\":\"Organization\",\"@id\":\"https:\/\/horebnews.net\/#organization\",\"name\":\"HOREBNEWS\",\"url\":\"https:\/\/horebnews.net\/\",\"logo\":{\"@type\":\"ImageObject\",\"inLanguage\":\"fr-FR\",\"@id\":\"https:\/\/horebnews.net\/#\/schema\/logo\/image\/\",\"url\":\"http:\/\/horebnews.net\/wp-content\/uploads\/2024\/06\/Image-collee-7.png\",\"contentUrl\":\"http:\/\/horebnews.net\/wp-content\/uploads\/2024\/06\/Image-collee-7.png\",\"width\":399,\"height\":113,\"caption\":\"HOREBNEWS\"},\"image\":{\"@id\":\"https:\/\/horebnews.net\/#\/schema\/logo\/image\/\"}},{\"@type\":\"Person\",\"@id\":\"https:\/\/horebnews.net\/#\/schema\/person\/6220ecfd92c7dd59560ac5df08114b42\",\"name\":\"Salvador Ki\u00e9br\u00e9\",\"image\":{\"@type\":\"ImageObject\",\"inLanguage\":\"fr-FR\",\"@id\":\"https:\/\/horebnews.net\/#\/schema\/person\/image\/\",\"url\":\"https:\/\/secure.gravatar.com\/avatar\/f6d33f9478484bca7302ed6ef6ad859d?s=96&d=mm&r=g\",\"contentUrl\":\"https:\/\/secure.gravatar.com\/avatar\/f6d33f9478484bca7302ed6ef6ad859d?s=96&d=mm&r=g\",\"caption\":\"Salvador Ki\u00e9br\u00e9\"},\"sameAs\":[\"http:\/\/horebnews.net\"],\"url\":\"https:\/\/horebnews.net\/index.php\/author\/demsco82\/\"}]}<\/script>\n<!-- \/ Yoast SEO plugin. -->","yoast_head_json":{"title":"R\u00e9ouverture du stade du 4-Ao\u00fbt : D\u00e9sormais les Etalons pourront se battre devant leur public. - HOREBNEWS","robots":{"index":"index","follow":"follow","max-snippet":"max-snippet:-1","max-image-preview":"max-image-preview:large","max-video-preview":"max-video-preview:-1"},"canonical":"https:\/\/horebnews.net\/index.php\/sport\/reouverture-du-stade-du-4-aout-desormais-les-etalons-pourront-se-battre-devant-leur-public\/","og_locale":"fr_FR","og_type":"article","og_title":"R\u00e9ouverture du stade du 4-Ao\u00fbt : D\u00e9sormais les Etalons pourront se battre devant leur public. - HOREBNEWS","og_description":"Le Pr\u00e9sident du Faso, Chef de l\u2019\u00c9tat, le Capitaine Ibrahim TRAOR\u00c9 a pr\u00e9sid\u00e9, ce lundi 04 ao\u00fbt, la c\u00e9r\u00e9monie officielle de r\u00e9ouverture du stade du 4-Ao\u00fbt r\u00e9nov\u00e9. Engag\u00e9s depuis plus de quatre ans, les travaux de r\u00e9novation ont connu une acc\u00e9l\u00e9ration sous le leadership du Capitaine Ibrahim TRAOR\u00c9, Pr\u00e9sident du Faso, Chef de l\u2019\u00c9tat. Selon [&hellip;]","og_url":"https:\/\/horebnews.net\/index.php\/sport\/reouverture-du-stade-du-4-aout-desormais-les-etalons-pourront-se-battre-devant-leur-public\/","og_site_name":"HOREBNEWS","article_published_time":"2025-09-03T19:40:19+00:00","og_image":[{"width":1600,"height":1085,"url":"http:\/\/horebnews.net\/wp-content\/uploads\/2025\/09\/528730772_1168862131949264_4352799851364157228_n.jpg","type":"image\/jpeg"}],"author":"Salvador Ki\u00e9br\u00e9","twitter_card":"summary_large_image","twitter_misc":{"\u00c9crit par":"Salvador Ki\u00e9br\u00e9","Dur\u00e9e de lecture estim\u00e9e":"3 minutes"},"schema":{"@context":"https:\/\/schema.org","@graph":[{"@type":"Article","@id":"https:\/\/horebnews.net\/index.php\/sport\/reouverture-du-stade-du-4-aout-desormais-les-etalons-pourront-se-battre-devant-leur-public\/#article","isPartOf":{"@id":"https:\/\/horebnews.net\/index.php\/sport\/reouverture-du-stade-du-4-aout-desormais-les-etalons-pourront-se-battre-devant-leur-public\/"},"author":{"name":"Salvador Ki\u00e9br\u00e9","@id":"https:\/\/horebnews.net\/#\/schema\/person\/6220ecfd92c7dd59560ac5df08114b42"},"headline":"R\u00e9ouverture du stade du 4-Ao\u00fbt : D\u00e9sormais les Etalons pourront se battre devant leur public.","datePublished":"2025-09-03T19:40:19+00:00","dateModified":"2025-09-03T19:40:19+00:00","mainEntityOfPage":{"@id":"https:\/\/horebnews.net\/index.php\/sport\/reouverture-du-stade-du-4-aout-desormais-les-etalons-pourront-se-battre-devant-leur-public\/"},"wordCount":419,"commentCount":0,"publisher":{"@id":"https:\/\/horebnews.net\/#organization"},"image":{"@id":"https:\/\/horebnews.net\/index.php\/sport\/reouverture-du-stade-du-4-aout-desormais-les-etalons-pourront-se-battre-devant-leur-public\/#primaryimage"},"thumbnailUrl":"https:\/\/horebnews.net\/wp-content\/uploads\/2025\/09\/528730772_1168862131949264_4352799851364157228_n.jpg","articleSection":["SPORT"],"inLanguage":"fr-FR","potentialAction":[{"@type":"CommentAction","name":"Comment","target":["https:\/\/horebnews.net\/index.php\/sport\/reouverture-du-stade-du-4-aout-desormais-les-etalons-pourront-se-battre-devant-leur-public\/#respond"]}]},{"@type":"WebPage","@id":"https:\/\/horebnews.net\/index.php\/sport\/reouverture-du-stade-du-4-aout-desormais-les-etalons-pourront-se-battre-devant-leur-public\/","url":"https:\/\/horebnews.net\/index.php\/sport\/reouverture-du-stade-du-4-aout-desormais-les-etalons-pourront-se-battre-devant-leur-public\/","name":"R\u00e9ouverture du stade du 4-Ao\u00fbt : D\u00e9sormais les Etalons pourront se battre devant leur public. - HOREBNEWS","isPartOf":{"@id":"https:\/\/horebnews.net\/#website"},"primaryImageOfPage":{"@id":"https:\/\/horebnews.net\/index.php\/sport\/reouverture-du-stade-du-4-aout-desormais-les-etalons-pourront-se-battre-devant-leur-public\/#primaryimage"},"image":{"@id":"https:\/\/horebnews.net\/index.php\/sport\/reouverture-du-stade-du-4-aout-desormais-les-etalons-pourront-se-battre-devant-leur-public\/#primaryimage"},"thumbnailUrl":"https:\/\/horebnews.net\/wp-content\/uploads\/2025\/09\/528730772_1168862131949264_4352799851364157228_n.jpg","datePublished":"2025-09-03T19:40:19+00:00","dateModified":"2025-09-03T19:40:19+00:00","breadcrumb":{"@id":"https:\/\/horebnews.net\/index.php\/sport\/reouverture-du-stade-du-4-aout-desormais-les-etalons-pourront-se-battre-devant-leur-public\/#breadcrumb"},"inLanguage":"fr-FR","potentialAction":[{"@type":"ReadAction","target":["https:\/\/horebnews.net\/index.php\/sport\/reouverture-du-stade-du-4-aout-desormais-les-etalons-pourront-se-battre-devant-leur-public\/"]}]},{"@type":"ImageObject","inLanguage":"fr-FR","@id":"https:\/\/horebnews.net\/index.php\/sport\/reouverture-du-stade-du-4-aout-desormais-les-etalons-pourront-se-battre-devant-leur-public\/#primaryimage","url":"https:\/\/horebnews.net\/wp-content\/uploads\/2025\/09\/528730772_1168862131949264_4352799851364157228_n.jpg","contentUrl":"https:\/\/horebnews.net\/wp-content\/uploads\/2025\/09\/528730772_1168862131949264_4352799851364157228_n.jpg","width":1600,"height":1085},{"@type":"BreadcrumbList","@id":"https:\/\/horebnews.net\/index.php\/sport\/reouverture-du-stade-du-4-aout-desormais-les-etalons-pourront-se-battre-devant-leur-public\/#breadcrumb","itemListElement":[{"@type":"ListItem","position":1,"name":"Accueil","item":"https:\/\/horebnews.net\/"},{"@type":"ListItem","position":2,"name":"SPORT","item":"https:\/\/horebnews.net\/index.php\/category\/sport\/"},{"@type":"ListItem","position":3,"name":"R\u00e9ouverture du stade du 4-Ao\u00fbt : D\u00e9sormais les Etalons pourront se battre devant leur public."}]},{"@type":"WebSite","@id":"https:\/\/horebnews.net\/#website","url":"https:\/\/horebnews.net\/","name":"HOREBNEWS","description":"La vraie info","publisher":{"@id":"https:\/\/horebnews.net\/#organization"},"potentialAction":[{"@type":"SearchAction","target":{"@type":"EntryPoint","urlTemplate":"https:\/\/horebnews.net\/?s={search_term_string}"},"query-input":"required name=search_term_string"}],"inLanguage":"fr-FR"},{"@type":"Organization","@id":"https:\/\/horebnews.net\/#organization","name":"HOREBNEWS","url":"https:\/\/horebnews.net\/","logo":{"@type":"ImageObject","inLanguage":"fr-FR","@id":"https:\/\/horebnews.net\/#\/schema\/logo\/image\/","url":"http:\/\/horebnews.net\/wp-content\/uploads\/2024\/06\/Image-collee-7.png","contentUrl":"http:\/\/horebnews.net\/wp-content\/uploads\/2024\/06\/Image-collee-7.png","width":399,"height":113,"caption":"HOREBNEWS"},"image":{"@id":"https:\/\/horebnews.net\/#\/schema\/logo\/image\/"}},{"@type":"Person","@id":"https:\/\/horebnews.net\/#\/schema\/person\/6220ecfd92c7dd59560ac5df08114b42","name":"Salvador Ki\u00e9br\u00e9","image":{"@type":"ImageObject","inLanguage":"fr-FR","@id":"https:\/\/horebnews.net\/#\/schema\/person\/image\/","url":"https:\/\/secure.gravatar.com\/avatar\/f6d33f9478484bca7302ed6ef6ad859d?s=96&d=mm&r=g","contentUrl":"https:\/\/secure.gravatar.com\/avatar\/f6d33f9478484bca7302ed6ef6ad859d?s=96&d=mm&r=g","caption":"Salvador Ki\u00e9br\u00e9"},"sameAs":["http:\/\/horebnews.net"],"url":"https:\/\/horebnews.net\/index.php\/author\/demsco82\/"}]}},"wpmagazine_modules_lite_featured_media_urls":{"thumbnail":["https:\/\/horebnews.net\/wp-content\/uploads\/2025\/09\/528730772_1168862131949264_4352799851364157228_n-150x150.jpg",150,150,true],"cvmm-medium":["https:\/\/horebnews.net\/wp-content\/uploads\/2025\/09\/528730772_1168862131949264_4352799851364157228_n-300x300.jpg",300,300,true],"cvmm-medium-plus":["https:\/\/horebnews.net\/wp-content\/uploads\/2025\/09\/528730772_1168862131949264_4352799851364157228_n-305x207.jpg",305,207,true],"cvmm-portrait":["https:\/\/horebnews.net\/wp-content\/uploads\/2025\/09\/528730772_1168862131949264_4352799851364157228_n-400x600.jpg",400,600,true],"cvmm-medium-square":["https:\/\/horebnews.net\/wp-content\/uploads\/2025\/09\/528730772_1168862131949264_4352799851364157228_n-600x600.jpg",600,600,true],"cvmm-large":["https:\/\/horebnews.net\/wp-content\/uploads\/2025\/09\/528730772_1168862131949264_4352799851364157228_n-1024x1024.jpg",1024,1024,true],"cvmm-small":["https:\/\/horebnews.net\/wp-content\/uploads\/2025\/09\/528730772_1168862131949264_4352799851364157228_n-130x95.jpg",130,95,true],"full":["https:\/\/horebnews.net\/wp-content\/uploads\/2025\/09\/528730772_1168862131949264_4352799851364157228_n.jpg",1600,1085,false]},"categories_names":{"8":{"name":"SPORT","link":"https:\/\/horebnews.net\/index.php\/category\/sport\/"}},"tags_names":[],"comments_number":"0","_links":{"self":[{"href":"https:\/\/horebnews.net\/index.php\/wp-json\/wp\/v2\/posts\/2457"}],"collection":[{"href":"https:\/\/horebnews.net\/index.php\/wp-json\/wp\/v2\/posts"}],"about":[{"href":"https:\/\/horebnews.net\/index.php\/wp-json\/wp\/v2\/types\/post"}],"author":[{"embeddable":true,"href":"https:\/\/horebnews.net\/index.php\/wp-json\/wp\/v2\/users\/1"}],"replies":[{"embeddable":true,"href":"https:\/\/horebnews.net\/index.php\/wp-json\/wp\/v2\/comments?post=2457"}],"version-history":[{"count":2,"href":"https:\/\/horebnews.net\/index.php\/wp-json\/wp\/v2\/posts\/2457\/revisions"}],"predecessor-version":[{"id":2462,"href":"https:\/\/horebnews.net\/index.php\/wp-json\/wp\/v2\/posts\/2457\/revisions\/2462"}],"wp:featuredmedia":[{"embeddable":true,"href":"https:\/\/horebnews.net\/index.php\/wp-json\/wp\/v2\/media\/2458"}],"wp:attachment":[{"href":"https:\/\/horebnews.net\/index.php\/wp-json\/wp\/v2\/media?parent=2457"}],"wp:term":[{"taxonomy":"category","embeddable":true,"href":"https:\/\/horebnews.net\/index.php\/wp-json\/wp\/v2\/categories?post=2457"},{"taxonomy":"post_tag","embeddable":true,"href":"https:\/\/horebnews.net\/index.php\/wp-json\/wp\/v2\/tags?post=2457"}],"curies":[{"name":"wp","href":"https:\/\/api.w.org\/{rel}","templated":true}]}}