{"id":2409,"date":"2025-08-31T14:19:32","date_gmt":"2025-08-31T12:19:32","guid":{"rendered":"https:\/\/horebnews.net\/?p=2409"},"modified":"2025-08-31T14:19:32","modified_gmt":"2025-08-31T12:19:32","slug":"lutte-contre-linsecurite-le-capitaine-ibrahim-traore-encourage-les-forces-combattantes-de-la-region-du-centre-sud","status":"publish","type":"post","link":"https:\/\/horebnews.net\/index.php\/securite\/lutte-contre-linsecurite-le-capitaine-ibrahim-traore-encourage-les-forces-combattantes-de-la-region-du-centre-sud\/","title":{"rendered":"Lutte contre l\u2019ins\u00e9curit\u00e9 : le Capitaine Ibrahim Traor\u00e9 encourage les Forces combattantes de la r\u00e9gion du Centre-Sud."},"content":{"rendered":"<p>&nbsp;<\/p>\n<p>Le Pr\u00e9sident du Faso, Chef de l\u2019\u00c9tat, le Capitaine Ibrahim TRAOR\u00c9 a rencontr\u00e9 les Forces combattantes de la r\u00e9gion du Centre-Sud, le dimanche 15 juin dernier au Centre national d\u2019entrainement commando (CNEC) \u00e0 P\u00f4, en marge de la sortie de la 24e promotion des \u00e9l\u00e8ves-officiers d\u2019active de l\u2019Acad\u00e9mie militaire Georges-NAMOANO.<\/p>\n<p>Le Pr\u00e9sident du Faso les a f\u00e9licit\u00e9es pour le travail abattu et encourag\u00e9es \u00e0 intensifier le combat. \u00abCertes vous avez pu faire reculer l\u2019ennemi qui avait tent\u00e9 de s\u2019implanter ici, mais je souhaite que vous continuiez \u00e0 patrouiller dans ces for\u00eats et vous assurer qu\u2019il n\u2019y ait pas cette vell\u00e9it\u00e9 de retour \u00bb, indique le Chef de l\u2019\u00c9tat.<\/p>\n<p>Comprendre le sens de l\u2019engagement<\/p>\n<p>Le Pr\u00e9sident du Faso appelle chaque soldat \u00e0 une introspection et \u00e0 m\u00e9diter sur son engagement. Les imp\u00e9rialistes qui nous ont impos\u00e9 cette guerre veulent nos terres sans nous, rappelle le Pr\u00e9sident du Faso. Faisant allusion au combat men\u00e9 par les devanciers pour un Burkina libre, le Capitaine Ibrahim TRAOR\u00c9 soutient : \u00ab Notre devoir c\u2019est de nous battre et d\u00e9fendre nos terres pour les l\u00e9guer \u00e0 nos enfants \u00bb.<\/p>\n<p><img fetchpriority=\"high\" decoding=\"async\" class=\"wp-image-2411 alignleft\" src=\"http:\/\/horebnews.net\/wp-content\/uploads\/2025\/08\/508411582_1130431942458950_1826157288698837416_n-300x200.jpg\" alt=\"\" width=\"346\" height=\"230\" srcset=\"https:\/\/horebnews.net\/wp-content\/uploads\/2025\/08\/508411582_1130431942458950_1826157288698837416_n-300x200.jpg 300w, https:\/\/horebnews.net\/wp-content\/uploads\/2025\/08\/508411582_1130431942458950_1826157288698837416_n-1024x683.jpg 1024w, https:\/\/horebnews.net\/wp-content\/uploads\/2025\/08\/508411582_1130431942458950_1826157288698837416_n-768x512.jpg 768w, https:\/\/horebnews.net\/wp-content\/uploads\/2025\/08\/508411582_1130431942458950_1826157288698837416_n-1536x1025.jpg 1536w, https:\/\/horebnews.net\/wp-content\/uploads\/2025\/08\/508411582_1130431942458950_1826157288698837416_n.jpg 2048w\" sizes=\"(max-width: 346px) 100vw, 346px\" \/><\/p>\n<p>Des consignes pour le front<\/p>\n<p>Il a ainsi donn\u00e9 des consignes et des orientations aux combattants, afin de faire d\u2019eux des combattants plus aguerris. \u00ab Vous \u00eates tr\u00e8s courageux (\u2026), mais souvent, il y a de ces attitudes qui viennent vous causer des pertes inutiles, notamment l\u2019utilisation du t\u00e9l\u00e9phone portable \u00bb, insiste le Chef de l\u2019\u00c9tat. Il a mis en garde contre l\u2019utilisation du t\u00e9l\u00e9phone qui impacte n\u00e9gativement la concentration et l\u2019\u00e9tat d\u2019alerte sur le th\u00e9\u00e2tre des op\u00e9rations.<\/p>\n<p>Le Capitaine Ibrahim TRAOR\u00c9 appelle enfin les Forces de d\u00e9fense et de s\u00e9curit\u00e9 \u00e0 \u00eatre des mod\u00e8les et \u00e0 faire corps avec la population dans la dynamique de la coh\u00e9sion sociale pour une victoire rapide.<\/p>\n<p>Direction de la communication de la Pr\u00e9sidence du Faso<\/p>\n<p>&nbsp;<\/p>\n<p>&nbsp;<\/p>\n","protected":false},"excerpt":{"rendered":"<p>&nbsp; Le Pr\u00e9sident du Faso, Chef de l\u2019\u00c9tat, le Capitaine Ibrahim TRAOR\u00c9 a rencontr\u00e9 les Forces combattantes de la r\u00e9gion du Centre-Sud, le dimanche 15 juin dernier au Centre national d\u2019entrainement commando (CNEC) \u00e0 P\u00f4, en marge de la sortie de la 24e promotion des \u00e9l\u00e8ves-officiers d\u2019active de l\u2019Acad\u00e9mie militaire Georges-NAMOANO. Le Pr\u00e9sident du Faso [&hellip;]<\/p>\n","protected":false},"author":1,"featured_media":2410,"comment_status":"open","ping_status":"open","sticky":false,"template":"","format":"standard","meta":{"footnotes":""},"categories":[4],"tags":[],"yoast_head":"<!-- This site is optimized with the Yoast SEO plugin v22.9 - https:\/\/yoast.com\/wordpress\/plugins\/seo\/ -->\n<title>Lutte contre l\u2019ins\u00e9curit\u00e9 : le Capitaine Ibrahim Traor\u00e9 encourage les Forces combattantes de la r\u00e9gion du Centre-Sud. - HOREBNEWS<\/title>\n<meta name=\"robots\" content=\"index, follow, max-snippet:-1, max-image-preview:large, max-video-preview:-1\" \/>\n<link rel=\"canonical\" href=\"https:\/\/horebnews.net\/index.php\/securite\/lutte-contre-linsecurite-le-capitaine-ibrahim-traore-encourage-les-forces-combattantes-de-la-region-du-centre-sud\/\" \/>\n<meta property=\"og:locale\" content=\"fr_FR\" \/>\n<meta property=\"og:type\" content=\"article\" \/>\n<meta property=\"og:title\" content=\"Lutte contre l\u2019ins\u00e9curit\u00e9 : le Capitaine Ibrahim Traor\u00e9 encourage les Forces combattantes de la r\u00e9gion du Centre-Sud. - HOREBNEWS\" \/>\n<meta property=\"og:description\" content=\"&nbsp; Le Pr\u00e9sident du Faso, Chef de l\u2019\u00c9tat, le Capitaine Ibrahim TRAOR\u00c9 a rencontr\u00e9 les Forces combattantes de la r\u00e9gion du Centre-Sud, le dimanche 15 juin dernier au Centre national d\u2019entrainement commando (CNEC) \u00e0 P\u00f4, en marge de la sortie de la 24e promotion des \u00e9l\u00e8ves-officiers d\u2019active de l\u2019Acad\u00e9mie militaire Georges-NAMOANO. Le Pr\u00e9sident du Faso [&hellip;]\" \/>\n<meta property=\"og:url\" content=\"https:\/\/horebnews.net\/index.php\/securite\/lutte-contre-linsecurite-le-capitaine-ibrahim-traore-encourage-les-forces-combattantes-de-la-region-du-centre-sud\/\" \/>\n<meta property=\"og:site_name\" content=\"HOREBNEWS\" \/>\n<meta property=\"article:published_time\" content=\"2025-08-31T12:19:32+00:00\" \/>\n<meta property=\"og:image\" content=\"http:\/\/horebnews.net\/wp-content\/uploads\/2025\/08\/508706612_1130431479125663_1538677431309827226_n.jpg\" \/>\n\t<meta property=\"og:image:width\" content=\"1600\" \/>\n\t<meta property=\"og:image:height\" content=\"1067\" \/>\n\t<meta property=\"og:image:type\" content=\"image\/jpeg\" \/>\n<meta name=\"author\" content=\"Salvador Ki\u00e9br\u00e9\" \/>\n<meta name=\"twitter:card\" content=\"summary_large_image\" \/>\n<meta name=\"twitter:label1\" content=\"\u00c9crit par\" \/>\n\t<meta name=\"twitter:data1\" content=\"Salvador Ki\u00e9br\u00e9\" \/>\n\t<meta name=\"twitter:label2\" content=\"Dur\u00e9e de lecture estim\u00e9e\" \/>\n\t<meta name=\"twitter:data2\" content=\"2 minutes\" \/>\n<script type=\"application\/ld+json\" class=\"yoast-schema-graph\">{\"@context\":\"https:\/\/schema.org\",\"@graph\":[{\"@type\":\"Article\",\"@id\":\"https:\/\/horebnews.net\/index.php\/securite\/lutte-contre-linsecurite-le-capitaine-ibrahim-traore-encourage-les-forces-combattantes-de-la-region-du-centre-sud\/#article\",\"isPartOf\":{\"@id\":\"https:\/\/horebnews.net\/index.php\/securite\/lutte-contre-linsecurite-le-capitaine-ibrahim-traore-encourage-les-forces-combattantes-de-la-region-du-centre-sud\/\"},\"author\":{\"name\":\"Salvador Ki\u00e9br\u00e9\",\"@id\":\"https:\/\/horebnews.net\/#\/schema\/person\/6220ecfd92c7dd59560ac5df08114b42\"},\"headline\":\"Lutte contre l\u2019ins\u00e9curit\u00e9 : le Capitaine Ibrahim Traor\u00e9 encourage les Forces combattantes de la r\u00e9gion du Centre-Sud.\",\"datePublished\":\"2025-08-31T12:19:32+00:00\",\"dateModified\":\"2025-08-31T12:19:32+00:00\",\"mainEntityOfPage\":{\"@id\":\"https:\/\/horebnews.net\/index.php\/securite\/lutte-contre-linsecurite-le-capitaine-ibrahim-traore-encourage-les-forces-combattantes-de-la-region-du-centre-sud\/\"},\"wordCount\":357,\"commentCount\":0,\"publisher\":{\"@id\":\"https:\/\/horebnews.net\/#organization\"},\"image\":{\"@id\":\"https:\/\/horebnews.net\/index.php\/securite\/lutte-contre-linsecurite-le-capitaine-ibrahim-traore-encourage-les-forces-combattantes-de-la-region-du-centre-sud\/#primaryimage\"},\"thumbnailUrl\":\"https:\/\/horebnews.net\/wp-content\/uploads\/2025\/08\/508706612_1130431479125663_1538677431309827226_n.jpg\",\"articleSection\":[\"S\u00c9CURIT\u00c9\"],\"inLanguage\":\"fr-FR\",\"potentialAction\":[{\"@type\":\"CommentAction\",\"name\":\"Comment\",\"target\":[\"https:\/\/horebnews.net\/index.php\/securite\/lutte-contre-linsecurite-le-capitaine-ibrahim-traore-encourage-les-forces-combattantes-de-la-region-du-centre-sud\/#respond\"]}]},{\"@type\":\"WebPage\",\"@id\":\"https:\/\/horebnews.net\/index.php\/securite\/lutte-contre-linsecurite-le-capitaine-ibrahim-traore-encourage-les-forces-combattantes-de-la-region-du-centre-sud\/\",\"url\":\"https:\/\/horebnews.net\/index.php\/securite\/lutte-contre-linsecurite-le-capitaine-ibrahim-traore-encourage-les-forces-combattantes-de-la-region-du-centre-sud\/\",\"name\":\"Lutte contre l\u2019ins\u00e9curit\u00e9 : le Capitaine Ibrahim Traor\u00e9 encourage les Forces combattantes de la r\u00e9gion du Centre-Sud. - HOREBNEWS\",\"isPartOf\":{\"@id\":\"https:\/\/horebnews.net\/#website\"},\"primaryImageOfPage\":{\"@id\":\"https:\/\/horebnews.net\/index.php\/securite\/lutte-contre-linsecurite-le-capitaine-ibrahim-traore-encourage-les-forces-combattantes-de-la-region-du-centre-sud\/#primaryimage\"},\"image\":{\"@id\":\"https:\/\/horebnews.net\/index.php\/securite\/lutte-contre-linsecurite-le-capitaine-ibrahim-traore-encourage-les-forces-combattantes-de-la-region-du-centre-sud\/#primaryimage\"},\"thumbnailUrl\":\"https:\/\/horebnews.net\/wp-content\/uploads\/2025\/08\/508706612_1130431479125663_1538677431309827226_n.jpg\",\"datePublished\":\"2025-08-31T12:19:32+00:00\",\"dateModified\":\"2025-08-31T12:19:32+00:00\",\"breadcrumb\":{\"@id\":\"https:\/\/horebnews.net\/index.php\/securite\/lutte-contre-linsecurite-le-capitaine-ibrahim-traore-encourage-les-forces-combattantes-de-la-region-du-centre-sud\/#breadcrumb\"},\"inLanguage\":\"fr-FR\",\"potentialAction\":[{\"@type\":\"ReadAction\",\"target\":[\"https:\/\/horebnews.net\/index.php\/securite\/lutte-contre-linsecurite-le-capitaine-ibrahim-traore-encourage-les-forces-combattantes-de-la-region-du-centre-sud\/\"]}]},{\"@type\":\"ImageObject\",\"inLanguage\":\"fr-FR\",\"@id\":\"https:\/\/horebnews.net\/index.php\/securite\/lutte-contre-linsecurite-le-capitaine-ibrahim-traore-encourage-les-forces-combattantes-de-la-region-du-centre-sud\/#primaryimage\",\"url\":\"https:\/\/horebnews.net\/wp-content\/uploads\/2025\/08\/508706612_1130431479125663_1538677431309827226_n.jpg\",\"contentUrl\":\"https:\/\/horebnews.net\/wp-content\/uploads\/2025\/08\/508706612_1130431479125663_1538677431309827226_n.jpg\",\"width\":1600,\"height\":1067},{\"@type\":\"BreadcrumbList\",\"@id\":\"https:\/\/horebnews.net\/index.php\/securite\/lutte-contre-linsecurite-le-capitaine-ibrahim-traore-encourage-les-forces-combattantes-de-la-region-du-centre-sud\/#breadcrumb\",\"itemListElement\":[{\"@type\":\"ListItem\",\"position\":1,\"name\":\"Accueil\",\"item\":\"https:\/\/horebnews.net\/\"},{\"@type\":\"ListItem\",\"position\":2,\"name\":\"S\u00c9CURIT\u00c9\",\"item\":\"https:\/\/horebnews.net\/index.php\/category\/securite\/\"},{\"@type\":\"ListItem\",\"position\":3,\"name\":\"Lutte contre l\u2019ins\u00e9curit\u00e9 : le Capitaine Ibrahim Traor\u00e9 encourage les Forces combattantes de la r\u00e9gion du Centre-Sud.\"}]},{\"@type\":\"WebSite\",\"@id\":\"https:\/\/horebnews.net\/#website\",\"url\":\"https:\/\/horebnews.net\/\",\"name\":\"HOREBNEWS\",\"description\":\"La vraie info\",\"publisher\":{\"@id\":\"https:\/\/horebnews.net\/#organization\"},\"potentialAction\":[{\"@type\":\"SearchAction\",\"target\":{\"@type\":\"EntryPoint\",\"urlTemplate\":\"https:\/\/horebnews.net\/?s={search_term_string}\"},\"query-input\":\"required name=search_term_string\"}],\"inLanguage\":\"fr-FR\"},{\"@type\":\"Organization\",\"@id\":\"https:\/\/horebnews.net\/#organization\",\"name\":\"HOREBNEWS\",\"url\":\"https:\/\/horebnews.net\/\",\"logo\":{\"@type\":\"ImageObject\",\"inLanguage\":\"fr-FR\",\"@id\":\"https:\/\/horebnews.net\/#\/schema\/logo\/image\/\",\"url\":\"http:\/\/horebnews.net\/wp-content\/uploads\/2024\/06\/Image-collee-7.png\",\"contentUrl\":\"http:\/\/horebnews.net\/wp-content\/uploads\/2024\/06\/Image-collee-7.png\",\"width\":399,\"height\":113,\"caption\":\"HOREBNEWS\"},\"image\":{\"@id\":\"https:\/\/horebnews.net\/#\/schema\/logo\/image\/\"}},{\"@type\":\"Person\",\"@id\":\"https:\/\/horebnews.net\/#\/schema\/person\/6220ecfd92c7dd59560ac5df08114b42\",\"name\":\"Salvador Ki\u00e9br\u00e9\",\"image\":{\"@type\":\"ImageObject\",\"inLanguage\":\"fr-FR\",\"@id\":\"https:\/\/horebnews.net\/#\/schema\/person\/image\/\",\"url\":\"https:\/\/secure.gravatar.com\/avatar\/f6d33f9478484bca7302ed6ef6ad859d?s=96&d=mm&r=g\",\"contentUrl\":\"https:\/\/secure.gravatar.com\/avatar\/f6d33f9478484bca7302ed6ef6ad859d?s=96&d=mm&r=g\",\"caption\":\"Salvador Ki\u00e9br\u00e9\"},\"sameAs\":[\"http:\/\/horebnews.net\"],\"url\":\"https:\/\/horebnews.net\/index.php\/author\/demsco82\/\"}]}<\/script>\n<!-- \/ Yoast SEO plugin. -->","yoast_head_json":{"title":"Lutte contre l\u2019ins\u00e9curit\u00e9 : le Capitaine Ibrahim Traor\u00e9 encourage les Forces combattantes de la r\u00e9gion du Centre-Sud. - HOREBNEWS","robots":{"index":"index","follow":"follow","max-snippet":"max-snippet:-1","max-image-preview":"max-image-preview:large","max-video-preview":"max-video-preview:-1"},"canonical":"https:\/\/horebnews.net\/index.php\/securite\/lutte-contre-linsecurite-le-capitaine-ibrahim-traore-encourage-les-forces-combattantes-de-la-region-du-centre-sud\/","og_locale":"fr_FR","og_type":"article","og_title":"Lutte contre l\u2019ins\u00e9curit\u00e9 : le Capitaine Ibrahim Traor\u00e9 encourage les Forces combattantes de la r\u00e9gion du Centre-Sud. - HOREBNEWS","og_description":"&nbsp; Le Pr\u00e9sident du Faso, Chef de l\u2019\u00c9tat, le Capitaine Ibrahim TRAOR\u00c9 a rencontr\u00e9 les Forces combattantes de la r\u00e9gion du Centre-Sud, le dimanche 15 juin dernier au Centre national d\u2019entrainement commando (CNEC) \u00e0 P\u00f4, en marge de la sortie de la 24e promotion des \u00e9l\u00e8ves-officiers d\u2019active de l\u2019Acad\u00e9mie militaire Georges-NAMOANO. Le Pr\u00e9sident du Faso [&hellip;]","og_url":"https:\/\/horebnews.net\/index.php\/securite\/lutte-contre-linsecurite-le-capitaine-ibrahim-traore-encourage-les-forces-combattantes-de-la-region-du-centre-sud\/","og_site_name":"HOREBNEWS","article_published_time":"2025-08-31T12:19:32+00:00","og_image":[{"width":1600,"height":1067,"url":"http:\/\/horebnews.net\/wp-content\/uploads\/2025\/08\/508706612_1130431479125663_1538677431309827226_n.jpg","type":"image\/jpeg"}],"author":"Salvador Ki\u00e9br\u00e9","twitter_card":"summary_large_image","twitter_misc":{"\u00c9crit par":"Salvador Ki\u00e9br\u00e9","Dur\u00e9e de lecture estim\u00e9e":"2 minutes"},"schema":{"@context":"https:\/\/schema.org","@graph":[{"@type":"Article","@id":"https:\/\/horebnews.net\/index.php\/securite\/lutte-contre-linsecurite-le-capitaine-ibrahim-traore-encourage-les-forces-combattantes-de-la-region-du-centre-sud\/#article","isPartOf":{"@id":"https:\/\/horebnews.net\/index.php\/securite\/lutte-contre-linsecurite-le-capitaine-ibrahim-traore-encourage-les-forces-combattantes-de-la-region-du-centre-sud\/"},"author":{"name":"Salvador Ki\u00e9br\u00e9","@id":"https:\/\/horebnews.net\/#\/schema\/person\/6220ecfd92c7dd59560ac5df08114b42"},"headline":"Lutte contre l\u2019ins\u00e9curit\u00e9 : le Capitaine Ibrahim Traor\u00e9 encourage les Forces combattantes de la r\u00e9gion du Centre-Sud.","datePublished":"2025-08-31T12:19:32+00:00","dateModified":"2025-08-31T12:19:32+00:00","mainEntityOfPage":{"@id":"https:\/\/horebnews.net\/index.php\/securite\/lutte-contre-linsecurite-le-capitaine-ibrahim-traore-encourage-les-forces-combattantes-de-la-region-du-centre-sud\/"},"wordCount":357,"commentCount":0,"publisher":{"@id":"https:\/\/horebnews.net\/#organization"},"image":{"@id":"https:\/\/horebnews.net\/index.php\/securite\/lutte-contre-linsecurite-le-capitaine-ibrahim-traore-encourage-les-forces-combattantes-de-la-region-du-centre-sud\/#primaryimage"},"thumbnailUrl":"https:\/\/horebnews.net\/wp-content\/uploads\/2025\/08\/508706612_1130431479125663_1538677431309827226_n.jpg","articleSection":["S\u00c9CURIT\u00c9"],"inLanguage":"fr-FR","potentialAction":[{"@type":"CommentAction","name":"Comment","target":["https:\/\/horebnews.net\/index.php\/securite\/lutte-contre-linsecurite-le-capitaine-ibrahim-traore-encourage-les-forces-combattantes-de-la-region-du-centre-sud\/#respond"]}]},{"@type":"WebPage","@id":"https:\/\/horebnews.net\/index.php\/securite\/lutte-contre-linsecurite-le-capitaine-ibrahim-traore-encourage-les-forces-combattantes-de-la-region-du-centre-sud\/","url":"https:\/\/horebnews.net\/index.php\/securite\/lutte-contre-linsecurite-le-capitaine-ibrahim-traore-encourage-les-forces-combattantes-de-la-region-du-centre-sud\/","name":"Lutte contre l\u2019ins\u00e9curit\u00e9 : le Capitaine Ibrahim Traor\u00e9 encourage les Forces combattantes de la r\u00e9gion du Centre-Sud. - HOREBNEWS","isPartOf":{"@id":"https:\/\/horebnews.net\/#website"},"primaryImageOfPage":{"@id":"https:\/\/horebnews.net\/index.php\/securite\/lutte-contre-linsecurite-le-capitaine-ibrahim-traore-encourage-les-forces-combattantes-de-la-region-du-centre-sud\/#primaryimage"},"image":{"@id":"https:\/\/horebnews.net\/index.php\/securite\/lutte-contre-linsecurite-le-capitaine-ibrahim-traore-encourage-les-forces-combattantes-de-la-region-du-centre-sud\/#primaryimage"},"thumbnailUrl":"https:\/\/horebnews.net\/wp-content\/uploads\/2025\/08\/508706612_1130431479125663_1538677431309827226_n.jpg","datePublished":"2025-08-31T12:19:32+00:00","dateModified":"2025-08-31T12:19:32+00:00","breadcrumb":{"@id":"https:\/\/horebnews.net\/index.php\/securite\/lutte-contre-linsecurite-le-capitaine-ibrahim-traore-encourage-les-forces-combattantes-de-la-region-du-centre-sud\/#breadcrumb"},"inLanguage":"fr-FR","potentialAction":[{"@type":"ReadAction","target":["https:\/\/horebnews.net\/index.php\/securite\/lutte-contre-linsecurite-le-capitaine-ibrahim-traore-encourage-les-forces-combattantes-de-la-region-du-centre-sud\/"]}]},{"@type":"ImageObject","inLanguage":"fr-FR","@id":"https:\/\/horebnews.net\/index.php\/securite\/lutte-contre-linsecurite-le-capitaine-ibrahim-traore-encourage-les-forces-combattantes-de-la-region-du-centre-sud\/#primaryimage","url":"https:\/\/horebnews.net\/wp-content\/uploads\/2025\/08\/508706612_1130431479125663_1538677431309827226_n.jpg","contentUrl":"https:\/\/horebnews.net\/wp-content\/uploads\/2025\/08\/508706612_1130431479125663_1538677431309827226_n.jpg","width":1600,"height":1067},{"@type":"BreadcrumbList","@id":"https:\/\/horebnews.net\/index.php\/securite\/lutte-contre-linsecurite-le-capitaine-ibrahim-traore-encourage-les-forces-combattantes-de-la-region-du-centre-sud\/#breadcrumb","itemListElement":[{"@type":"ListItem","position":1,"name":"Accueil","item":"https:\/\/horebnews.net\/"},{"@type":"ListItem","position":2,"name":"S\u00c9CURIT\u00c9","item":"https:\/\/horebnews.net\/index.php\/category\/securite\/"},{"@type":"ListItem","position":3,"name":"Lutte contre l\u2019ins\u00e9curit\u00e9 : le Capitaine Ibrahim Traor\u00e9 encourage les Forces combattantes de la r\u00e9gion du Centre-Sud."}]},{"@type":"WebSite","@id":"https:\/\/horebnews.net\/#website","url":"https:\/\/horebnews.net\/","name":"HOREBNEWS","description":"La vraie info","publisher":{"@id":"https:\/\/horebnews.net\/#organization"},"potentialAction":[{"@type":"SearchAction","target":{"@type":"EntryPoint","urlTemplate":"https:\/\/horebnews.net\/?s={search_term_string}"},"query-input":"required name=search_term_string"}],"inLanguage":"fr-FR"},{"@type":"Organization","@id":"https:\/\/horebnews.net\/#organization","name":"HOREBNEWS","url":"https:\/\/horebnews.net\/","logo":{"@type":"ImageObject","inLanguage":"fr-FR","@id":"https:\/\/horebnews.net\/#\/schema\/logo\/image\/","url":"http:\/\/horebnews.net\/wp-content\/uploads\/2024\/06\/Image-collee-7.png","contentUrl":"http:\/\/horebnews.net\/wp-content\/uploads\/2024\/06\/Image-collee-7.png","width":399,"height":113,"caption":"HOREBNEWS"},"image":{"@id":"https:\/\/horebnews.net\/#\/schema\/logo\/image\/"}},{"@type":"Person","@id":"https:\/\/horebnews.net\/#\/schema\/person\/6220ecfd92c7dd59560ac5df08114b42","name":"Salvador Ki\u00e9br\u00e9","image":{"@type":"ImageObject","inLanguage":"fr-FR","@id":"https:\/\/horebnews.net\/#\/schema\/person\/image\/","url":"https:\/\/secure.gravatar.com\/avatar\/f6d33f9478484bca7302ed6ef6ad859d?s=96&d=mm&r=g","contentUrl":"https:\/\/secure.gravatar.com\/avatar\/f6d33f9478484bca7302ed6ef6ad859d?s=96&d=mm&r=g","caption":"Salvador Ki\u00e9br\u00e9"},"sameAs":["http:\/\/horebnews.net"],"url":"https:\/\/horebnews.net\/index.php\/author\/demsco82\/"}]}},"wpmagazine_modules_lite_featured_media_urls":{"thumbnail":["https:\/\/horebnews.net\/wp-content\/uploads\/2025\/08\/508706612_1130431479125663_1538677431309827226_n-150x150.jpg",150,150,true],"cvmm-medium":["https:\/\/horebnews.net\/wp-content\/uploads\/2025\/08\/508706612_1130431479125663_1538677431309827226_n-300x300.jpg",300,300,true],"cvmm-medium-plus":["https:\/\/horebnews.net\/wp-content\/uploads\/2025\/08\/508706612_1130431479125663_1538677431309827226_n-305x207.jpg",305,207,true],"cvmm-portrait":["https:\/\/horebnews.net\/wp-content\/uploads\/2025\/08\/508706612_1130431479125663_1538677431309827226_n-400x600.jpg",400,600,true],"cvmm-medium-square":["https:\/\/horebnews.net\/wp-content\/uploads\/2025\/08\/508706612_1130431479125663_1538677431309827226_n-600x600.jpg",600,600,true],"cvmm-large":["https:\/\/horebnews.net\/wp-content\/uploads\/2025\/08\/508706612_1130431479125663_1538677431309827226_n-1024x1024.jpg",1024,1024,true],"cvmm-small":["https:\/\/horebnews.net\/wp-content\/uploads\/2025\/08\/508706612_1130431479125663_1538677431309827226_n-130x95.jpg",130,95,true],"full":["https:\/\/horebnews.net\/wp-content\/uploads\/2025\/08\/508706612_1130431479125663_1538677431309827226_n.jpg",1600,1067,false]},"categories_names":{"4":{"name":"S\u00c9CURIT\u00c9","link":"https:\/\/horebnews.net\/index.php\/category\/securite\/"}},"tags_names":[],"comments_number":"0","_links":{"self":[{"href":"https:\/\/horebnews.net\/index.php\/wp-json\/wp\/v2\/posts\/2409"}],"collection":[{"href":"https:\/\/horebnews.net\/index.php\/wp-json\/wp\/v2\/posts"}],"about":[{"href":"https:\/\/horebnews.net\/index.php\/wp-json\/wp\/v2\/types\/post"}],"author":[{"embeddable":true,"href":"https:\/\/horebnews.net\/index.php\/wp-json\/wp\/v2\/users\/1"}],"replies":[{"embeddable":true,"href":"https:\/\/horebnews.net\/index.php\/wp-json\/wp\/v2\/comments?post=2409"}],"version-history":[{"count":1,"href":"https:\/\/horebnews.net\/index.php\/wp-json\/wp\/v2\/posts\/2409\/revisions"}],"predecessor-version":[{"id":2412,"href":"https:\/\/horebnews.net\/index.php\/wp-json\/wp\/v2\/posts\/2409\/revisions\/2412"}],"wp:featuredmedia":[{"embeddable":true,"href":"https:\/\/horebnews.net\/index.php\/wp-json\/wp\/v2\/media\/2410"}],"wp:attachment":[{"href":"https:\/\/horebnews.net\/index.php\/wp-json\/wp\/v2\/media?parent=2409"}],"wp:term":[{"taxonomy":"category","embeddable":true,"href":"https:\/\/horebnews.net\/index.php\/wp-json\/wp\/v2\/categories?post=2409"},{"taxonomy":"post_tag","embeddable":true,"href":"https:\/\/horebnews.net\/index.php\/wp-json\/wp\/v2\/tags?post=2409"}],"curies":[{"name":"wp","href":"https:\/\/api.w.org\/{rel}","templated":true}]}}