{"id":2406,"date":"2025-08-31T13:44:57","date_gmt":"2025-08-31T11:44:57","guid":{"rendered":"https:\/\/horebnews.net\/?p=2406"},"modified":"2025-08-31T13:44:57","modified_gmt":"2025-08-31T11:44:57","slug":"conseil-des-ministres-les-tarifs-du-peage-routier-inchanges-sauf-pour-les-poids-lourds","status":"publish","type":"post","link":"https:\/\/horebnews.net\/index.php\/politique\/conseil-des-ministres-les-tarifs-du-peage-routier-inchanges-sauf-pour-les-poids-lourds\/","title":{"rendered":"Conseil des ministres : Les tarifs du p\u00e9age routier inchang\u00e9s sauf pour les poids lourds."},"content":{"rendered":"<p>Le Pr\u00e9sident du Faso, Chef de l\u2019\u00c9tat, le Capitaine Ibrahim TRAOR\u00c9 a pr\u00e9sid\u00e9 ce mercredi (28 Mai 2025), l\u2019hebdomadaire Conseil des ministres. Lors du point fait \u00e0 la presse \u00e0 l&rsquo;issue des travaux, le ministre Porte-parole du Gouvernement, Pingdwend\u00e9 Gilbert OU\u00c9DRAOGO a indiqu\u00e9 que plusieurs rapports ont \u00e9t\u00e9 adopt\u00e9s et des d\u00e9cisions importantes prises pour la bonne marche de la Nation.<\/p>\n<p>Au titre du minist\u00e8re des Infrastructures et du D\u00e9senclavement, le Conseil a adopt\u00e9 un projet de d\u00e9cret portant modalit\u00e9s de gestion du p\u00e9age sur les routes bitum\u00e9es \u00e0 l\u2019int\u00e9rieur des limites du Burkina Faso. Selon le ministre charg\u00e9 des Infrastructures, Adama Luc SORGHO, l\u2019innovation majeure de ce d\u00e9cret est la taxation des v\u00e9hicules poids lourds suivant le nombre des essieux : \u00ab On a pu d\u00e9velopper un dispositif au niveau des postes modernes o\u00f9 des capteurs install\u00e9s identifient le nombre d\u2019essieux. Plus vous modifiez le v\u00e9hicule plus vous payez. Cela permet au Fonds sp\u00e9cial routier de pouvoir mobiliser les fonds pour entretenir les routes \u00bb.<\/p>\n<p>Autres \u00e9volutions du texte :<\/p>\n<p>&#8211; la red\u00e9finition des cat\u00e9gories de v\u00e9hicules et engins astreints au p\u00e9age pour r\u00e9pondre \u00e0 la modernisation du syst\u00e8me de gestion des p\u00e9ages ;<\/p>\n<p>&#8211; la prise en compte formelle de la gestion des dommages caus\u00e9s aux installations du p\u00e9age par les usagers ;<\/p>\n<p>&#8211; l\u2019implication du d\u00e9partement en charge de la S\u00e9curit\u00e9, au regard de l\u2019accompagnement des forces de s\u00e9curit\u00e9 dans la gestion des p\u00e9ages.<\/p>\n<p>Et le Ministre SORGHO de conclure en pr\u00e9cisant que les tarifs du p\u00e9age routier restent inchang\u00e9s pour les v\u00e9hicules l\u00e9gers, les camionnettes, les motocyclettes et tricycles.<\/p>\n<p>Direction de la communication de la Pr\u00e9sidence du Faso<\/p>\n","protected":false},"excerpt":{"rendered":"<p>Le Pr\u00e9sident du Faso, Chef de l\u2019\u00c9tat, le Capitaine Ibrahim TRAOR\u00c9 a pr\u00e9sid\u00e9 ce mercredi (28 Mai 2025), l\u2019hebdomadaire Conseil des ministres. Lors du point fait \u00e0 la presse \u00e0 l&rsquo;issue des travaux, le ministre Porte-parole du Gouvernement, Pingdwend\u00e9 Gilbert OU\u00c9DRAOGO a indiqu\u00e9 que plusieurs rapports ont \u00e9t\u00e9 adopt\u00e9s et des d\u00e9cisions importantes prises pour [&hellip;]<\/p>\n","protected":false},"author":1,"featured_media":2407,"comment_status":"open","ping_status":"open","sticky":false,"template":"","format":"standard","meta":{"footnotes":""},"categories":[9],"tags":[],"yoast_head":"<!-- This site is optimized with the Yoast SEO plugin v22.9 - https:\/\/yoast.com\/wordpress\/plugins\/seo\/ -->\n<title>Conseil des ministres : Les tarifs du p\u00e9age routier inchang\u00e9s sauf pour les poids lourds. - HOREBNEWS<\/title>\n<meta name=\"robots\" content=\"index, follow, max-snippet:-1, max-image-preview:large, max-video-preview:-1\" \/>\n<link rel=\"canonical\" href=\"https:\/\/horebnews.net\/index.php\/politique\/conseil-des-ministres-les-tarifs-du-peage-routier-inchanges-sauf-pour-les-poids-lourds\/\" \/>\n<meta property=\"og:locale\" content=\"fr_FR\" \/>\n<meta property=\"og:type\" content=\"article\" \/>\n<meta property=\"og:title\" content=\"Conseil des ministres : Les tarifs du p\u00e9age routier inchang\u00e9s sauf pour les poids lourds. - HOREBNEWS\" \/>\n<meta property=\"og:description\" content=\"Le Pr\u00e9sident du Faso, Chef de l\u2019\u00c9tat, le Capitaine Ibrahim TRAOR\u00c9 a pr\u00e9sid\u00e9 ce mercredi (28 Mai 2025), l\u2019hebdomadaire Conseil des ministres. Lors du point fait \u00e0 la presse \u00e0 l&rsquo;issue des travaux, le ministre Porte-parole du Gouvernement, Pingdwend\u00e9 Gilbert OU\u00c9DRAOGO a indiqu\u00e9 que plusieurs rapports ont \u00e9t\u00e9 adopt\u00e9s et des d\u00e9cisions importantes prises pour [&hellip;]\" \/>\n<meta property=\"og:url\" content=\"https:\/\/horebnews.net\/index.php\/politique\/conseil-des-ministres-les-tarifs-du-peage-routier-inchanges-sauf-pour-les-poids-lourds\/\" \/>\n<meta property=\"og:site_name\" content=\"HOREBNEWS\" \/>\n<meta property=\"article:published_time\" content=\"2025-08-31T11:44:57+00:00\" \/>\n<meta property=\"og:image\" content=\"http:\/\/horebnews.net\/wp-content\/uploads\/2025\/08\/500849789_1114278117407666_8487756060661624490_n.jpg\" \/>\n\t<meta property=\"og:image:width\" content=\"1566\" \/>\n\t<meta property=\"og:image:height\" content=\"2048\" \/>\n\t<meta property=\"og:image:type\" content=\"image\/jpeg\" \/>\n<meta name=\"author\" content=\"Salvador Ki\u00e9br\u00e9\" \/>\n<meta name=\"twitter:card\" content=\"summary_large_image\" \/>\n<meta name=\"twitter:label1\" content=\"\u00c9crit par\" \/>\n\t<meta name=\"twitter:data1\" content=\"Salvador Ki\u00e9br\u00e9\" \/>\n\t<meta name=\"twitter:label2\" content=\"Dur\u00e9e de lecture estim\u00e9e\" \/>\n\t<meta name=\"twitter:data2\" content=\"2 minutes\" \/>\n<script type=\"application\/ld+json\" class=\"yoast-schema-graph\">{\"@context\":\"https:\/\/schema.org\",\"@graph\":[{\"@type\":\"Article\",\"@id\":\"https:\/\/horebnews.net\/index.php\/politique\/conseil-des-ministres-les-tarifs-du-peage-routier-inchanges-sauf-pour-les-poids-lourds\/#article\",\"isPartOf\":{\"@id\":\"https:\/\/horebnews.net\/index.php\/politique\/conseil-des-ministres-les-tarifs-du-peage-routier-inchanges-sauf-pour-les-poids-lourds\/\"},\"author\":{\"name\":\"Salvador Ki\u00e9br\u00e9\",\"@id\":\"https:\/\/horebnews.net\/#\/schema\/person\/6220ecfd92c7dd59560ac5df08114b42\"},\"headline\":\"Conseil des ministres : Les tarifs du p\u00e9age routier inchang\u00e9s sauf pour les poids lourds.\",\"datePublished\":\"2025-08-31T11:44:57+00:00\",\"dateModified\":\"2025-08-31T11:44:57+00:00\",\"mainEntityOfPage\":{\"@id\":\"https:\/\/horebnews.net\/index.php\/politique\/conseil-des-ministres-les-tarifs-du-peage-routier-inchanges-sauf-pour-les-poids-lourds\/\"},\"wordCount\":321,\"commentCount\":0,\"publisher\":{\"@id\":\"https:\/\/horebnews.net\/#organization\"},\"image\":{\"@id\":\"https:\/\/horebnews.net\/index.php\/politique\/conseil-des-ministres-les-tarifs-du-peage-routier-inchanges-sauf-pour-les-poids-lourds\/#primaryimage\"},\"thumbnailUrl\":\"https:\/\/horebnews.net\/wp-content\/uploads\/2025\/08\/500849789_1114278117407666_8487756060661624490_n.jpg\",\"articleSection\":[\"POLITIQUE\"],\"inLanguage\":\"fr-FR\",\"potentialAction\":[{\"@type\":\"CommentAction\",\"name\":\"Comment\",\"target\":[\"https:\/\/horebnews.net\/index.php\/politique\/conseil-des-ministres-les-tarifs-du-peage-routier-inchanges-sauf-pour-les-poids-lourds\/#respond\"]}]},{\"@type\":\"WebPage\",\"@id\":\"https:\/\/horebnews.net\/index.php\/politique\/conseil-des-ministres-les-tarifs-du-peage-routier-inchanges-sauf-pour-les-poids-lourds\/\",\"url\":\"https:\/\/horebnews.net\/index.php\/politique\/conseil-des-ministres-les-tarifs-du-peage-routier-inchanges-sauf-pour-les-poids-lourds\/\",\"name\":\"Conseil des ministres : Les tarifs du p\u00e9age routier inchang\u00e9s sauf pour les poids lourds. - HOREBNEWS\",\"isPartOf\":{\"@id\":\"https:\/\/horebnews.net\/#website\"},\"primaryImageOfPage\":{\"@id\":\"https:\/\/horebnews.net\/index.php\/politique\/conseil-des-ministres-les-tarifs-du-peage-routier-inchanges-sauf-pour-les-poids-lourds\/#primaryimage\"},\"image\":{\"@id\":\"https:\/\/horebnews.net\/index.php\/politique\/conseil-des-ministres-les-tarifs-du-peage-routier-inchanges-sauf-pour-les-poids-lourds\/#primaryimage\"},\"thumbnailUrl\":\"https:\/\/horebnews.net\/wp-content\/uploads\/2025\/08\/500849789_1114278117407666_8487756060661624490_n.jpg\",\"datePublished\":\"2025-08-31T11:44:57+00:00\",\"dateModified\":\"2025-08-31T11:44:57+00:00\",\"breadcrumb\":{\"@id\":\"https:\/\/horebnews.net\/index.php\/politique\/conseil-des-ministres-les-tarifs-du-peage-routier-inchanges-sauf-pour-les-poids-lourds\/#breadcrumb\"},\"inLanguage\":\"fr-FR\",\"potentialAction\":[{\"@type\":\"ReadAction\",\"target\":[\"https:\/\/horebnews.net\/index.php\/politique\/conseil-des-ministres-les-tarifs-du-peage-routier-inchanges-sauf-pour-les-poids-lourds\/\"]}]},{\"@type\":\"ImageObject\",\"inLanguage\":\"fr-FR\",\"@id\":\"https:\/\/horebnews.net\/index.php\/politique\/conseil-des-ministres-les-tarifs-du-peage-routier-inchanges-sauf-pour-les-poids-lourds\/#primaryimage\",\"url\":\"https:\/\/horebnews.net\/wp-content\/uploads\/2025\/08\/500849789_1114278117407666_8487756060661624490_n.jpg\",\"contentUrl\":\"https:\/\/horebnews.net\/wp-content\/uploads\/2025\/08\/500849789_1114278117407666_8487756060661624490_n.jpg\",\"width\":1566,\"height\":2048},{\"@type\":\"BreadcrumbList\",\"@id\":\"https:\/\/horebnews.net\/index.php\/politique\/conseil-des-ministres-les-tarifs-du-peage-routier-inchanges-sauf-pour-les-poids-lourds\/#breadcrumb\",\"itemListElement\":[{\"@type\":\"ListItem\",\"position\":1,\"name\":\"Accueil\",\"item\":\"https:\/\/horebnews.net\/\"},{\"@type\":\"ListItem\",\"position\":2,\"name\":\"POLITIQUE\",\"item\":\"https:\/\/horebnews.net\/index.php\/category\/politique\/\"},{\"@type\":\"ListItem\",\"position\":3,\"name\":\"Conseil des ministres : Les tarifs du p\u00e9age routier inchang\u00e9s sauf pour les poids lourds.\"}]},{\"@type\":\"WebSite\",\"@id\":\"https:\/\/horebnews.net\/#website\",\"url\":\"https:\/\/horebnews.net\/\",\"name\":\"HOREBNEWS\",\"description\":\"La vraie info\",\"publisher\":{\"@id\":\"https:\/\/horebnews.net\/#organization\"},\"potentialAction\":[{\"@type\":\"SearchAction\",\"target\":{\"@type\":\"EntryPoint\",\"urlTemplate\":\"https:\/\/horebnews.net\/?s={search_term_string}\"},\"query-input\":\"required name=search_term_string\"}],\"inLanguage\":\"fr-FR\"},{\"@type\":\"Organization\",\"@id\":\"https:\/\/horebnews.net\/#organization\",\"name\":\"HOREBNEWS\",\"url\":\"https:\/\/horebnews.net\/\",\"logo\":{\"@type\":\"ImageObject\",\"inLanguage\":\"fr-FR\",\"@id\":\"https:\/\/horebnews.net\/#\/schema\/logo\/image\/\",\"url\":\"http:\/\/horebnews.net\/wp-content\/uploads\/2024\/06\/Image-collee-7.png\",\"contentUrl\":\"http:\/\/horebnews.net\/wp-content\/uploads\/2024\/06\/Image-collee-7.png\",\"width\":399,\"height\":113,\"caption\":\"HOREBNEWS\"},\"image\":{\"@id\":\"https:\/\/horebnews.net\/#\/schema\/logo\/image\/\"}},{\"@type\":\"Person\",\"@id\":\"https:\/\/horebnews.net\/#\/schema\/person\/6220ecfd92c7dd59560ac5df08114b42\",\"name\":\"Salvador Ki\u00e9br\u00e9\",\"image\":{\"@type\":\"ImageObject\",\"inLanguage\":\"fr-FR\",\"@id\":\"https:\/\/horebnews.net\/#\/schema\/person\/image\/\",\"url\":\"https:\/\/secure.gravatar.com\/avatar\/f6d33f9478484bca7302ed6ef6ad859d?s=96&d=mm&r=g\",\"contentUrl\":\"https:\/\/secure.gravatar.com\/avatar\/f6d33f9478484bca7302ed6ef6ad859d?s=96&d=mm&r=g\",\"caption\":\"Salvador Ki\u00e9br\u00e9\"},\"sameAs\":[\"http:\/\/horebnews.net\"],\"url\":\"https:\/\/horebnews.net\/index.php\/author\/demsco82\/\"}]}<\/script>\n<!-- \/ Yoast SEO plugin. -->","yoast_head_json":{"title":"Conseil des ministres : Les tarifs du p\u00e9age routier inchang\u00e9s sauf pour les poids lourds. - HOREBNEWS","robots":{"index":"index","follow":"follow","max-snippet":"max-snippet:-1","max-image-preview":"max-image-preview:large","max-video-preview":"max-video-preview:-1"},"canonical":"https:\/\/horebnews.net\/index.php\/politique\/conseil-des-ministres-les-tarifs-du-peage-routier-inchanges-sauf-pour-les-poids-lourds\/","og_locale":"fr_FR","og_type":"article","og_title":"Conseil des ministres : Les tarifs du p\u00e9age routier inchang\u00e9s sauf pour les poids lourds. - HOREBNEWS","og_description":"Le Pr\u00e9sident du Faso, Chef de l\u2019\u00c9tat, le Capitaine Ibrahim TRAOR\u00c9 a pr\u00e9sid\u00e9 ce mercredi (28 Mai 2025), l\u2019hebdomadaire Conseil des ministres. Lors du point fait \u00e0 la presse \u00e0 l&rsquo;issue des travaux, le ministre Porte-parole du Gouvernement, Pingdwend\u00e9 Gilbert OU\u00c9DRAOGO a indiqu\u00e9 que plusieurs rapports ont \u00e9t\u00e9 adopt\u00e9s et des d\u00e9cisions importantes prises pour [&hellip;]","og_url":"https:\/\/horebnews.net\/index.php\/politique\/conseil-des-ministres-les-tarifs-du-peage-routier-inchanges-sauf-pour-les-poids-lourds\/","og_site_name":"HOREBNEWS","article_published_time":"2025-08-31T11:44:57+00:00","og_image":[{"width":1566,"height":2048,"url":"http:\/\/horebnews.net\/wp-content\/uploads\/2025\/08\/500849789_1114278117407666_8487756060661624490_n.jpg","type":"image\/jpeg"}],"author":"Salvador Ki\u00e9br\u00e9","twitter_card":"summary_large_image","twitter_misc":{"\u00c9crit par":"Salvador Ki\u00e9br\u00e9","Dur\u00e9e de lecture estim\u00e9e":"2 minutes"},"schema":{"@context":"https:\/\/schema.org","@graph":[{"@type":"Article","@id":"https:\/\/horebnews.net\/index.php\/politique\/conseil-des-ministres-les-tarifs-du-peage-routier-inchanges-sauf-pour-les-poids-lourds\/#article","isPartOf":{"@id":"https:\/\/horebnews.net\/index.php\/politique\/conseil-des-ministres-les-tarifs-du-peage-routier-inchanges-sauf-pour-les-poids-lourds\/"},"author":{"name":"Salvador Ki\u00e9br\u00e9","@id":"https:\/\/horebnews.net\/#\/schema\/person\/6220ecfd92c7dd59560ac5df08114b42"},"headline":"Conseil des ministres : Les tarifs du p\u00e9age routier inchang\u00e9s sauf pour les poids lourds.","datePublished":"2025-08-31T11:44:57+00:00","dateModified":"2025-08-31T11:44:57+00:00","mainEntityOfPage":{"@id":"https:\/\/horebnews.net\/index.php\/politique\/conseil-des-ministres-les-tarifs-du-peage-routier-inchanges-sauf-pour-les-poids-lourds\/"},"wordCount":321,"commentCount":0,"publisher":{"@id":"https:\/\/horebnews.net\/#organization"},"image":{"@id":"https:\/\/horebnews.net\/index.php\/politique\/conseil-des-ministres-les-tarifs-du-peage-routier-inchanges-sauf-pour-les-poids-lourds\/#primaryimage"},"thumbnailUrl":"https:\/\/horebnews.net\/wp-content\/uploads\/2025\/08\/500849789_1114278117407666_8487756060661624490_n.jpg","articleSection":["POLITIQUE"],"inLanguage":"fr-FR","potentialAction":[{"@type":"CommentAction","name":"Comment","target":["https:\/\/horebnews.net\/index.php\/politique\/conseil-des-ministres-les-tarifs-du-peage-routier-inchanges-sauf-pour-les-poids-lourds\/#respond"]}]},{"@type":"WebPage","@id":"https:\/\/horebnews.net\/index.php\/politique\/conseil-des-ministres-les-tarifs-du-peage-routier-inchanges-sauf-pour-les-poids-lourds\/","url":"https:\/\/horebnews.net\/index.php\/politique\/conseil-des-ministres-les-tarifs-du-peage-routier-inchanges-sauf-pour-les-poids-lourds\/","name":"Conseil des ministres : Les tarifs du p\u00e9age routier inchang\u00e9s sauf pour les poids lourds. - HOREBNEWS","isPartOf":{"@id":"https:\/\/horebnews.net\/#website"},"primaryImageOfPage":{"@id":"https:\/\/horebnews.net\/index.php\/politique\/conseil-des-ministres-les-tarifs-du-peage-routier-inchanges-sauf-pour-les-poids-lourds\/#primaryimage"},"image":{"@id":"https:\/\/horebnews.net\/index.php\/politique\/conseil-des-ministres-les-tarifs-du-peage-routier-inchanges-sauf-pour-les-poids-lourds\/#primaryimage"},"thumbnailUrl":"https:\/\/horebnews.net\/wp-content\/uploads\/2025\/08\/500849789_1114278117407666_8487756060661624490_n.jpg","datePublished":"2025-08-31T11:44:57+00:00","dateModified":"2025-08-31T11:44:57+00:00","breadcrumb":{"@id":"https:\/\/horebnews.net\/index.php\/politique\/conseil-des-ministres-les-tarifs-du-peage-routier-inchanges-sauf-pour-les-poids-lourds\/#breadcrumb"},"inLanguage":"fr-FR","potentialAction":[{"@type":"ReadAction","target":["https:\/\/horebnews.net\/index.php\/politique\/conseil-des-ministres-les-tarifs-du-peage-routier-inchanges-sauf-pour-les-poids-lourds\/"]}]},{"@type":"ImageObject","inLanguage":"fr-FR","@id":"https:\/\/horebnews.net\/index.php\/politique\/conseil-des-ministres-les-tarifs-du-peage-routier-inchanges-sauf-pour-les-poids-lourds\/#primaryimage","url":"https:\/\/horebnews.net\/wp-content\/uploads\/2025\/08\/500849789_1114278117407666_8487756060661624490_n.jpg","contentUrl":"https:\/\/horebnews.net\/wp-content\/uploads\/2025\/08\/500849789_1114278117407666_8487756060661624490_n.jpg","width":1566,"height":2048},{"@type":"BreadcrumbList","@id":"https:\/\/horebnews.net\/index.php\/politique\/conseil-des-ministres-les-tarifs-du-peage-routier-inchanges-sauf-pour-les-poids-lourds\/#breadcrumb","itemListElement":[{"@type":"ListItem","position":1,"name":"Accueil","item":"https:\/\/horebnews.net\/"},{"@type":"ListItem","position":2,"name":"POLITIQUE","item":"https:\/\/horebnews.net\/index.php\/category\/politique\/"},{"@type":"ListItem","position":3,"name":"Conseil des ministres : Les tarifs du p\u00e9age routier inchang\u00e9s sauf pour les poids lourds."}]},{"@type":"WebSite","@id":"https:\/\/horebnews.net\/#website","url":"https:\/\/horebnews.net\/","name":"HOREBNEWS","description":"La vraie info","publisher":{"@id":"https:\/\/horebnews.net\/#organization"},"potentialAction":[{"@type":"SearchAction","target":{"@type":"EntryPoint","urlTemplate":"https:\/\/horebnews.net\/?s={search_term_string}"},"query-input":"required name=search_term_string"}],"inLanguage":"fr-FR"},{"@type":"Organization","@id":"https:\/\/horebnews.net\/#organization","name":"HOREBNEWS","url":"https:\/\/horebnews.net\/","logo":{"@type":"ImageObject","inLanguage":"fr-FR","@id":"https:\/\/horebnews.net\/#\/schema\/logo\/image\/","url":"http:\/\/horebnews.net\/wp-content\/uploads\/2024\/06\/Image-collee-7.png","contentUrl":"http:\/\/horebnews.net\/wp-content\/uploads\/2024\/06\/Image-collee-7.png","width":399,"height":113,"caption":"HOREBNEWS"},"image":{"@id":"https:\/\/horebnews.net\/#\/schema\/logo\/image\/"}},{"@type":"Person","@id":"https:\/\/horebnews.net\/#\/schema\/person\/6220ecfd92c7dd59560ac5df08114b42","name":"Salvador Ki\u00e9br\u00e9","image":{"@type":"ImageObject","inLanguage":"fr-FR","@id":"https:\/\/horebnews.net\/#\/schema\/person\/image\/","url":"https:\/\/secure.gravatar.com\/avatar\/f6d33f9478484bca7302ed6ef6ad859d?s=96&d=mm&r=g","contentUrl":"https:\/\/secure.gravatar.com\/avatar\/f6d33f9478484bca7302ed6ef6ad859d?s=96&d=mm&r=g","caption":"Salvador Ki\u00e9br\u00e9"},"sameAs":["http:\/\/horebnews.net"],"url":"https:\/\/horebnews.net\/index.php\/author\/demsco82\/"}]}},"wpmagazine_modules_lite_featured_media_urls":{"thumbnail":["https:\/\/horebnews.net\/wp-content\/uploads\/2025\/08\/500849789_1114278117407666_8487756060661624490_n-150x150.jpg",150,150,true],"cvmm-medium":["https:\/\/horebnews.net\/wp-content\/uploads\/2025\/08\/500849789_1114278117407666_8487756060661624490_n-300x300.jpg",300,300,true],"cvmm-medium-plus":["https:\/\/horebnews.net\/wp-content\/uploads\/2025\/08\/500849789_1114278117407666_8487756060661624490_n-305x207.jpg",305,207,true],"cvmm-portrait":["https:\/\/horebnews.net\/wp-content\/uploads\/2025\/08\/500849789_1114278117407666_8487756060661624490_n-400x600.jpg",400,600,true],"cvmm-medium-square":["https:\/\/horebnews.net\/wp-content\/uploads\/2025\/08\/500849789_1114278117407666_8487756060661624490_n-600x600.jpg",600,600,true],"cvmm-large":["https:\/\/horebnews.net\/wp-content\/uploads\/2025\/08\/500849789_1114278117407666_8487756060661624490_n-1024x1024.jpg",1024,1024,true],"cvmm-small":["https:\/\/horebnews.net\/wp-content\/uploads\/2025\/08\/500849789_1114278117407666_8487756060661624490_n-130x95.jpg",130,95,true],"full":["https:\/\/horebnews.net\/wp-content\/uploads\/2025\/08\/500849789_1114278117407666_8487756060661624490_n.jpg",1566,2048,false]},"categories_names":{"9":{"name":"POLITIQUE","link":"https:\/\/horebnews.net\/index.php\/category\/politique\/"}},"tags_names":[],"comments_number":"0","_links":{"self":[{"href":"https:\/\/horebnews.net\/index.php\/wp-json\/wp\/v2\/posts\/2406"}],"collection":[{"href":"https:\/\/horebnews.net\/index.php\/wp-json\/wp\/v2\/posts"}],"about":[{"href":"https:\/\/horebnews.net\/index.php\/wp-json\/wp\/v2\/types\/post"}],"author":[{"embeddable":true,"href":"https:\/\/horebnews.net\/index.php\/wp-json\/wp\/v2\/users\/1"}],"replies":[{"embeddable":true,"href":"https:\/\/horebnews.net\/index.php\/wp-json\/wp\/v2\/comments?post=2406"}],"version-history":[{"count":1,"href":"https:\/\/horebnews.net\/index.php\/wp-json\/wp\/v2\/posts\/2406\/revisions"}],"predecessor-version":[{"id":2408,"href":"https:\/\/horebnews.net\/index.php\/wp-json\/wp\/v2\/posts\/2406\/revisions\/2408"}],"wp:featuredmedia":[{"embeddable":true,"href":"https:\/\/horebnews.net\/index.php\/wp-json\/wp\/v2\/media\/2407"}],"wp:attachment":[{"href":"https:\/\/horebnews.net\/index.php\/wp-json\/wp\/v2\/media?parent=2406"}],"wp:term":[{"taxonomy":"category","embeddable":true,"href":"https:\/\/horebnews.net\/index.php\/wp-json\/wp\/v2\/categories?post=2406"},{"taxonomy":"post_tag","embeddable":true,"href":"https:\/\/horebnews.net\/index.php\/wp-json\/wp\/v2\/tags?post=2406"}],"curies":[{"name":"wp","href":"https:\/\/api.w.org\/{rel}","templated":true}]}}