{"id":2332,"date":"2025-08-20T13:56:34","date_gmt":"2025-08-20T11:56:34","guid":{"rendered":"https:\/\/horebnews.net\/?p=2332"},"modified":"2025-08-20T13:56:34","modified_gmt":"2025-08-20T11:56:34","slug":"lutte-contre-limperialisme-des-legendes-du-football-africain-expriment-leur-solidarite-au-president-du-faso","status":"publish","type":"post","link":"https:\/\/horebnews.net\/index.php\/sport\/lutte-contre-limperialisme-des-legendes-du-football-africain-expriment-leur-solidarite-au-president-du-faso\/","title":{"rendered":"Lutte contre l&rsquo;imp\u00e9rialisme: Des l\u00e9gendes du football africain expriment leur solidarit\u00e9 au Pr\u00e9sident du Faso."},"content":{"rendered":"<p>Le jeu collectif de l\u2019\u00e9quipe de la Pr\u00e9sidence du Faso, la Pr\u00e9Faso, a triomph\u00e9 des individualit\u00e9s des anciennes gloires du football africain le 05 ao\u00fbt dernier, date anniversaire de l\u2019accession \u00e0 l\u2019ind\u00e9pendance de notre pays. Le Pr\u00e9sident du Faso, le Capitaine Ibrahim TRAOR\u00c9 et ses proches collaborateurs ont victorieusement crois\u00e9 leurs crampons avec ceux des anciens internationaux africains, pr\u00e9sents \u00e0 Ouagadougou dans le cadre de la r\u00e9ouverture du Stade du 4-Ao\u00fbt.<\/p>\n<p>Entre autres, Rigobert SONG, El-Hadj DIOUF, Emmanuel ADEBAYOR, St\u00e9phane MBIA, Ebang OVONO, Benjamin MOUKANDJO, Mamadou NIANG, Mani SAPOL, Karim HAGGUI, Ta\u00efwo TAYE, Charles KABOR\u00c9, Alain TRAOR\u00c9, Moumouni DAGANO, Rahim OUEDRAOGO, Bakary KON\u00c9, Adama GUIRA sont mont\u00e9s sur la pelouse pour une partie de 2 fois 30 minutes.<br \/>\nD\u00e8s l\u2019entame du match, la Pr\u00e9Faso ouvre le score \u00e0 la 5e mn, avec le Commandant Basile ZONGO. \u00c0 la 12e mn, le Capitaine Ibrahim TRAOR\u00c9, ach\u00e8ve une action hautement coordonn\u00e9e en inscrivant le 2e but, puis \u00e0 la 29e mn, le Commandant Basile ZONGO accomplit son doubl\u00e9 sur une frappe chirurgicale. 3 buts \u00e0 0 au profit de l\u2019\u00e9quipe de la Pr\u00e9sidence du Faso. C\u2019est le score \u00e0 la pause.<\/p>\n<p><img fetchpriority=\"high\" decoding=\"async\" class=\"alignnone size-medium wp-image-2333\" src=\"http:\/\/horebnews.net\/wp-content\/uploads\/2025\/08\/1755690473478-300x200.jpg\" alt=\"\" width=\"300\" height=\"200\" srcset=\"https:\/\/horebnews.net\/wp-content\/uploads\/2025\/08\/1755690473478-300x200.jpg 300w, https:\/\/horebnews.net\/wp-content\/uploads\/2025\/08\/1755690473478.jpg 720w\" sizes=\"(max-width: 300px) 100vw, 300px\" \/><\/p>\n<p>\u00c0 la reprise Mohamed KOFFI r\u00e9duit le score \u00e0 la 39e mn au profit des l\u00e9gendes du football africain, mais c\u2019est sans compter avec la d\u00e9termination du Capitaine TRAOR\u00c9 qui signe son doubl\u00e9 \u00e0 la 41e mn. Puis \u00e0 la 53e mn, la Pr\u00e9sidence du Faso plie le match avec un 5e but. Et ce n\u2019est pas tout, le Capitaine Ibrahim TRAOR\u00c9 va clore le festival des buts avec son tripl\u00e9 \u00e0 la 56e mn.<\/p>\n<p>Score final, 6 buts \u00e0 1 pour la Pr\u00e9Faso avec un tripl\u00e9 du Chef de l\u2019\u00c9tat, le Capitaine Ibrahim TRAOR\u00c9.<\/p>\n<p>Porter le message d\u2019unit\u00e9 \u00e0 la jeunesse africaine<\/p>\n<p>Au-del\u00e0 de l\u2019exercice sportif, ce match rev\u00eat un caract\u00e8re symbolique : l\u2019amiti\u00e9, la solidarit\u00e9 et le soutien de ces l\u00e9gendes du football \u00e0 l\u2019endroit du Burkina Faso. C\u2019est aussi l\u2019expression de l\u2019unit\u00e9 de la jeunesse africaine, tr\u00e8s ch\u00e8re au Pr\u00e9sident du Faso.<\/p>\n<p>\u00abPour d\u00e9velopper notre continent, on a besoin d\u2019une jeunesse bien portante. Et pour \u00eatre bien portant, il faut pratiquer le sport (\u2026) On a besoin de sport pour que notre jeunesse soit saine pour d\u00e9velopper notre Nation \u00bb, rappelle le Capitaine Ibrahim TRAOR\u00c9 \u00e0 ces sportifs de haut niveau.<\/p>\n<ul>\n<li><img decoding=\"async\" class=\"alignnone size-medium wp-image-2334\" src=\"http:\/\/horebnews.net\/wp-content\/uploads\/2025\/08\/1755690488254-300x200.jpg\" alt=\"\" width=\"300\" height=\"200\" srcset=\"https:\/\/horebnews.net\/wp-content\/uploads\/2025\/08\/1755690488254-300x200.jpg 300w, https:\/\/horebnews.net\/wp-content\/uploads\/2025\/08\/1755690488254.jpg 720w\" sizes=\"(max-width: 300px) 100vw, 300px\" \/><\/li>\n<\/ul>\n<p><!--more--><\/p>\n<p>Le Pr\u00e9sident du Faso reste convaincu : \u00ab Vos voix portent tellement loin qu\u2019il faut que vous continuiez \u00e0 parler \u00e0 la jeunesse, \u00e0 la jeunesse africaine. On peut changer les choses, on peut quitter cette situation de mis\u00e8re, cette situation de conflit pour vivre ensemble de mani\u00e8re digne, responsable et exploiter nos ressources pour nous-m\u00eames \u00bb.<\/p>\n<p>En r\u00e9ponse, les anciens internationaux africains par la voix de leur porte-parole, le camerounais Rigobert SONG, ont r\u00e9affirm\u00e9 leur soutien ind\u00e9fectible au Capitaine Ibrahim TRAOR\u00c9 dans sa lutte \u00e9mancipatrice pour son pays, pour l\u2019Afrique et pour l\u2019homme noir. \u00ab Nous avons arr\u00eat\u00e9 nos carri\u00e8res, mais nous sommes rest\u00e9s toujours actifs. Monsieur le Pr\u00e9sident, vous \u00eates l\u2019idole de la jeunesse et nous vous soutenons \u00bb, d\u00e9clare SONG qui dit admirer le Pr\u00e9sident du Faso pour sa vision d\u2019une Afrique libre, digne, souveraine, prosp\u00e8re et d\u00e9barrass\u00e9e des pr\u00e9jug\u00e9s.<\/p>\n<p>Source: Direction de la Communication de la Pr\u00e9sidence du Faso<\/p>\n","protected":false},"excerpt":{"rendered":"<p>Le jeu collectif de l\u2019\u00e9quipe de la Pr\u00e9sidence du Faso, la Pr\u00e9Faso, a triomph\u00e9 des individualit\u00e9s des anciennes gloires du football africain le 05 ao\u00fbt dernier, date anniversaire de l\u2019accession \u00e0 l\u2019ind\u00e9pendance de notre pays. Le Pr\u00e9sident du Faso, le Capitaine Ibrahim TRAOR\u00c9 et ses proches collaborateurs ont victorieusement crois\u00e9 leurs crampons avec ceux des [&hellip;]<\/p>\n","protected":false},"author":1,"featured_media":2335,"comment_status":"open","ping_status":"open","sticky":false,"template":"","format":"standard","meta":{"footnotes":""},"categories":[8],"tags":[],"yoast_head":"<!-- This site is optimized with the Yoast SEO plugin v22.9 - https:\/\/yoast.com\/wordpress\/plugins\/seo\/ -->\n<title>Lutte contre l&#039;imp\u00e9rialisme: Des l\u00e9gendes du football africain expriment leur solidarit\u00e9 au Pr\u00e9sident du Faso. - HOREBNEWS<\/title>\n<meta name=\"robots\" content=\"index, follow, max-snippet:-1, max-image-preview:large, max-video-preview:-1\" \/>\n<link rel=\"canonical\" href=\"https:\/\/horebnews.net\/index.php\/sport\/lutte-contre-limperialisme-des-legendes-du-football-africain-expriment-leur-solidarite-au-president-du-faso\/\" \/>\n<meta property=\"og:locale\" content=\"fr_FR\" \/>\n<meta property=\"og:type\" content=\"article\" \/>\n<meta property=\"og:title\" content=\"Lutte contre l&#039;imp\u00e9rialisme: Des l\u00e9gendes du football africain expriment leur solidarit\u00e9 au Pr\u00e9sident du Faso. - HOREBNEWS\" \/>\n<meta property=\"og:description\" content=\"Le jeu collectif de l\u2019\u00e9quipe de la Pr\u00e9sidence du Faso, la Pr\u00e9Faso, a triomph\u00e9 des individualit\u00e9s des anciennes gloires du football africain le 05 ao\u00fbt dernier, date anniversaire de l\u2019accession \u00e0 l\u2019ind\u00e9pendance de notre pays. Le Pr\u00e9sident du Faso, le Capitaine Ibrahim TRAOR\u00c9 et ses proches collaborateurs ont victorieusement crois\u00e9 leurs crampons avec ceux des [&hellip;]\" \/>\n<meta property=\"og:url\" content=\"https:\/\/horebnews.net\/index.php\/sport\/lutte-contre-limperialisme-des-legendes-du-football-africain-expriment-leur-solidarite-au-president-du-faso\/\" \/>\n<meta property=\"og:site_name\" content=\"HOREBNEWS\" \/>\n<meta property=\"article:published_time\" content=\"2025-08-20T11:56:34+00:00\" \/>\n<meta property=\"og:image\" content=\"http:\/\/horebnews.net\/wp-content\/uploads\/2025\/08\/1755690465258.jpg\" \/>\n\t<meta property=\"og:image:width\" content=\"720\" \/>\n\t<meta property=\"og:image:height\" content=\"480\" \/>\n\t<meta property=\"og:image:type\" content=\"image\/jpeg\" \/>\n<meta name=\"author\" content=\"Salvador Ki\u00e9br\u00e9\" \/>\n<meta name=\"twitter:card\" content=\"summary_large_image\" \/>\n<meta name=\"twitter:label1\" content=\"\u00c9crit par\" \/>\n\t<meta name=\"twitter:data1\" content=\"Salvador Ki\u00e9br\u00e9\" \/>\n\t<meta name=\"twitter:label2\" content=\"Dur\u00e9e de lecture estim\u00e9e\" \/>\n\t<meta name=\"twitter:data2\" content=\"4 minutes\" \/>\n<script type=\"application\/ld+json\" class=\"yoast-schema-graph\">{\"@context\":\"https:\/\/schema.org\",\"@graph\":[{\"@type\":\"Article\",\"@id\":\"https:\/\/horebnews.net\/index.php\/sport\/lutte-contre-limperialisme-des-legendes-du-football-africain-expriment-leur-solidarite-au-president-du-faso\/#article\",\"isPartOf\":{\"@id\":\"https:\/\/horebnews.net\/index.php\/sport\/lutte-contre-limperialisme-des-legendes-du-football-africain-expriment-leur-solidarite-au-president-du-faso\/\"},\"author\":{\"name\":\"Salvador Ki\u00e9br\u00e9\",\"@id\":\"https:\/\/horebnews.net\/#\/schema\/person\/6220ecfd92c7dd59560ac5df08114b42\"},\"headline\":\"Lutte contre l&rsquo;imp\u00e9rialisme: Des l\u00e9gendes du football africain expriment leur solidarit\u00e9 au Pr\u00e9sident du Faso.\",\"datePublished\":\"2025-08-20T11:56:34+00:00\",\"dateModified\":\"2025-08-20T11:56:34+00:00\",\"mainEntityOfPage\":{\"@id\":\"https:\/\/horebnews.net\/index.php\/sport\/lutte-contre-limperialisme-des-legendes-du-football-africain-expriment-leur-solidarite-au-president-du-faso\/\"},\"wordCount\":592,\"commentCount\":0,\"publisher\":{\"@id\":\"https:\/\/horebnews.net\/#organization\"},\"image\":{\"@id\":\"https:\/\/horebnews.net\/index.php\/sport\/lutte-contre-limperialisme-des-legendes-du-football-africain-expriment-leur-solidarite-au-president-du-faso\/#primaryimage\"},\"thumbnailUrl\":\"https:\/\/horebnews.net\/wp-content\/uploads\/2025\/08\/1755690465258.jpg\",\"articleSection\":[\"SPORT\"],\"inLanguage\":\"fr-FR\",\"potentialAction\":[{\"@type\":\"CommentAction\",\"name\":\"Comment\",\"target\":[\"https:\/\/horebnews.net\/index.php\/sport\/lutte-contre-limperialisme-des-legendes-du-football-africain-expriment-leur-solidarite-au-president-du-faso\/#respond\"]}]},{\"@type\":\"WebPage\",\"@id\":\"https:\/\/horebnews.net\/index.php\/sport\/lutte-contre-limperialisme-des-legendes-du-football-africain-expriment-leur-solidarite-au-president-du-faso\/\",\"url\":\"https:\/\/horebnews.net\/index.php\/sport\/lutte-contre-limperialisme-des-legendes-du-football-africain-expriment-leur-solidarite-au-president-du-faso\/\",\"name\":\"Lutte contre l'imp\u00e9rialisme: Des l\u00e9gendes du football africain expriment leur solidarit\u00e9 au Pr\u00e9sident du Faso. - HOREBNEWS\",\"isPartOf\":{\"@id\":\"https:\/\/horebnews.net\/#website\"},\"primaryImageOfPage\":{\"@id\":\"https:\/\/horebnews.net\/index.php\/sport\/lutte-contre-limperialisme-des-legendes-du-football-africain-expriment-leur-solidarite-au-president-du-faso\/#primaryimage\"},\"image\":{\"@id\":\"https:\/\/horebnews.net\/index.php\/sport\/lutte-contre-limperialisme-des-legendes-du-football-africain-expriment-leur-solidarite-au-president-du-faso\/#primaryimage\"},\"thumbnailUrl\":\"https:\/\/horebnews.net\/wp-content\/uploads\/2025\/08\/1755690465258.jpg\",\"datePublished\":\"2025-08-20T11:56:34+00:00\",\"dateModified\":\"2025-08-20T11:56:34+00:00\",\"breadcrumb\":{\"@id\":\"https:\/\/horebnews.net\/index.php\/sport\/lutte-contre-limperialisme-des-legendes-du-football-africain-expriment-leur-solidarite-au-president-du-faso\/#breadcrumb\"},\"inLanguage\":\"fr-FR\",\"potentialAction\":[{\"@type\":\"ReadAction\",\"target\":[\"https:\/\/horebnews.net\/index.php\/sport\/lutte-contre-limperialisme-des-legendes-du-football-africain-expriment-leur-solidarite-au-president-du-faso\/\"]}]},{\"@type\":\"ImageObject\",\"inLanguage\":\"fr-FR\",\"@id\":\"https:\/\/horebnews.net\/index.php\/sport\/lutte-contre-limperialisme-des-legendes-du-football-africain-expriment-leur-solidarite-au-president-du-faso\/#primaryimage\",\"url\":\"https:\/\/horebnews.net\/wp-content\/uploads\/2025\/08\/1755690465258.jpg\",\"contentUrl\":\"https:\/\/horebnews.net\/wp-content\/uploads\/2025\/08\/1755690465258.jpg\",\"width\":720,\"height\":480},{\"@type\":\"BreadcrumbList\",\"@id\":\"https:\/\/horebnews.net\/index.php\/sport\/lutte-contre-limperialisme-des-legendes-du-football-africain-expriment-leur-solidarite-au-president-du-faso\/#breadcrumb\",\"itemListElement\":[{\"@type\":\"ListItem\",\"position\":1,\"name\":\"Accueil\",\"item\":\"https:\/\/horebnews.net\/\"},{\"@type\":\"ListItem\",\"position\":2,\"name\":\"SPORT\",\"item\":\"https:\/\/horebnews.net\/index.php\/category\/sport\/\"},{\"@type\":\"ListItem\",\"position\":3,\"name\":\"Lutte contre l&rsquo;imp\u00e9rialisme: Des l\u00e9gendes du football africain expriment leur solidarit\u00e9 au Pr\u00e9sident du Faso.\"}]},{\"@type\":\"WebSite\",\"@id\":\"https:\/\/horebnews.net\/#website\",\"url\":\"https:\/\/horebnews.net\/\",\"name\":\"HOREBNEWS\",\"description\":\"La vraie info\",\"publisher\":{\"@id\":\"https:\/\/horebnews.net\/#organization\"},\"potentialAction\":[{\"@type\":\"SearchAction\",\"target\":{\"@type\":\"EntryPoint\",\"urlTemplate\":\"https:\/\/horebnews.net\/?s={search_term_string}\"},\"query-input\":\"required name=search_term_string\"}],\"inLanguage\":\"fr-FR\"},{\"@type\":\"Organization\",\"@id\":\"https:\/\/horebnews.net\/#organization\",\"name\":\"HOREBNEWS\",\"url\":\"https:\/\/horebnews.net\/\",\"logo\":{\"@type\":\"ImageObject\",\"inLanguage\":\"fr-FR\",\"@id\":\"https:\/\/horebnews.net\/#\/schema\/logo\/image\/\",\"url\":\"http:\/\/horebnews.net\/wp-content\/uploads\/2024\/06\/Image-collee-7.png\",\"contentUrl\":\"http:\/\/horebnews.net\/wp-content\/uploads\/2024\/06\/Image-collee-7.png\",\"width\":399,\"height\":113,\"caption\":\"HOREBNEWS\"},\"image\":{\"@id\":\"https:\/\/horebnews.net\/#\/schema\/logo\/image\/\"}},{\"@type\":\"Person\",\"@id\":\"https:\/\/horebnews.net\/#\/schema\/person\/6220ecfd92c7dd59560ac5df08114b42\",\"name\":\"Salvador Ki\u00e9br\u00e9\",\"image\":{\"@type\":\"ImageObject\",\"inLanguage\":\"fr-FR\",\"@id\":\"https:\/\/horebnews.net\/#\/schema\/person\/image\/\",\"url\":\"https:\/\/secure.gravatar.com\/avatar\/f6d33f9478484bca7302ed6ef6ad859d?s=96&d=mm&r=g\",\"contentUrl\":\"https:\/\/secure.gravatar.com\/avatar\/f6d33f9478484bca7302ed6ef6ad859d?s=96&d=mm&r=g\",\"caption\":\"Salvador Ki\u00e9br\u00e9\"},\"sameAs\":[\"http:\/\/horebnews.net\"],\"url\":\"https:\/\/horebnews.net\/index.php\/author\/demsco82\/\"}]}<\/script>\n<!-- \/ Yoast SEO plugin. -->","yoast_head_json":{"title":"Lutte contre l'imp\u00e9rialisme: Des l\u00e9gendes du football africain expriment leur solidarit\u00e9 au Pr\u00e9sident du Faso. - HOREBNEWS","robots":{"index":"index","follow":"follow","max-snippet":"max-snippet:-1","max-image-preview":"max-image-preview:large","max-video-preview":"max-video-preview:-1"},"canonical":"https:\/\/horebnews.net\/index.php\/sport\/lutte-contre-limperialisme-des-legendes-du-football-africain-expriment-leur-solidarite-au-president-du-faso\/","og_locale":"fr_FR","og_type":"article","og_title":"Lutte contre l'imp\u00e9rialisme: Des l\u00e9gendes du football africain expriment leur solidarit\u00e9 au Pr\u00e9sident du Faso. - HOREBNEWS","og_description":"Le jeu collectif de l\u2019\u00e9quipe de la Pr\u00e9sidence du Faso, la Pr\u00e9Faso, a triomph\u00e9 des individualit\u00e9s des anciennes gloires du football africain le 05 ao\u00fbt dernier, date anniversaire de l\u2019accession \u00e0 l\u2019ind\u00e9pendance de notre pays. Le Pr\u00e9sident du Faso, le Capitaine Ibrahim TRAOR\u00c9 et ses proches collaborateurs ont victorieusement crois\u00e9 leurs crampons avec ceux des [&hellip;]","og_url":"https:\/\/horebnews.net\/index.php\/sport\/lutte-contre-limperialisme-des-legendes-du-football-africain-expriment-leur-solidarite-au-president-du-faso\/","og_site_name":"HOREBNEWS","article_published_time":"2025-08-20T11:56:34+00:00","og_image":[{"width":720,"height":480,"url":"http:\/\/horebnews.net\/wp-content\/uploads\/2025\/08\/1755690465258.jpg","type":"image\/jpeg"}],"author":"Salvador Ki\u00e9br\u00e9","twitter_card":"summary_large_image","twitter_misc":{"\u00c9crit par":"Salvador Ki\u00e9br\u00e9","Dur\u00e9e de lecture estim\u00e9e":"4 minutes"},"schema":{"@context":"https:\/\/schema.org","@graph":[{"@type":"Article","@id":"https:\/\/horebnews.net\/index.php\/sport\/lutte-contre-limperialisme-des-legendes-du-football-africain-expriment-leur-solidarite-au-president-du-faso\/#article","isPartOf":{"@id":"https:\/\/horebnews.net\/index.php\/sport\/lutte-contre-limperialisme-des-legendes-du-football-africain-expriment-leur-solidarite-au-president-du-faso\/"},"author":{"name":"Salvador Ki\u00e9br\u00e9","@id":"https:\/\/horebnews.net\/#\/schema\/person\/6220ecfd92c7dd59560ac5df08114b42"},"headline":"Lutte contre l&rsquo;imp\u00e9rialisme: Des l\u00e9gendes du football africain expriment leur solidarit\u00e9 au Pr\u00e9sident du Faso.","datePublished":"2025-08-20T11:56:34+00:00","dateModified":"2025-08-20T11:56:34+00:00","mainEntityOfPage":{"@id":"https:\/\/horebnews.net\/index.php\/sport\/lutte-contre-limperialisme-des-legendes-du-football-africain-expriment-leur-solidarite-au-president-du-faso\/"},"wordCount":592,"commentCount":0,"publisher":{"@id":"https:\/\/horebnews.net\/#organization"},"image":{"@id":"https:\/\/horebnews.net\/index.php\/sport\/lutte-contre-limperialisme-des-legendes-du-football-africain-expriment-leur-solidarite-au-president-du-faso\/#primaryimage"},"thumbnailUrl":"https:\/\/horebnews.net\/wp-content\/uploads\/2025\/08\/1755690465258.jpg","articleSection":["SPORT"],"inLanguage":"fr-FR","potentialAction":[{"@type":"CommentAction","name":"Comment","target":["https:\/\/horebnews.net\/index.php\/sport\/lutte-contre-limperialisme-des-legendes-du-football-africain-expriment-leur-solidarite-au-president-du-faso\/#respond"]}]},{"@type":"WebPage","@id":"https:\/\/horebnews.net\/index.php\/sport\/lutte-contre-limperialisme-des-legendes-du-football-africain-expriment-leur-solidarite-au-president-du-faso\/","url":"https:\/\/horebnews.net\/index.php\/sport\/lutte-contre-limperialisme-des-legendes-du-football-africain-expriment-leur-solidarite-au-president-du-faso\/","name":"Lutte contre l'imp\u00e9rialisme: Des l\u00e9gendes du football africain expriment leur solidarit\u00e9 au Pr\u00e9sident du Faso. - HOREBNEWS","isPartOf":{"@id":"https:\/\/horebnews.net\/#website"},"primaryImageOfPage":{"@id":"https:\/\/horebnews.net\/index.php\/sport\/lutte-contre-limperialisme-des-legendes-du-football-africain-expriment-leur-solidarite-au-president-du-faso\/#primaryimage"},"image":{"@id":"https:\/\/horebnews.net\/index.php\/sport\/lutte-contre-limperialisme-des-legendes-du-football-africain-expriment-leur-solidarite-au-president-du-faso\/#primaryimage"},"thumbnailUrl":"https:\/\/horebnews.net\/wp-content\/uploads\/2025\/08\/1755690465258.jpg","datePublished":"2025-08-20T11:56:34+00:00","dateModified":"2025-08-20T11:56:34+00:00","breadcrumb":{"@id":"https:\/\/horebnews.net\/index.php\/sport\/lutte-contre-limperialisme-des-legendes-du-football-africain-expriment-leur-solidarite-au-president-du-faso\/#breadcrumb"},"inLanguage":"fr-FR","potentialAction":[{"@type":"ReadAction","target":["https:\/\/horebnews.net\/index.php\/sport\/lutte-contre-limperialisme-des-legendes-du-football-africain-expriment-leur-solidarite-au-president-du-faso\/"]}]},{"@type":"ImageObject","inLanguage":"fr-FR","@id":"https:\/\/horebnews.net\/index.php\/sport\/lutte-contre-limperialisme-des-legendes-du-football-africain-expriment-leur-solidarite-au-president-du-faso\/#primaryimage","url":"https:\/\/horebnews.net\/wp-content\/uploads\/2025\/08\/1755690465258.jpg","contentUrl":"https:\/\/horebnews.net\/wp-content\/uploads\/2025\/08\/1755690465258.jpg","width":720,"height":480},{"@type":"BreadcrumbList","@id":"https:\/\/horebnews.net\/index.php\/sport\/lutte-contre-limperialisme-des-legendes-du-football-africain-expriment-leur-solidarite-au-president-du-faso\/#breadcrumb","itemListElement":[{"@type":"ListItem","position":1,"name":"Accueil","item":"https:\/\/horebnews.net\/"},{"@type":"ListItem","position":2,"name":"SPORT","item":"https:\/\/horebnews.net\/index.php\/category\/sport\/"},{"@type":"ListItem","position":3,"name":"Lutte contre l&rsquo;imp\u00e9rialisme: Des l\u00e9gendes du football africain expriment leur solidarit\u00e9 au Pr\u00e9sident du Faso."}]},{"@type":"WebSite","@id":"https:\/\/horebnews.net\/#website","url":"https:\/\/horebnews.net\/","name":"HOREBNEWS","description":"La vraie info","publisher":{"@id":"https:\/\/horebnews.net\/#organization"},"potentialAction":[{"@type":"SearchAction","target":{"@type":"EntryPoint","urlTemplate":"https:\/\/horebnews.net\/?s={search_term_string}"},"query-input":"required name=search_term_string"}],"inLanguage":"fr-FR"},{"@type":"Organization","@id":"https:\/\/horebnews.net\/#organization","name":"HOREBNEWS","url":"https:\/\/horebnews.net\/","logo":{"@type":"ImageObject","inLanguage":"fr-FR","@id":"https:\/\/horebnews.net\/#\/schema\/logo\/image\/","url":"http:\/\/horebnews.net\/wp-content\/uploads\/2024\/06\/Image-collee-7.png","contentUrl":"http:\/\/horebnews.net\/wp-content\/uploads\/2024\/06\/Image-collee-7.png","width":399,"height":113,"caption":"HOREBNEWS"},"image":{"@id":"https:\/\/horebnews.net\/#\/schema\/logo\/image\/"}},{"@type":"Person","@id":"https:\/\/horebnews.net\/#\/schema\/person\/6220ecfd92c7dd59560ac5df08114b42","name":"Salvador Ki\u00e9br\u00e9","image":{"@type":"ImageObject","inLanguage":"fr-FR","@id":"https:\/\/horebnews.net\/#\/schema\/person\/image\/","url":"https:\/\/secure.gravatar.com\/avatar\/f6d33f9478484bca7302ed6ef6ad859d?s=96&d=mm&r=g","contentUrl":"https:\/\/secure.gravatar.com\/avatar\/f6d33f9478484bca7302ed6ef6ad859d?s=96&d=mm&r=g","caption":"Salvador Ki\u00e9br\u00e9"},"sameAs":["http:\/\/horebnews.net"],"url":"https:\/\/horebnews.net\/index.php\/author\/demsco82\/"}]}},"wpmagazine_modules_lite_featured_media_urls":{"thumbnail":["https:\/\/horebnews.net\/wp-content\/uploads\/2025\/08\/1755690465258-150x150.jpg",150,150,true],"cvmm-medium":["https:\/\/horebnews.net\/wp-content\/uploads\/2025\/08\/1755690465258-300x300.jpg",300,300,true],"cvmm-medium-plus":["https:\/\/horebnews.net\/wp-content\/uploads\/2025\/08\/1755690465258-305x207.jpg",305,207,true],"cvmm-portrait":["https:\/\/horebnews.net\/wp-content\/uploads\/2025\/08\/1755690465258-400x480.jpg",400,480,true],"cvmm-medium-square":["https:\/\/horebnews.net\/wp-content\/uploads\/2025\/08\/1755690465258-600x480.jpg",600,480,true],"cvmm-large":["https:\/\/horebnews.net\/wp-content\/uploads\/2025\/08\/1755690465258.jpg",720,480,false],"cvmm-small":["https:\/\/horebnews.net\/wp-content\/uploads\/2025\/08\/1755690465258-130x95.jpg",130,95,true],"full":["https:\/\/horebnews.net\/wp-content\/uploads\/2025\/08\/1755690465258.jpg",720,480,false]},"categories_names":{"8":{"name":"SPORT","link":"https:\/\/horebnews.net\/index.php\/category\/sport\/"}},"tags_names":[],"comments_number":"0","_links":{"self":[{"href":"https:\/\/horebnews.net\/index.php\/wp-json\/wp\/v2\/posts\/2332"}],"collection":[{"href":"https:\/\/horebnews.net\/index.php\/wp-json\/wp\/v2\/posts"}],"about":[{"href":"https:\/\/horebnews.net\/index.php\/wp-json\/wp\/v2\/types\/post"}],"author":[{"embeddable":true,"href":"https:\/\/horebnews.net\/index.php\/wp-json\/wp\/v2\/users\/1"}],"replies":[{"embeddable":true,"href":"https:\/\/horebnews.net\/index.php\/wp-json\/wp\/v2\/comments?post=2332"}],"version-history":[{"count":1,"href":"https:\/\/horebnews.net\/index.php\/wp-json\/wp\/v2\/posts\/2332\/revisions"}],"predecessor-version":[{"id":2336,"href":"https:\/\/horebnews.net\/index.php\/wp-json\/wp\/v2\/posts\/2332\/revisions\/2336"}],"wp:featuredmedia":[{"embeddable":true,"href":"https:\/\/horebnews.net\/index.php\/wp-json\/wp\/v2\/media\/2335"}],"wp:attachment":[{"href":"https:\/\/horebnews.net\/index.php\/wp-json\/wp\/v2\/media?parent=2332"}],"wp:term":[{"taxonomy":"category","embeddable":true,"href":"https:\/\/horebnews.net\/index.php\/wp-json\/wp\/v2\/categories?post=2332"},{"taxonomy":"post_tag","embeddable":true,"href":"https:\/\/horebnews.net\/index.php\/wp-json\/wp\/v2\/tags?post=2332"}],"curies":[{"name":"wp","href":"https:\/\/api.w.org\/{rel}","templated":true}]}}