{"id":2290,"date":"2025-06-04T12:58:41","date_gmt":"2025-06-04T10:58:41","guid":{"rendered":"https:\/\/horebnews.net\/?p=2290"},"modified":"2025-06-04T12:58:41","modified_gmt":"2025-06-04T10:58:41","slug":"rdc-joseph-kabila-ne-jouit-plus-dimmunite-parlementaire","status":"publish","type":"post","link":"https:\/\/horebnews.net\/index.php\/international\/rdc-joseph-kabila-ne-jouit-plus-dimmunite-parlementaire\/","title":{"rendered":"RDC : Joseph Kabila ne jouit plus d\u2019immunit\u00e9 parlementaire"},"content":{"rendered":"<p>&nbsp;<\/p>\n<p>Le S\u00e9nat congolais a lev\u00e9 jeudi 20 mai 2025 l\u2019immunit\u00e9 parlementaire de l\u2019ancien pr\u00e9sident (2001-2019) Joseph Kabila, \u00e9galement s\u00e9nateur \u00e0 vie. Cette d\u00e9marche\u00a0 ouvre la voie \u00e0 des poursuites judiciaires. Il est accus\u00e9 par Kinshasa d\u2019\u00eatre complice du groupe arm\u00e9 M23.<\/p>\n<p>Les s\u00e9nateurs se sont prononc\u00e9s \u00e0 une large majorit\u00e9 en faveur de cette mesure, avec 88 voix pour et 5 voix contre. \u00ab\u00a0<i>Par cons\u00e9quent, le S\u00e9nat autorise les poursuites et la lev\u00e9e de l\u2019immunit\u00e9 de Joseph Kabila, s\u00e9nateur \u00e0 vie<\/i>\u00ab\u00a0, a d\u00e9clar\u00e9 le pr\u00e9sident du S\u00e9nat Jean-Michel Sama Lukonde en session pl\u00e9ni\u00e8re.<\/p>\n","protected":false},"excerpt":{"rendered":"<p>&nbsp; Le S\u00e9nat congolais a lev\u00e9 jeudi 20 mai 2025 l\u2019immunit\u00e9 parlementaire de l\u2019ancien pr\u00e9sident (2001-2019) Joseph Kabila, \u00e9galement s\u00e9nateur \u00e0 vie. Cette d\u00e9marche\u00a0 ouvre la voie \u00e0 des poursuites judiciaires. Il est accus\u00e9 par Kinshasa d\u2019\u00eatre complice du groupe arm\u00e9 M23. Les s\u00e9nateurs se sont prononc\u00e9s \u00e0 une large majorit\u00e9 en faveur de cette [&hellip;]<\/p>\n","protected":false},"author":1,"featured_media":2291,"comment_status":"open","ping_status":"open","sticky":false,"template":"","format":"standard","meta":{"footnotes":""},"categories":[5],"tags":[],"yoast_head":"<!-- This site is optimized with the Yoast SEO plugin v22.9 - https:\/\/yoast.com\/wordpress\/plugins\/seo\/ -->\n<title>RDC : Joseph Kabila ne jouit plus d\u2019immunit\u00e9 parlementaire - HOREBNEWS<\/title>\n<meta name=\"robots\" content=\"index, follow, max-snippet:-1, max-image-preview:large, max-video-preview:-1\" \/>\n<link rel=\"canonical\" href=\"https:\/\/horebnews.net\/index.php\/international\/rdc-joseph-kabila-ne-jouit-plus-dimmunite-parlementaire\/\" \/>\n<meta property=\"og:locale\" content=\"fr_FR\" \/>\n<meta property=\"og:type\" content=\"article\" \/>\n<meta property=\"og:title\" content=\"RDC : Joseph Kabila ne jouit plus d\u2019immunit\u00e9 parlementaire - HOREBNEWS\" \/>\n<meta property=\"og:description\" content=\"&nbsp; Le S\u00e9nat congolais a lev\u00e9 jeudi 20 mai 2025 l\u2019immunit\u00e9 parlementaire de l\u2019ancien pr\u00e9sident (2001-2019) Joseph Kabila, \u00e9galement s\u00e9nateur \u00e0 vie. Cette d\u00e9marche\u00a0 ouvre la voie \u00e0 des poursuites judiciaires. Il est accus\u00e9 par Kinshasa d\u2019\u00eatre complice du groupe arm\u00e9 M23. Les s\u00e9nateurs se sont prononc\u00e9s \u00e0 une large majorit\u00e9 en faveur de cette [&hellip;]\" \/>\n<meta property=\"og:url\" content=\"https:\/\/horebnews.net\/index.php\/international\/rdc-joseph-kabila-ne-jouit-plus-dimmunite-parlementaire\/\" \/>\n<meta property=\"og:site_name\" content=\"HOREBNEWS\" \/>\n<meta property=\"article:published_time\" content=\"2025-06-04T10:58:41+00:00\" \/>\n<meta property=\"og:image\" content=\"http:\/\/horebnews.net\/wp-content\/uploads\/2025\/06\/Assemblee-nationale.jpg\" \/>\n\t<meta property=\"og:image:width\" content=\"1199\" \/>\n\t<meta property=\"og:image:height\" content=\"674\" \/>\n\t<meta property=\"og:image:type\" content=\"image\/jpeg\" \/>\n<meta name=\"author\" content=\"Salvador Ki\u00e9br\u00e9\" \/>\n<meta name=\"twitter:card\" content=\"summary_large_image\" \/>\n<meta name=\"twitter:label1\" content=\"\u00c9crit par\" \/>\n\t<meta name=\"twitter:data1\" content=\"Salvador Ki\u00e9br\u00e9\" \/>\n\t<meta name=\"twitter:label2\" content=\"Dur\u00e9e de lecture estim\u00e9e\" \/>\n\t<meta name=\"twitter:data2\" content=\"1 minute\" \/>\n<script type=\"application\/ld+json\" class=\"yoast-schema-graph\">{\"@context\":\"https:\/\/schema.org\",\"@graph\":[{\"@type\":\"Article\",\"@id\":\"https:\/\/horebnews.net\/index.php\/international\/rdc-joseph-kabila-ne-jouit-plus-dimmunite-parlementaire\/#article\",\"isPartOf\":{\"@id\":\"https:\/\/horebnews.net\/index.php\/international\/rdc-joseph-kabila-ne-jouit-plus-dimmunite-parlementaire\/\"},\"author\":{\"name\":\"Salvador Ki\u00e9br\u00e9\",\"@id\":\"https:\/\/horebnews.net\/#\/schema\/person\/6220ecfd92c7dd59560ac5df08114b42\"},\"headline\":\"RDC : Joseph Kabila ne jouit plus d\u2019immunit\u00e9 parlementaire\",\"datePublished\":\"2025-06-04T10:58:41+00:00\",\"dateModified\":\"2025-06-04T10:58:41+00:00\",\"mainEntityOfPage\":{\"@id\":\"https:\/\/horebnews.net\/index.php\/international\/rdc-joseph-kabila-ne-jouit-plus-dimmunite-parlementaire\/\"},\"wordCount\":114,\"commentCount\":0,\"publisher\":{\"@id\":\"https:\/\/horebnews.net\/#organization\"},\"image\":{\"@id\":\"https:\/\/horebnews.net\/index.php\/international\/rdc-joseph-kabila-ne-jouit-plus-dimmunite-parlementaire\/#primaryimage\"},\"thumbnailUrl\":\"https:\/\/horebnews.net\/wp-content\/uploads\/2025\/06\/Assemblee-nationale.jpg\",\"articleSection\":[\"INTERNATIONAL\"],\"inLanguage\":\"fr-FR\",\"potentialAction\":[{\"@type\":\"CommentAction\",\"name\":\"Comment\",\"target\":[\"https:\/\/horebnews.net\/index.php\/international\/rdc-joseph-kabila-ne-jouit-plus-dimmunite-parlementaire\/#respond\"]}]},{\"@type\":\"WebPage\",\"@id\":\"https:\/\/horebnews.net\/index.php\/international\/rdc-joseph-kabila-ne-jouit-plus-dimmunite-parlementaire\/\",\"url\":\"https:\/\/horebnews.net\/index.php\/international\/rdc-joseph-kabila-ne-jouit-plus-dimmunite-parlementaire\/\",\"name\":\"RDC : Joseph Kabila ne jouit plus d\u2019immunit\u00e9 parlementaire - HOREBNEWS\",\"isPartOf\":{\"@id\":\"https:\/\/horebnews.net\/#website\"},\"primaryImageOfPage\":{\"@id\":\"https:\/\/horebnews.net\/index.php\/international\/rdc-joseph-kabila-ne-jouit-plus-dimmunite-parlementaire\/#primaryimage\"},\"image\":{\"@id\":\"https:\/\/horebnews.net\/index.php\/international\/rdc-joseph-kabila-ne-jouit-plus-dimmunite-parlementaire\/#primaryimage\"},\"thumbnailUrl\":\"https:\/\/horebnews.net\/wp-content\/uploads\/2025\/06\/Assemblee-nationale.jpg\",\"datePublished\":\"2025-06-04T10:58:41+00:00\",\"dateModified\":\"2025-06-04T10:58:41+00:00\",\"breadcrumb\":{\"@id\":\"https:\/\/horebnews.net\/index.php\/international\/rdc-joseph-kabila-ne-jouit-plus-dimmunite-parlementaire\/#breadcrumb\"},\"inLanguage\":\"fr-FR\",\"potentialAction\":[{\"@type\":\"ReadAction\",\"target\":[\"https:\/\/horebnews.net\/index.php\/international\/rdc-joseph-kabila-ne-jouit-plus-dimmunite-parlementaire\/\"]}]},{\"@type\":\"ImageObject\",\"inLanguage\":\"fr-FR\",\"@id\":\"https:\/\/horebnews.net\/index.php\/international\/rdc-joseph-kabila-ne-jouit-plus-dimmunite-parlementaire\/#primaryimage\",\"url\":\"https:\/\/horebnews.net\/wp-content\/uploads\/2025\/06\/Assemblee-nationale.jpg\",\"contentUrl\":\"https:\/\/horebnews.net\/wp-content\/uploads\/2025\/06\/Assemblee-nationale.jpg\",\"width\":1199,\"height\":674},{\"@type\":\"BreadcrumbList\",\"@id\":\"https:\/\/horebnews.net\/index.php\/international\/rdc-joseph-kabila-ne-jouit-plus-dimmunite-parlementaire\/#breadcrumb\",\"itemListElement\":[{\"@type\":\"ListItem\",\"position\":1,\"name\":\"Accueil\",\"item\":\"https:\/\/horebnews.net\/\"},{\"@type\":\"ListItem\",\"position\":2,\"name\":\"INTERNATIONAL\",\"item\":\"https:\/\/horebnews.net\/index.php\/category\/international\/\"},{\"@type\":\"ListItem\",\"position\":3,\"name\":\"RDC : Joseph Kabila ne jouit plus d\u2019immunit\u00e9 parlementaire\"}]},{\"@type\":\"WebSite\",\"@id\":\"https:\/\/horebnews.net\/#website\",\"url\":\"https:\/\/horebnews.net\/\",\"name\":\"HOREBNEWS\",\"description\":\"La vraie info\",\"publisher\":{\"@id\":\"https:\/\/horebnews.net\/#organization\"},\"potentialAction\":[{\"@type\":\"SearchAction\",\"target\":{\"@type\":\"EntryPoint\",\"urlTemplate\":\"https:\/\/horebnews.net\/?s={search_term_string}\"},\"query-input\":\"required name=search_term_string\"}],\"inLanguage\":\"fr-FR\"},{\"@type\":\"Organization\",\"@id\":\"https:\/\/horebnews.net\/#organization\",\"name\":\"HOREBNEWS\",\"url\":\"https:\/\/horebnews.net\/\",\"logo\":{\"@type\":\"ImageObject\",\"inLanguage\":\"fr-FR\",\"@id\":\"https:\/\/horebnews.net\/#\/schema\/logo\/image\/\",\"url\":\"http:\/\/horebnews.net\/wp-content\/uploads\/2024\/06\/Image-collee-7.png\",\"contentUrl\":\"http:\/\/horebnews.net\/wp-content\/uploads\/2024\/06\/Image-collee-7.png\",\"width\":399,\"height\":113,\"caption\":\"HOREBNEWS\"},\"image\":{\"@id\":\"https:\/\/horebnews.net\/#\/schema\/logo\/image\/\"}},{\"@type\":\"Person\",\"@id\":\"https:\/\/horebnews.net\/#\/schema\/person\/6220ecfd92c7dd59560ac5df08114b42\",\"name\":\"Salvador Ki\u00e9br\u00e9\",\"image\":{\"@type\":\"ImageObject\",\"inLanguage\":\"fr-FR\",\"@id\":\"https:\/\/horebnews.net\/#\/schema\/person\/image\/\",\"url\":\"https:\/\/secure.gravatar.com\/avatar\/f6d33f9478484bca7302ed6ef6ad859d?s=96&d=mm&r=g\",\"contentUrl\":\"https:\/\/secure.gravatar.com\/avatar\/f6d33f9478484bca7302ed6ef6ad859d?s=96&d=mm&r=g\",\"caption\":\"Salvador Ki\u00e9br\u00e9\"},\"sameAs\":[\"http:\/\/horebnews.net\"],\"url\":\"https:\/\/horebnews.net\/index.php\/author\/demsco82\/\"}]}<\/script>\n<!-- \/ Yoast SEO plugin. -->","yoast_head_json":{"title":"RDC : Joseph Kabila ne jouit plus d\u2019immunit\u00e9 parlementaire - HOREBNEWS","robots":{"index":"index","follow":"follow","max-snippet":"max-snippet:-1","max-image-preview":"max-image-preview:large","max-video-preview":"max-video-preview:-1"},"canonical":"https:\/\/horebnews.net\/index.php\/international\/rdc-joseph-kabila-ne-jouit-plus-dimmunite-parlementaire\/","og_locale":"fr_FR","og_type":"article","og_title":"RDC : Joseph Kabila ne jouit plus d\u2019immunit\u00e9 parlementaire - HOREBNEWS","og_description":"&nbsp; Le S\u00e9nat congolais a lev\u00e9 jeudi 20 mai 2025 l\u2019immunit\u00e9 parlementaire de l\u2019ancien pr\u00e9sident (2001-2019) Joseph Kabila, \u00e9galement s\u00e9nateur \u00e0 vie. Cette d\u00e9marche\u00a0 ouvre la voie \u00e0 des poursuites judiciaires. Il est accus\u00e9 par Kinshasa d\u2019\u00eatre complice du groupe arm\u00e9 M23. Les s\u00e9nateurs se sont prononc\u00e9s \u00e0 une large majorit\u00e9 en faveur de cette [&hellip;]","og_url":"https:\/\/horebnews.net\/index.php\/international\/rdc-joseph-kabila-ne-jouit-plus-dimmunite-parlementaire\/","og_site_name":"HOREBNEWS","article_published_time":"2025-06-04T10:58:41+00:00","og_image":[{"width":1199,"height":674,"url":"http:\/\/horebnews.net\/wp-content\/uploads\/2025\/06\/Assemblee-nationale.jpg","type":"image\/jpeg"}],"author":"Salvador Ki\u00e9br\u00e9","twitter_card":"summary_large_image","twitter_misc":{"\u00c9crit par":"Salvador Ki\u00e9br\u00e9","Dur\u00e9e de lecture estim\u00e9e":"1 minute"},"schema":{"@context":"https:\/\/schema.org","@graph":[{"@type":"Article","@id":"https:\/\/horebnews.net\/index.php\/international\/rdc-joseph-kabila-ne-jouit-plus-dimmunite-parlementaire\/#article","isPartOf":{"@id":"https:\/\/horebnews.net\/index.php\/international\/rdc-joseph-kabila-ne-jouit-plus-dimmunite-parlementaire\/"},"author":{"name":"Salvador Ki\u00e9br\u00e9","@id":"https:\/\/horebnews.net\/#\/schema\/person\/6220ecfd92c7dd59560ac5df08114b42"},"headline":"RDC : Joseph Kabila ne jouit plus d\u2019immunit\u00e9 parlementaire","datePublished":"2025-06-04T10:58:41+00:00","dateModified":"2025-06-04T10:58:41+00:00","mainEntityOfPage":{"@id":"https:\/\/horebnews.net\/index.php\/international\/rdc-joseph-kabila-ne-jouit-plus-dimmunite-parlementaire\/"},"wordCount":114,"commentCount":0,"publisher":{"@id":"https:\/\/horebnews.net\/#organization"},"image":{"@id":"https:\/\/horebnews.net\/index.php\/international\/rdc-joseph-kabila-ne-jouit-plus-dimmunite-parlementaire\/#primaryimage"},"thumbnailUrl":"https:\/\/horebnews.net\/wp-content\/uploads\/2025\/06\/Assemblee-nationale.jpg","articleSection":["INTERNATIONAL"],"inLanguage":"fr-FR","potentialAction":[{"@type":"CommentAction","name":"Comment","target":["https:\/\/horebnews.net\/index.php\/international\/rdc-joseph-kabila-ne-jouit-plus-dimmunite-parlementaire\/#respond"]}]},{"@type":"WebPage","@id":"https:\/\/horebnews.net\/index.php\/international\/rdc-joseph-kabila-ne-jouit-plus-dimmunite-parlementaire\/","url":"https:\/\/horebnews.net\/index.php\/international\/rdc-joseph-kabila-ne-jouit-plus-dimmunite-parlementaire\/","name":"RDC : Joseph Kabila ne jouit plus d\u2019immunit\u00e9 parlementaire - HOREBNEWS","isPartOf":{"@id":"https:\/\/horebnews.net\/#website"},"primaryImageOfPage":{"@id":"https:\/\/horebnews.net\/index.php\/international\/rdc-joseph-kabila-ne-jouit-plus-dimmunite-parlementaire\/#primaryimage"},"image":{"@id":"https:\/\/horebnews.net\/index.php\/international\/rdc-joseph-kabila-ne-jouit-plus-dimmunite-parlementaire\/#primaryimage"},"thumbnailUrl":"https:\/\/horebnews.net\/wp-content\/uploads\/2025\/06\/Assemblee-nationale.jpg","datePublished":"2025-06-04T10:58:41+00:00","dateModified":"2025-06-04T10:58:41+00:00","breadcrumb":{"@id":"https:\/\/horebnews.net\/index.php\/international\/rdc-joseph-kabila-ne-jouit-plus-dimmunite-parlementaire\/#breadcrumb"},"inLanguage":"fr-FR","potentialAction":[{"@type":"ReadAction","target":["https:\/\/horebnews.net\/index.php\/international\/rdc-joseph-kabila-ne-jouit-plus-dimmunite-parlementaire\/"]}]},{"@type":"ImageObject","inLanguage":"fr-FR","@id":"https:\/\/horebnews.net\/index.php\/international\/rdc-joseph-kabila-ne-jouit-plus-dimmunite-parlementaire\/#primaryimage","url":"https:\/\/horebnews.net\/wp-content\/uploads\/2025\/06\/Assemblee-nationale.jpg","contentUrl":"https:\/\/horebnews.net\/wp-content\/uploads\/2025\/06\/Assemblee-nationale.jpg","width":1199,"height":674},{"@type":"BreadcrumbList","@id":"https:\/\/horebnews.net\/index.php\/international\/rdc-joseph-kabila-ne-jouit-plus-dimmunite-parlementaire\/#breadcrumb","itemListElement":[{"@type":"ListItem","position":1,"name":"Accueil","item":"https:\/\/horebnews.net\/"},{"@type":"ListItem","position":2,"name":"INTERNATIONAL","item":"https:\/\/horebnews.net\/index.php\/category\/international\/"},{"@type":"ListItem","position":3,"name":"RDC : Joseph Kabila ne jouit plus d\u2019immunit\u00e9 parlementaire"}]},{"@type":"WebSite","@id":"https:\/\/horebnews.net\/#website","url":"https:\/\/horebnews.net\/","name":"HOREBNEWS","description":"La vraie info","publisher":{"@id":"https:\/\/horebnews.net\/#organization"},"potentialAction":[{"@type":"SearchAction","target":{"@type":"EntryPoint","urlTemplate":"https:\/\/horebnews.net\/?s={search_term_string}"},"query-input":"required name=search_term_string"}],"inLanguage":"fr-FR"},{"@type":"Organization","@id":"https:\/\/horebnews.net\/#organization","name":"HOREBNEWS","url":"https:\/\/horebnews.net\/","logo":{"@type":"ImageObject","inLanguage":"fr-FR","@id":"https:\/\/horebnews.net\/#\/schema\/logo\/image\/","url":"http:\/\/horebnews.net\/wp-content\/uploads\/2024\/06\/Image-collee-7.png","contentUrl":"http:\/\/horebnews.net\/wp-content\/uploads\/2024\/06\/Image-collee-7.png","width":399,"height":113,"caption":"HOREBNEWS"},"image":{"@id":"https:\/\/horebnews.net\/#\/schema\/logo\/image\/"}},{"@type":"Person","@id":"https:\/\/horebnews.net\/#\/schema\/person\/6220ecfd92c7dd59560ac5df08114b42","name":"Salvador Ki\u00e9br\u00e9","image":{"@type":"ImageObject","inLanguage":"fr-FR","@id":"https:\/\/horebnews.net\/#\/schema\/person\/image\/","url":"https:\/\/secure.gravatar.com\/avatar\/f6d33f9478484bca7302ed6ef6ad859d?s=96&d=mm&r=g","contentUrl":"https:\/\/secure.gravatar.com\/avatar\/f6d33f9478484bca7302ed6ef6ad859d?s=96&d=mm&r=g","caption":"Salvador Ki\u00e9br\u00e9"},"sameAs":["http:\/\/horebnews.net"],"url":"https:\/\/horebnews.net\/index.php\/author\/demsco82\/"}]}},"wpmagazine_modules_lite_featured_media_urls":{"thumbnail":["https:\/\/horebnews.net\/wp-content\/uploads\/2025\/06\/Assemblee-nationale-150x150.jpg",150,150,true],"cvmm-medium":["https:\/\/horebnews.net\/wp-content\/uploads\/2025\/06\/Assemblee-nationale-300x300.jpg",300,300,true],"cvmm-medium-plus":["https:\/\/horebnews.net\/wp-content\/uploads\/2025\/06\/Assemblee-nationale-305x207.jpg",305,207,true],"cvmm-portrait":["https:\/\/horebnews.net\/wp-content\/uploads\/2025\/06\/Assemblee-nationale-400x600.jpg",400,600,true],"cvmm-medium-square":["https:\/\/horebnews.net\/wp-content\/uploads\/2025\/06\/Assemblee-nationale-600x600.jpg",600,600,true],"cvmm-large":["https:\/\/horebnews.net\/wp-content\/uploads\/2025\/06\/Assemblee-nationale-1024x674.jpg",1024,674,true],"cvmm-small":["https:\/\/horebnews.net\/wp-content\/uploads\/2025\/06\/Assemblee-nationale-130x95.jpg",130,95,true],"full":["https:\/\/horebnews.net\/wp-content\/uploads\/2025\/06\/Assemblee-nationale.jpg",1199,674,false]},"categories_names":{"5":{"name":"INTERNATIONAL","link":"https:\/\/horebnews.net\/index.php\/category\/international\/"}},"tags_names":[],"comments_number":"0","_links":{"self":[{"href":"https:\/\/horebnews.net\/index.php\/wp-json\/wp\/v2\/posts\/2290"}],"collection":[{"href":"https:\/\/horebnews.net\/index.php\/wp-json\/wp\/v2\/posts"}],"about":[{"href":"https:\/\/horebnews.net\/index.php\/wp-json\/wp\/v2\/types\/post"}],"author":[{"embeddable":true,"href":"https:\/\/horebnews.net\/index.php\/wp-json\/wp\/v2\/users\/1"}],"replies":[{"embeddable":true,"href":"https:\/\/horebnews.net\/index.php\/wp-json\/wp\/v2\/comments?post=2290"}],"version-history":[{"count":1,"href":"https:\/\/horebnews.net\/index.php\/wp-json\/wp\/v2\/posts\/2290\/revisions"}],"predecessor-version":[{"id":2292,"href":"https:\/\/horebnews.net\/index.php\/wp-json\/wp\/v2\/posts\/2290\/revisions\/2292"}],"wp:featuredmedia":[{"embeddable":true,"href":"https:\/\/horebnews.net\/index.php\/wp-json\/wp\/v2\/media\/2291"}],"wp:attachment":[{"href":"https:\/\/horebnews.net\/index.php\/wp-json\/wp\/v2\/media?parent=2290"}],"wp:term":[{"taxonomy":"category","embeddable":true,"href":"https:\/\/horebnews.net\/index.php\/wp-json\/wp\/v2\/categories?post=2290"},{"taxonomy":"post_tag","embeddable":true,"href":"https:\/\/horebnews.net\/index.php\/wp-json\/wp\/v2\/tags?post=2290"}],"curies":[{"name":"wp","href":"https:\/\/api.w.org\/{rel}","templated":true}]}}