{"id":2200,"date":"2025-05-01T20:49:20","date_gmt":"2025-05-01T18:49:20","guid":{"rendered":"https:\/\/horebnews.net\/?p=2200"},"modified":"2025-05-01T20:49:20","modified_gmt":"2025-05-01T18:49:20","slug":"le-capitaine-ibrahim-traore-aux-etalons-u17-vous-devez-rester-ensemble-et-nous-ramener-la-can-senior","status":"publish","type":"post","link":"https:\/\/horebnews.net\/index.php\/sport\/le-capitaine-ibrahim-traore-aux-etalons-u17-vous-devez-rester-ensemble-et-nous-ramener-la-can-senior\/","title":{"rendered":"Le Capitaine Ibrahim TRAOR\u00c9 aux \u00c9talons U17 : \u00ab vous devez rester ensemble et nous ramener la CAN senior ! \u00bb"},"content":{"rendered":"<p><strong>Le Pr\u00e9sident du Faso, Chef de l\u2019\u00c9tat, le Capitaine Ibrahim TRAOR\u00c9 a re\u00e7u en audience les \u00c9talons U17, ce mardi 22 avril 2025 au Palais de Koulouba. Il s\u2019est agi pour le Chef de l\u2019\u00c9tat de f\u00e9liciter cette \u00e9quipe nationale pour son parcours au Maroc, quoiqu\u2019on dise , honorable et d\u2019encourager ces jeunes \u00ab pousses \u00bb pour les d\u00e9fis futurs.<\/strong><\/p>\n<p>De retour du Maroc o\u00f9 ils ont occup\u00e9 la 4e place \u00e0 la Coupe d\u2019Afrique des Nations (CAN) de leur cat\u00e9gorie, les \u00c9talons U17 ont b\u00e9n\u00e9fici\u00e9 des sages et pr\u00e9cieux conseils du Pr\u00e9sident du Faso, le Capitaine Ibrahim TRAOR\u00c9.<\/p>\n<p>Le Chef de l\u2019\u00c9tat a f\u00e9licit\u00e9 l\u2019\u00e9quipe pour la performance lors des phases de poule et pour leur qualification au mondial de leur cat\u00e9gorie. Toutefois, il d\u00e9plore le manque de concentration des joueurs, lors des deux derniers matches. \u00ab Vous devez avoir des regrets, parce que cette coupe devait vous revenir \u00bb, fait remarquer le Pr\u00e9sident du Faso, qui insiste : \u00ab Restez concentr\u00e9s jusqu\u2019au bout. Tant qu\u2019on ne siffle pas la fin, on ne s\u2019arr\u00eate pas \u00bb.<\/p>\n<p>Appelant les \u00c9talons U17 \u00e0 ne pas se d\u00e9courager et \u00e0 rester sereins, le Capitaine Ibrahim TRAOR\u00c9 explique que c\u2019est le mental qui fait la diff\u00e9rence entre les \u00e9quipes, d\u2019o\u00f9 cette invite \u00e0 \u00eatre r\u00e9silients \u00ab comme le peuple burkinab\u00e8 \u00bb.<\/p>\n<p>Pour l\u2019avenir des jeunes joueurs, le Pr\u00e9sident du Faso les invite \u00e0 avoir une bonne hygi\u00e8ne de vie, en s\u2019\u00e9loignant des vices et \u00e0 avoir des comportements responsables. \u00ab Chacun de vous a un talent. Il faut continuer \u00e0 vous entrainer, vous perfectionner et vous am\u00e9liorer \u00bb, dit-il avant de leur lancer ce d\u00e9fi pour les grandes comp\u00e9titions \u00e0 venir.<\/p>\n<p>Ainsi le Pr\u00e9sident du Faso, le Capitaine Ibrahim TRAOR\u00c9, demande \u00e0 l\u2019encadrement technique de suivre ces poulains, de les encadrer en vue d\u2019assurer une bonne rel\u00e8ve pour les cat\u00e9gories sup\u00e9rieures.<\/p>\n<p>Le ministre charg\u00e9 des Sports, An\u00fbuyirtole Roland SOMDA a traduit sa gratitude au Pr\u00e9sident du Faso, Chef de l\u2019\u00c9tat, le Capitaine Ibrahim TRAOR\u00c9. Pour lui les conseils donn\u00e9s vont permettre de galvaniser davantage les poulains.<\/p>\n<p>Quant au capitaine des U17, Fadil Adama BARRO, il a remerci\u00e9 le Pr\u00e9sident du Faso, pour les commodit\u00e9s mises \u00e0 leur disposition pendant cette CAN, tout en promettant de hisser le drapeau du Burkina Faso plus haut lors de la coupe du monde et des \u00e9ch\u00e9ances \u00e0 venir.<\/p>\n<p><strong>Direction de la Communication de la Pr\u00e9sidence du Faso<\/strong><\/p>\n","protected":false},"excerpt":{"rendered":"<p>Le Pr\u00e9sident du Faso, Chef de l\u2019\u00c9tat, le Capitaine Ibrahim TRAOR\u00c9 a re\u00e7u en audience les \u00c9talons U17, ce mardi 22 avril 2025 au Palais de Koulouba. Il s\u2019est agi pour le Chef de l\u2019\u00c9tat de f\u00e9liciter cette \u00e9quipe nationale pour son parcours au Maroc, quoiqu\u2019on dise , honorable et d\u2019encourager ces jeunes \u00ab pousses [&hellip;]<\/p>\n","protected":false},"author":2,"featured_media":2201,"comment_status":"open","ping_status":"open","sticky":false,"template":"","format":"standard","meta":{"footnotes":""},"categories":[8],"tags":[],"yoast_head":"<!-- This site is optimized with the Yoast SEO plugin v22.9 - https:\/\/yoast.com\/wordpress\/plugins\/seo\/ -->\n<title>Le Capitaine Ibrahim TRAOR\u00c9 aux \u00c9talons U17 : \u00ab vous devez rester ensemble et nous ramener la CAN senior ! \u00bb - HOREBNEWS<\/title>\n<meta name=\"robots\" content=\"index, follow, max-snippet:-1, max-image-preview:large, max-video-preview:-1\" \/>\n<link rel=\"canonical\" href=\"https:\/\/horebnews.net\/index.php\/sport\/le-capitaine-ibrahim-traore-aux-etalons-u17-vous-devez-rester-ensemble-et-nous-ramener-la-can-senior\/\" \/>\n<meta property=\"og:locale\" content=\"fr_FR\" \/>\n<meta property=\"og:type\" content=\"article\" \/>\n<meta property=\"og:title\" content=\"Le Capitaine Ibrahim TRAOR\u00c9 aux \u00c9talons U17 : \u00ab vous devez rester ensemble et nous ramener la CAN senior ! \u00bb - HOREBNEWS\" \/>\n<meta property=\"og:description\" content=\"Le Pr\u00e9sident du Faso, Chef de l\u2019\u00c9tat, le Capitaine Ibrahim TRAOR\u00c9 a re\u00e7u en audience les \u00c9talons U17, ce mardi 22 avril 2025 au Palais de Koulouba. Il s\u2019est agi pour le Chef de l\u2019\u00c9tat de f\u00e9liciter cette \u00e9quipe nationale pour son parcours au Maroc, quoiqu\u2019on dise , honorable et d\u2019encourager ces jeunes \u00ab pousses [&hellip;]\" \/>\n<meta property=\"og:url\" content=\"https:\/\/horebnews.net\/index.php\/sport\/le-capitaine-ibrahim-traore-aux-etalons-u17-vous-devez-rester-ensemble-et-nous-ramener-la-can-senior\/\" \/>\n<meta property=\"og:site_name\" content=\"HOREBNEWS\" \/>\n<meta property=\"article:published_time\" content=\"2025-05-01T18:49:20+00:00\" \/>\n<meta property=\"og:image\" content=\"http:\/\/horebnews.net\/wp-content\/uploads\/2025\/05\/WhatsApp-Image-2025-04-22-at-17.06.42-scaled-2560x1280-1.jpeg\" \/>\n\t<meta property=\"og:image:width\" content=\"2560\" \/>\n\t<meta property=\"og:image:height\" content=\"1280\" \/>\n\t<meta property=\"og:image:type\" content=\"image\/jpeg\" \/>\n<meta name=\"author\" content=\"Madeleine Damiba\" \/>\n<meta name=\"twitter:card\" content=\"summary_large_image\" \/>\n<meta name=\"twitter:label1\" content=\"\u00c9crit par\" \/>\n\t<meta name=\"twitter:data1\" content=\"Madeleine Damiba\" \/>\n\t<meta name=\"twitter:label2\" content=\"Dur\u00e9e de lecture estim\u00e9e\" \/>\n\t<meta name=\"twitter:data2\" content=\"3 minutes\" \/>\n<script type=\"application\/ld+json\" class=\"yoast-schema-graph\">{\"@context\":\"https:\/\/schema.org\",\"@graph\":[{\"@type\":\"Article\",\"@id\":\"https:\/\/horebnews.net\/index.php\/sport\/le-capitaine-ibrahim-traore-aux-etalons-u17-vous-devez-rester-ensemble-et-nous-ramener-la-can-senior\/#article\",\"isPartOf\":{\"@id\":\"https:\/\/horebnews.net\/index.php\/sport\/le-capitaine-ibrahim-traore-aux-etalons-u17-vous-devez-rester-ensemble-et-nous-ramener-la-can-senior\/\"},\"author\":{\"name\":\"Madeleine Damiba\",\"@id\":\"https:\/\/horebnews.net\/#\/schema\/person\/34f2415afa4c9d65ffbc118f5eaed57f\"},\"headline\":\"Le Capitaine Ibrahim TRAOR\u00c9 aux \u00c9talons U17 : \u00ab vous devez rester ensemble et nous ramener la CAN senior ! \u00bb\",\"datePublished\":\"2025-05-01T18:49:20+00:00\",\"dateModified\":\"2025-05-01T18:49:20+00:00\",\"mainEntityOfPage\":{\"@id\":\"https:\/\/horebnews.net\/index.php\/sport\/le-capitaine-ibrahim-traore-aux-etalons-u17-vous-devez-rester-ensemble-et-nous-ramener-la-can-senior\/\"},\"wordCount\":444,\"commentCount\":0,\"publisher\":{\"@id\":\"https:\/\/horebnews.net\/#organization\"},\"image\":{\"@id\":\"https:\/\/horebnews.net\/index.php\/sport\/le-capitaine-ibrahim-traore-aux-etalons-u17-vous-devez-rester-ensemble-et-nous-ramener-la-can-senior\/#primaryimage\"},\"thumbnailUrl\":\"https:\/\/horebnews.net\/wp-content\/uploads\/2025\/05\/WhatsApp-Image-2025-04-22-at-17.06.42-scaled-2560x1280-1.jpeg\",\"articleSection\":[\"SPORT\"],\"inLanguage\":\"fr-FR\",\"potentialAction\":[{\"@type\":\"CommentAction\",\"name\":\"Comment\",\"target\":[\"https:\/\/horebnews.net\/index.php\/sport\/le-capitaine-ibrahim-traore-aux-etalons-u17-vous-devez-rester-ensemble-et-nous-ramener-la-can-senior\/#respond\"]}]},{\"@type\":\"WebPage\",\"@id\":\"https:\/\/horebnews.net\/index.php\/sport\/le-capitaine-ibrahim-traore-aux-etalons-u17-vous-devez-rester-ensemble-et-nous-ramener-la-can-senior\/\",\"url\":\"https:\/\/horebnews.net\/index.php\/sport\/le-capitaine-ibrahim-traore-aux-etalons-u17-vous-devez-rester-ensemble-et-nous-ramener-la-can-senior\/\",\"name\":\"Le Capitaine Ibrahim TRAOR\u00c9 aux \u00c9talons U17 : \u00ab vous devez rester ensemble et nous ramener la CAN senior ! \u00bb - HOREBNEWS\",\"isPartOf\":{\"@id\":\"https:\/\/horebnews.net\/#website\"},\"primaryImageOfPage\":{\"@id\":\"https:\/\/horebnews.net\/index.php\/sport\/le-capitaine-ibrahim-traore-aux-etalons-u17-vous-devez-rester-ensemble-et-nous-ramener-la-can-senior\/#primaryimage\"},\"image\":{\"@id\":\"https:\/\/horebnews.net\/index.php\/sport\/le-capitaine-ibrahim-traore-aux-etalons-u17-vous-devez-rester-ensemble-et-nous-ramener-la-can-senior\/#primaryimage\"},\"thumbnailUrl\":\"https:\/\/horebnews.net\/wp-content\/uploads\/2025\/05\/WhatsApp-Image-2025-04-22-at-17.06.42-scaled-2560x1280-1.jpeg\",\"datePublished\":\"2025-05-01T18:49:20+00:00\",\"dateModified\":\"2025-05-01T18:49:20+00:00\",\"breadcrumb\":{\"@id\":\"https:\/\/horebnews.net\/index.php\/sport\/le-capitaine-ibrahim-traore-aux-etalons-u17-vous-devez-rester-ensemble-et-nous-ramener-la-can-senior\/#breadcrumb\"},\"inLanguage\":\"fr-FR\",\"potentialAction\":[{\"@type\":\"ReadAction\",\"target\":[\"https:\/\/horebnews.net\/index.php\/sport\/le-capitaine-ibrahim-traore-aux-etalons-u17-vous-devez-rester-ensemble-et-nous-ramener-la-can-senior\/\"]}]},{\"@type\":\"ImageObject\",\"inLanguage\":\"fr-FR\",\"@id\":\"https:\/\/horebnews.net\/index.php\/sport\/le-capitaine-ibrahim-traore-aux-etalons-u17-vous-devez-rester-ensemble-et-nous-ramener-la-can-senior\/#primaryimage\",\"url\":\"https:\/\/horebnews.net\/wp-content\/uploads\/2025\/05\/WhatsApp-Image-2025-04-22-at-17.06.42-scaled-2560x1280-1.jpeg\",\"contentUrl\":\"https:\/\/horebnews.net\/wp-content\/uploads\/2025\/05\/WhatsApp-Image-2025-04-22-at-17.06.42-scaled-2560x1280-1.jpeg\",\"width\":2560,\"height\":1280},{\"@type\":\"BreadcrumbList\",\"@id\":\"https:\/\/horebnews.net\/index.php\/sport\/le-capitaine-ibrahim-traore-aux-etalons-u17-vous-devez-rester-ensemble-et-nous-ramener-la-can-senior\/#breadcrumb\",\"itemListElement\":[{\"@type\":\"ListItem\",\"position\":1,\"name\":\"Accueil\",\"item\":\"https:\/\/horebnews.net\/\"},{\"@type\":\"ListItem\",\"position\":2,\"name\":\"SPORT\",\"item\":\"https:\/\/horebnews.net\/index.php\/category\/sport\/\"},{\"@type\":\"ListItem\",\"position\":3,\"name\":\"Le Capitaine Ibrahim TRAOR\u00c9 aux \u00c9talons U17 : \u00ab vous devez rester ensemble et nous ramener la CAN senior ! \u00bb\"}]},{\"@type\":\"WebSite\",\"@id\":\"https:\/\/horebnews.net\/#website\",\"url\":\"https:\/\/horebnews.net\/\",\"name\":\"HOREBNEWS\",\"description\":\"La vraie info\",\"publisher\":{\"@id\":\"https:\/\/horebnews.net\/#organization\"},\"potentialAction\":[{\"@type\":\"SearchAction\",\"target\":{\"@type\":\"EntryPoint\",\"urlTemplate\":\"https:\/\/horebnews.net\/?s={search_term_string}\"},\"query-input\":\"required name=search_term_string\"}],\"inLanguage\":\"fr-FR\"},{\"@type\":\"Organization\",\"@id\":\"https:\/\/horebnews.net\/#organization\",\"name\":\"HOREBNEWS\",\"url\":\"https:\/\/horebnews.net\/\",\"logo\":{\"@type\":\"ImageObject\",\"inLanguage\":\"fr-FR\",\"@id\":\"https:\/\/horebnews.net\/#\/schema\/logo\/image\/\",\"url\":\"http:\/\/horebnews.net\/wp-content\/uploads\/2024\/06\/Image-collee-7.png\",\"contentUrl\":\"http:\/\/horebnews.net\/wp-content\/uploads\/2024\/06\/Image-collee-7.png\",\"width\":399,\"height\":113,\"caption\":\"HOREBNEWS\"},\"image\":{\"@id\":\"https:\/\/horebnews.net\/#\/schema\/logo\/image\/\"}},{\"@type\":\"Person\",\"@id\":\"https:\/\/horebnews.net\/#\/schema\/person\/34f2415afa4c9d65ffbc118f5eaed57f\",\"name\":\"Madeleine Damiba\",\"image\":{\"@type\":\"ImageObject\",\"inLanguage\":\"fr-FR\",\"@id\":\"https:\/\/horebnews.net\/#\/schema\/person\/image\/\",\"url\":\"https:\/\/secure.gravatar.com\/avatar\/7a94eb61bd560caa59e5462e4a3ca555?s=96&d=mm&r=g\",\"contentUrl\":\"https:\/\/secure.gravatar.com\/avatar\/7a94eb61bd560caa59e5462e4a3ca555?s=96&d=mm&r=g\",\"caption\":\"Madeleine Damiba\"},\"url\":\"https:\/\/horebnews.net\/index.php\/author\/madeleine-damiba\/\"}]}<\/script>\n<!-- \/ Yoast SEO plugin. -->","yoast_head_json":{"title":"Le Capitaine Ibrahim TRAOR\u00c9 aux \u00c9talons U17 : \u00ab vous devez rester ensemble et nous ramener la CAN senior ! \u00bb - HOREBNEWS","robots":{"index":"index","follow":"follow","max-snippet":"max-snippet:-1","max-image-preview":"max-image-preview:large","max-video-preview":"max-video-preview:-1"},"canonical":"https:\/\/horebnews.net\/index.php\/sport\/le-capitaine-ibrahim-traore-aux-etalons-u17-vous-devez-rester-ensemble-et-nous-ramener-la-can-senior\/","og_locale":"fr_FR","og_type":"article","og_title":"Le Capitaine Ibrahim TRAOR\u00c9 aux \u00c9talons U17 : \u00ab vous devez rester ensemble et nous ramener la CAN senior ! \u00bb - HOREBNEWS","og_description":"Le Pr\u00e9sident du Faso, Chef de l\u2019\u00c9tat, le Capitaine Ibrahim TRAOR\u00c9 a re\u00e7u en audience les \u00c9talons U17, ce mardi 22 avril 2025 au Palais de Koulouba. Il s\u2019est agi pour le Chef de l\u2019\u00c9tat de f\u00e9liciter cette \u00e9quipe nationale pour son parcours au Maroc, quoiqu\u2019on dise , honorable et d\u2019encourager ces jeunes \u00ab pousses [&hellip;]","og_url":"https:\/\/horebnews.net\/index.php\/sport\/le-capitaine-ibrahim-traore-aux-etalons-u17-vous-devez-rester-ensemble-et-nous-ramener-la-can-senior\/","og_site_name":"HOREBNEWS","article_published_time":"2025-05-01T18:49:20+00:00","og_image":[{"width":2560,"height":1280,"url":"http:\/\/horebnews.net\/wp-content\/uploads\/2025\/05\/WhatsApp-Image-2025-04-22-at-17.06.42-scaled-2560x1280-1.jpeg","type":"image\/jpeg"}],"author":"Madeleine Damiba","twitter_card":"summary_large_image","twitter_misc":{"\u00c9crit par":"Madeleine Damiba","Dur\u00e9e de lecture estim\u00e9e":"3 minutes"},"schema":{"@context":"https:\/\/schema.org","@graph":[{"@type":"Article","@id":"https:\/\/horebnews.net\/index.php\/sport\/le-capitaine-ibrahim-traore-aux-etalons-u17-vous-devez-rester-ensemble-et-nous-ramener-la-can-senior\/#article","isPartOf":{"@id":"https:\/\/horebnews.net\/index.php\/sport\/le-capitaine-ibrahim-traore-aux-etalons-u17-vous-devez-rester-ensemble-et-nous-ramener-la-can-senior\/"},"author":{"name":"Madeleine Damiba","@id":"https:\/\/horebnews.net\/#\/schema\/person\/34f2415afa4c9d65ffbc118f5eaed57f"},"headline":"Le Capitaine Ibrahim TRAOR\u00c9 aux \u00c9talons U17 : \u00ab vous devez rester ensemble et nous ramener la CAN senior ! \u00bb","datePublished":"2025-05-01T18:49:20+00:00","dateModified":"2025-05-01T18:49:20+00:00","mainEntityOfPage":{"@id":"https:\/\/horebnews.net\/index.php\/sport\/le-capitaine-ibrahim-traore-aux-etalons-u17-vous-devez-rester-ensemble-et-nous-ramener-la-can-senior\/"},"wordCount":444,"commentCount":0,"publisher":{"@id":"https:\/\/horebnews.net\/#organization"},"image":{"@id":"https:\/\/horebnews.net\/index.php\/sport\/le-capitaine-ibrahim-traore-aux-etalons-u17-vous-devez-rester-ensemble-et-nous-ramener-la-can-senior\/#primaryimage"},"thumbnailUrl":"https:\/\/horebnews.net\/wp-content\/uploads\/2025\/05\/WhatsApp-Image-2025-04-22-at-17.06.42-scaled-2560x1280-1.jpeg","articleSection":["SPORT"],"inLanguage":"fr-FR","potentialAction":[{"@type":"CommentAction","name":"Comment","target":["https:\/\/horebnews.net\/index.php\/sport\/le-capitaine-ibrahim-traore-aux-etalons-u17-vous-devez-rester-ensemble-et-nous-ramener-la-can-senior\/#respond"]}]},{"@type":"WebPage","@id":"https:\/\/horebnews.net\/index.php\/sport\/le-capitaine-ibrahim-traore-aux-etalons-u17-vous-devez-rester-ensemble-et-nous-ramener-la-can-senior\/","url":"https:\/\/horebnews.net\/index.php\/sport\/le-capitaine-ibrahim-traore-aux-etalons-u17-vous-devez-rester-ensemble-et-nous-ramener-la-can-senior\/","name":"Le Capitaine Ibrahim TRAOR\u00c9 aux \u00c9talons U17 : \u00ab vous devez rester ensemble et nous ramener la CAN senior ! \u00bb - HOREBNEWS","isPartOf":{"@id":"https:\/\/horebnews.net\/#website"},"primaryImageOfPage":{"@id":"https:\/\/horebnews.net\/index.php\/sport\/le-capitaine-ibrahim-traore-aux-etalons-u17-vous-devez-rester-ensemble-et-nous-ramener-la-can-senior\/#primaryimage"},"image":{"@id":"https:\/\/horebnews.net\/index.php\/sport\/le-capitaine-ibrahim-traore-aux-etalons-u17-vous-devez-rester-ensemble-et-nous-ramener-la-can-senior\/#primaryimage"},"thumbnailUrl":"https:\/\/horebnews.net\/wp-content\/uploads\/2025\/05\/WhatsApp-Image-2025-04-22-at-17.06.42-scaled-2560x1280-1.jpeg","datePublished":"2025-05-01T18:49:20+00:00","dateModified":"2025-05-01T18:49:20+00:00","breadcrumb":{"@id":"https:\/\/horebnews.net\/index.php\/sport\/le-capitaine-ibrahim-traore-aux-etalons-u17-vous-devez-rester-ensemble-et-nous-ramener-la-can-senior\/#breadcrumb"},"inLanguage":"fr-FR","potentialAction":[{"@type":"ReadAction","target":["https:\/\/horebnews.net\/index.php\/sport\/le-capitaine-ibrahim-traore-aux-etalons-u17-vous-devez-rester-ensemble-et-nous-ramener-la-can-senior\/"]}]},{"@type":"ImageObject","inLanguage":"fr-FR","@id":"https:\/\/horebnews.net\/index.php\/sport\/le-capitaine-ibrahim-traore-aux-etalons-u17-vous-devez-rester-ensemble-et-nous-ramener-la-can-senior\/#primaryimage","url":"https:\/\/horebnews.net\/wp-content\/uploads\/2025\/05\/WhatsApp-Image-2025-04-22-at-17.06.42-scaled-2560x1280-1.jpeg","contentUrl":"https:\/\/horebnews.net\/wp-content\/uploads\/2025\/05\/WhatsApp-Image-2025-04-22-at-17.06.42-scaled-2560x1280-1.jpeg","width":2560,"height":1280},{"@type":"BreadcrumbList","@id":"https:\/\/horebnews.net\/index.php\/sport\/le-capitaine-ibrahim-traore-aux-etalons-u17-vous-devez-rester-ensemble-et-nous-ramener-la-can-senior\/#breadcrumb","itemListElement":[{"@type":"ListItem","position":1,"name":"Accueil","item":"https:\/\/horebnews.net\/"},{"@type":"ListItem","position":2,"name":"SPORT","item":"https:\/\/horebnews.net\/index.php\/category\/sport\/"},{"@type":"ListItem","position":3,"name":"Le Capitaine Ibrahim TRAOR\u00c9 aux \u00c9talons U17 : \u00ab vous devez rester ensemble et nous ramener la CAN senior ! \u00bb"}]},{"@type":"WebSite","@id":"https:\/\/horebnews.net\/#website","url":"https:\/\/horebnews.net\/","name":"HOREBNEWS","description":"La vraie info","publisher":{"@id":"https:\/\/horebnews.net\/#organization"},"potentialAction":[{"@type":"SearchAction","target":{"@type":"EntryPoint","urlTemplate":"https:\/\/horebnews.net\/?s={search_term_string}"},"query-input":"required name=search_term_string"}],"inLanguage":"fr-FR"},{"@type":"Organization","@id":"https:\/\/horebnews.net\/#organization","name":"HOREBNEWS","url":"https:\/\/horebnews.net\/","logo":{"@type":"ImageObject","inLanguage":"fr-FR","@id":"https:\/\/horebnews.net\/#\/schema\/logo\/image\/","url":"http:\/\/horebnews.net\/wp-content\/uploads\/2024\/06\/Image-collee-7.png","contentUrl":"http:\/\/horebnews.net\/wp-content\/uploads\/2024\/06\/Image-collee-7.png","width":399,"height":113,"caption":"HOREBNEWS"},"image":{"@id":"https:\/\/horebnews.net\/#\/schema\/logo\/image\/"}},{"@type":"Person","@id":"https:\/\/horebnews.net\/#\/schema\/person\/34f2415afa4c9d65ffbc118f5eaed57f","name":"Madeleine Damiba","image":{"@type":"ImageObject","inLanguage":"fr-FR","@id":"https:\/\/horebnews.net\/#\/schema\/person\/image\/","url":"https:\/\/secure.gravatar.com\/avatar\/7a94eb61bd560caa59e5462e4a3ca555?s=96&d=mm&r=g","contentUrl":"https:\/\/secure.gravatar.com\/avatar\/7a94eb61bd560caa59e5462e4a3ca555?s=96&d=mm&r=g","caption":"Madeleine Damiba"},"url":"https:\/\/horebnews.net\/index.php\/author\/madeleine-damiba\/"}]}},"wpmagazine_modules_lite_featured_media_urls":{"thumbnail":["https:\/\/horebnews.net\/wp-content\/uploads\/2025\/05\/WhatsApp-Image-2025-04-22-at-17.06.42-scaled-2560x1280-1-150x150.jpeg",150,150,true],"cvmm-medium":["https:\/\/horebnews.net\/wp-content\/uploads\/2025\/05\/WhatsApp-Image-2025-04-22-at-17.06.42-scaled-2560x1280-1-300x300.jpeg",300,300,true],"cvmm-medium-plus":["https:\/\/horebnews.net\/wp-content\/uploads\/2025\/05\/WhatsApp-Image-2025-04-22-at-17.06.42-scaled-2560x1280-1-305x207.jpeg",305,207,true],"cvmm-portrait":["https:\/\/horebnews.net\/wp-content\/uploads\/2025\/05\/WhatsApp-Image-2025-04-22-at-17.06.42-scaled-2560x1280-1-400x600.jpeg",400,600,true],"cvmm-medium-square":["https:\/\/horebnews.net\/wp-content\/uploads\/2025\/05\/WhatsApp-Image-2025-04-22-at-17.06.42-scaled-2560x1280-1-600x600.jpeg",600,600,true],"cvmm-large":["https:\/\/horebnews.net\/wp-content\/uploads\/2025\/05\/WhatsApp-Image-2025-04-22-at-17.06.42-scaled-2560x1280-1-1024x1024.jpeg",1024,1024,true],"cvmm-small":["https:\/\/horebnews.net\/wp-content\/uploads\/2025\/05\/WhatsApp-Image-2025-04-22-at-17.06.42-scaled-2560x1280-1-130x95.jpeg",130,95,true],"full":["https:\/\/horebnews.net\/wp-content\/uploads\/2025\/05\/WhatsApp-Image-2025-04-22-at-17.06.42-scaled-2560x1280-1.jpeg",2560,1280,false]},"categories_names":{"8":{"name":"SPORT","link":"https:\/\/horebnews.net\/index.php\/category\/sport\/"}},"tags_names":[],"comments_number":"0","_links":{"self":[{"href":"https:\/\/horebnews.net\/index.php\/wp-json\/wp\/v2\/posts\/2200"}],"collection":[{"href":"https:\/\/horebnews.net\/index.php\/wp-json\/wp\/v2\/posts"}],"about":[{"href":"https:\/\/horebnews.net\/index.php\/wp-json\/wp\/v2\/types\/post"}],"author":[{"embeddable":true,"href":"https:\/\/horebnews.net\/index.php\/wp-json\/wp\/v2\/users\/2"}],"replies":[{"embeddable":true,"href":"https:\/\/horebnews.net\/index.php\/wp-json\/wp\/v2\/comments?post=2200"}],"version-history":[{"count":1,"href":"https:\/\/horebnews.net\/index.php\/wp-json\/wp\/v2\/posts\/2200\/revisions"}],"predecessor-version":[{"id":2202,"href":"https:\/\/horebnews.net\/index.php\/wp-json\/wp\/v2\/posts\/2200\/revisions\/2202"}],"wp:featuredmedia":[{"embeddable":true,"href":"https:\/\/horebnews.net\/index.php\/wp-json\/wp\/v2\/media\/2201"}],"wp:attachment":[{"href":"https:\/\/horebnews.net\/index.php\/wp-json\/wp\/v2\/media?parent=2200"}],"wp:term":[{"taxonomy":"category","embeddable":true,"href":"https:\/\/horebnews.net\/index.php\/wp-json\/wp\/v2\/categories?post=2200"},{"taxonomy":"post_tag","embeddable":true,"href":"https:\/\/horebnews.net\/index.php\/wp-json\/wp\/v2\/tags?post=2200"}],"curies":[{"name":"wp","href":"https:\/\/api.w.org\/{rel}","templated":true}]}}