{"id":2120,"date":"2025-04-29T18:39:55","date_gmt":"2025-04-29T16:39:55","guid":{"rendered":"https:\/\/horebnews.net\/?p=2120"},"modified":"2025-04-29T18:39:55","modified_gmt":"2025-04-29T16:39:55","slug":"29e-edition-du-fespaco-apres-28-ans-dani-kouyate-offre-letalon-dor-de-yennenga-au-burkina-faso","status":"publish","type":"post","link":"https:\/\/horebnews.net\/index.php\/social\/29e-edition-du-fespaco-apres-28-ans-dani-kouyate-offre-letalon-dor-de-yennenga-au-burkina-faso\/","title":{"rendered":"29e \u00e9dition du FESPACO : apr\u00e8s 28 ans, Dani KOUYATE\u0301 offre l\u2019\u00c9talon d\u2019or de Yennenga au Burkina Faso"},"content":{"rendered":"<div class=\"x11i5rnm xat24cr x1mh8g0r x1vvkbs xtlvy1s x126k92a\">\n<div dir=\"auto\"><strong>Le r\u00e9alisateur burkinab\u00e8\u0300 Dani KOUYATE\u0301, a remport\u00e9 le prestigieux prix \u00c9talon d\u2019or de Yennenga de la 29e \u00e9dition du Festival panafricain du cin\u00e9ma et de la t\u00e9l\u00e9vision de Ouagadougou (FESPACO) avec son film \u00ab Katanga, la danse des scorpions \u00bb. Il a re\u00e7u son troph\u00e9e des mains du Pr\u00e9sident du Faso, Chef de l\u2019\u00c9tat, le Capitaine Ibrahim TRAORE\u0301 ce samedi 1er mars\u00a0 au cours de la c\u00e9r\u00e9monie de cl\u00f4ture de cette grand-messe du cin\u00e9ma africain au Palais des Sports de Ouaga 2000.<\/strong><\/div>\n<div dir=\"auto\"><\/div>\n<\/div>\n<div class=\"x11i5rnm xat24cr x1mh8g0r x1vvkbs xtlvy1s x126k92a\">\n<div dir=\"auto\">Apr\u00e8s 28 ans (1997, sacre de Gaston KABORE\u0301), le Burkina Faso d\u00e9croche son troisi\u00e8me \u00c9talon d\u2019Or de Yennenga, le prestigieux prix qui r\u00e9compense le meilleur film de fiction long m\u00e9trage au FESPACO. C\u2019est un prix dote\u0301 d\u2019un troph\u00e9e et d\u2019une enveloppe financi\u00e8re de 20 millions FCFA.<\/div>\n<div dir=\"auto\"><\/div>\n<\/div>\n<div class=\"x11i5rnm xat24cr x1mh8g0r x1vvkbs xtlvy1s x126k92a\">\n<div dir=\"auto\">Dani KOUYATE\u0301, tr\u00e8s \u00e9mu a d\u00e9di\u00e9\u0301 ce prix aux Forces de d\u00e9fense et de s\u00e9curit\u00e9\u0301 (FDS), au peuple burkinab\u00e8\u0300 et aux soldats tomb\u00e9s au front pour la conqu\u00eate de l\u2019int\u00e9grit\u00e9\u0301 de notre territoire. \u00ab La lutte sera \u00e2pre mais la victoire est certaine \u00bb, soutient Dani KOUYATE\u0301, confiant que le Burkina Faso va vaincre le terrorisme.<\/div>\n<div dir=\"auto\"><\/div>\n<\/div>\n<div class=\"x11i5rnm xat24cr x1mh8g0r x1vvkbs xtlvy1s x126k92a\">\n<div dir=\"auto\">Le deuxi\u00e8me prix dans la cat\u00e9gorie film fiction long m\u00e9trage, l\u2019\u00c9talon d\u2019argent, (troph\u00e9e et dix millions FCFA), revient a\u0300 \u00ab The village next to paradise \u00bb du Somalien Mo HARAWE et le 3e prix l\u2019\u00c9talon de bronze (troph\u00e9e et 5 millions FCFA) a\u0300 \u00ab On becoming a Guinea fowl \u00bb du Zambien Rungano NYONI.<\/div>\n<div dir=\"auto\"><\/div>\n<\/div>\n<div class=\"x11i5rnm xat24cr x1mh8g0r x1vvkbs xtlvy1s x126k92a\">\n<div dir=\"auto\">Dans la cat\u00e9gorie film du Burkina, le Grand prix du Pr\u00e9sident du Faso est revenu a\u0300 Alidou BADINI pour son film \u00ab Yikian \u00bb. Ce prix mis en comp\u00e9tition par le Chef de l\u2019\u00c9tat pour stimuler la cr\u00e9ation dans le 7e art est dot\u00e9 d\u2019un troph\u00e9e et de la somme de 5 millions FCFA.<\/div>\n<div dir=\"auto\"><\/div>\n<\/div>\n<div class=\"x11i5rnm xat24cr x1mh8g0r x1vvkbs xtlvy1s x126k92a\">\n<div dir=\"auto\">De nombreux prix ont \u00e9t\u00e9\u0301 d\u00e9cern\u00e9s aux r\u00e9alisateurs qui ont pris part a\u0300 cette \u00e9dition du FESPACO plac\u00e9e sous le th\u00e8me, \u00ab Cin\u00e9mas d\u2019Afrique et identit\u00e9s culturelles \u00bb, avec le Tchad comme pays invite\u0301 d\u2019honneur. La 30e \u00e9dition du FESPACO est pr\u00e9vue du 27 f\u00e9vrier au 6 mars 2027.<\/div>\n<div dir=\"auto\"><\/div>\n<\/div>\n<div class=\"x11i5rnm xat24cr x1mh8g0r x1vvkbs xtlvy1s x126k92a\">\n<div dir=\"auto\"><strong>Direction de la communication de la Pr\u00e9sidence du Faso<\/strong><\/div>\n<\/div>\n","protected":false},"excerpt":{"rendered":"<p>Le r\u00e9alisateur burkinab\u00e8\u0300 Dani KOUYATE\u0301, a remport\u00e9 le prestigieux prix \u00c9talon d\u2019or de Yennenga de la 29e \u00e9dition du Festival panafricain du cin\u00e9ma et de la t\u00e9l\u00e9vision de Ouagadougou (FESPACO) avec son film \u00ab Katanga, la danse des scorpions \u00bb. Il a re\u00e7u son troph\u00e9e des mains du Pr\u00e9sident du Faso, Chef de l\u2019\u00c9tat, le [&hellip;]<\/p>\n","protected":false},"author":2,"featured_media":2121,"comment_status":"open","ping_status":"open","sticky":false,"template":"","format":"standard","meta":{"footnotes":""},"categories":[6],"tags":[],"yoast_head":"<!-- This site is optimized with the Yoast SEO plugin v22.9 - https:\/\/yoast.com\/wordpress\/plugins\/seo\/ -->\n<title>29e \u00e9dition du FESPACO : apr\u00e8s 28 ans, Dani KOUYATE\u0301 offre l\u2019\u00c9talon d\u2019or de Yennenga au Burkina Faso - HOREBNEWS<\/title>\n<meta name=\"robots\" content=\"index, follow, max-snippet:-1, max-image-preview:large, max-video-preview:-1\" \/>\n<link rel=\"canonical\" href=\"https:\/\/horebnews.net\/index.php\/social\/29e-edition-du-fespaco-apres-28-ans-dani-kouyate-offre-letalon-dor-de-yennenga-au-burkina-faso\/\" \/>\n<meta property=\"og:locale\" content=\"fr_FR\" \/>\n<meta property=\"og:type\" content=\"article\" \/>\n<meta property=\"og:title\" content=\"29e \u00e9dition du FESPACO : apr\u00e8s 28 ans, Dani KOUYATE\u0301 offre l\u2019\u00c9talon d\u2019or de Yennenga au Burkina Faso - HOREBNEWS\" \/>\n<meta property=\"og:description\" content=\"Le r\u00e9alisateur burkinab\u00e8\u0300 Dani KOUYATE\u0301, a remport\u00e9 le prestigieux prix \u00c9talon d\u2019or de Yennenga de la 29e \u00e9dition du Festival panafricain du cin\u00e9ma et de la t\u00e9l\u00e9vision de Ouagadougou (FESPACO) avec son film \u00ab Katanga, la danse des scorpions \u00bb. Il a re\u00e7u son troph\u00e9e des mains du Pr\u00e9sident du Faso, Chef de l\u2019\u00c9tat, le [&hellip;]\" \/>\n<meta property=\"og:url\" content=\"https:\/\/horebnews.net\/index.php\/social\/29e-edition-du-fespaco-apres-28-ans-dani-kouyate-offre-letalon-dor-de-yennenga-au-burkina-faso\/\" \/>\n<meta property=\"og:site_name\" content=\"HOREBNEWS\" \/>\n<meta property=\"article:published_time\" content=\"2025-04-29T16:39:55+00:00\" \/>\n<meta property=\"og:image\" content=\"http:\/\/horebnews.net\/wp-content\/uploads\/2025\/04\/481324981_1044429437725868_3331734294163898920_n-1080x540-1.jpg\" \/>\n\t<meta property=\"og:image:width\" content=\"1080\" \/>\n\t<meta property=\"og:image:height\" content=\"540\" \/>\n\t<meta property=\"og:image:type\" content=\"image\/jpeg\" \/>\n<meta name=\"author\" content=\"Madeleine Damiba\" \/>\n<meta name=\"twitter:card\" content=\"summary_large_image\" \/>\n<meta name=\"twitter:label1\" content=\"\u00c9crit par\" \/>\n\t<meta name=\"twitter:data1\" content=\"Madeleine Damiba\" \/>\n\t<meta name=\"twitter:label2\" content=\"Dur\u00e9e de lecture estim\u00e9e\" \/>\n\t<meta name=\"twitter:data2\" content=\"2 minutes\" \/>\n<script type=\"application\/ld+json\" class=\"yoast-schema-graph\">{\"@context\":\"https:\/\/schema.org\",\"@graph\":[{\"@type\":\"Article\",\"@id\":\"https:\/\/horebnews.net\/index.php\/social\/29e-edition-du-fespaco-apres-28-ans-dani-kouyate-offre-letalon-dor-de-yennenga-au-burkina-faso\/#article\",\"isPartOf\":{\"@id\":\"https:\/\/horebnews.net\/index.php\/social\/29e-edition-du-fespaco-apres-28-ans-dani-kouyate-offre-letalon-dor-de-yennenga-au-burkina-faso\/\"},\"author\":{\"name\":\"Madeleine Damiba\",\"@id\":\"https:\/\/horebnews.net\/#\/schema\/person\/34f2415afa4c9d65ffbc118f5eaed57f\"},\"headline\":\"29e \u00e9dition du FESPACO : apr\u00e8s 28 ans, Dani KOUYATE\u0301 offre l\u2019\u00c9talon d\u2019or de Yennenga au Burkina Faso\",\"datePublished\":\"2025-04-29T16:39:55+00:00\",\"dateModified\":\"2025-04-29T16:39:55+00:00\",\"mainEntityOfPage\":{\"@id\":\"https:\/\/horebnews.net\/index.php\/social\/29e-edition-du-fespaco-apres-28-ans-dani-kouyate-offre-letalon-dor-de-yennenga-au-burkina-faso\/\"},\"wordCount\":407,\"commentCount\":0,\"publisher\":{\"@id\":\"https:\/\/horebnews.net\/#organization\"},\"image\":{\"@id\":\"https:\/\/horebnews.net\/index.php\/social\/29e-edition-du-fespaco-apres-28-ans-dani-kouyate-offre-letalon-dor-de-yennenga-au-burkina-faso\/#primaryimage\"},\"thumbnailUrl\":\"https:\/\/horebnews.net\/wp-content\/uploads\/2025\/04\/481324981_1044429437725868_3331734294163898920_n-1080x540-1.jpg\",\"articleSection\":[\"SOCIAL\"],\"inLanguage\":\"fr-FR\",\"potentialAction\":[{\"@type\":\"CommentAction\",\"name\":\"Comment\",\"target\":[\"https:\/\/horebnews.net\/index.php\/social\/29e-edition-du-fespaco-apres-28-ans-dani-kouyate-offre-letalon-dor-de-yennenga-au-burkina-faso\/#respond\"]}]},{\"@type\":\"WebPage\",\"@id\":\"https:\/\/horebnews.net\/index.php\/social\/29e-edition-du-fespaco-apres-28-ans-dani-kouyate-offre-letalon-dor-de-yennenga-au-burkina-faso\/\",\"url\":\"https:\/\/horebnews.net\/index.php\/social\/29e-edition-du-fespaco-apres-28-ans-dani-kouyate-offre-letalon-dor-de-yennenga-au-burkina-faso\/\",\"name\":\"29e \u00e9dition du FESPACO : apr\u00e8s 28 ans, Dani KOUYATE\u0301 offre l\u2019\u00c9talon d\u2019or de Yennenga au Burkina Faso - HOREBNEWS\",\"isPartOf\":{\"@id\":\"https:\/\/horebnews.net\/#website\"},\"primaryImageOfPage\":{\"@id\":\"https:\/\/horebnews.net\/index.php\/social\/29e-edition-du-fespaco-apres-28-ans-dani-kouyate-offre-letalon-dor-de-yennenga-au-burkina-faso\/#primaryimage\"},\"image\":{\"@id\":\"https:\/\/horebnews.net\/index.php\/social\/29e-edition-du-fespaco-apres-28-ans-dani-kouyate-offre-letalon-dor-de-yennenga-au-burkina-faso\/#primaryimage\"},\"thumbnailUrl\":\"https:\/\/horebnews.net\/wp-content\/uploads\/2025\/04\/481324981_1044429437725868_3331734294163898920_n-1080x540-1.jpg\",\"datePublished\":\"2025-04-29T16:39:55+00:00\",\"dateModified\":\"2025-04-29T16:39:55+00:00\",\"breadcrumb\":{\"@id\":\"https:\/\/horebnews.net\/index.php\/social\/29e-edition-du-fespaco-apres-28-ans-dani-kouyate-offre-letalon-dor-de-yennenga-au-burkina-faso\/#breadcrumb\"},\"inLanguage\":\"fr-FR\",\"potentialAction\":[{\"@type\":\"ReadAction\",\"target\":[\"https:\/\/horebnews.net\/index.php\/social\/29e-edition-du-fespaco-apres-28-ans-dani-kouyate-offre-letalon-dor-de-yennenga-au-burkina-faso\/\"]}]},{\"@type\":\"ImageObject\",\"inLanguage\":\"fr-FR\",\"@id\":\"https:\/\/horebnews.net\/index.php\/social\/29e-edition-du-fespaco-apres-28-ans-dani-kouyate-offre-letalon-dor-de-yennenga-au-burkina-faso\/#primaryimage\",\"url\":\"https:\/\/horebnews.net\/wp-content\/uploads\/2025\/04\/481324981_1044429437725868_3331734294163898920_n-1080x540-1.jpg\",\"contentUrl\":\"https:\/\/horebnews.net\/wp-content\/uploads\/2025\/04\/481324981_1044429437725868_3331734294163898920_n-1080x540-1.jpg\",\"width\":1080,\"height\":540},{\"@type\":\"BreadcrumbList\",\"@id\":\"https:\/\/horebnews.net\/index.php\/social\/29e-edition-du-fespaco-apres-28-ans-dani-kouyate-offre-letalon-dor-de-yennenga-au-burkina-faso\/#breadcrumb\",\"itemListElement\":[{\"@type\":\"ListItem\",\"position\":1,\"name\":\"Accueil\",\"item\":\"https:\/\/horebnews.net\/\"},{\"@type\":\"ListItem\",\"position\":2,\"name\":\"SOCIAL\",\"item\":\"https:\/\/horebnews.net\/index.php\/category\/social\/\"},{\"@type\":\"ListItem\",\"position\":3,\"name\":\"29e \u00e9dition du FESPACO : apr\u00e8s 28 ans, Dani KOUYATE\u0301 offre l\u2019\u00c9talon d\u2019or de Yennenga au Burkina Faso\"}]},{\"@type\":\"WebSite\",\"@id\":\"https:\/\/horebnews.net\/#website\",\"url\":\"https:\/\/horebnews.net\/\",\"name\":\"HOREBNEWS\",\"description\":\"La vraie info\",\"publisher\":{\"@id\":\"https:\/\/horebnews.net\/#organization\"},\"potentialAction\":[{\"@type\":\"SearchAction\",\"target\":{\"@type\":\"EntryPoint\",\"urlTemplate\":\"https:\/\/horebnews.net\/?s={search_term_string}\"},\"query-input\":\"required name=search_term_string\"}],\"inLanguage\":\"fr-FR\"},{\"@type\":\"Organization\",\"@id\":\"https:\/\/horebnews.net\/#organization\",\"name\":\"HOREBNEWS\",\"url\":\"https:\/\/horebnews.net\/\",\"logo\":{\"@type\":\"ImageObject\",\"inLanguage\":\"fr-FR\",\"@id\":\"https:\/\/horebnews.net\/#\/schema\/logo\/image\/\",\"url\":\"http:\/\/horebnews.net\/wp-content\/uploads\/2024\/06\/Image-collee-7.png\",\"contentUrl\":\"http:\/\/horebnews.net\/wp-content\/uploads\/2024\/06\/Image-collee-7.png\",\"width\":399,\"height\":113,\"caption\":\"HOREBNEWS\"},\"image\":{\"@id\":\"https:\/\/horebnews.net\/#\/schema\/logo\/image\/\"}},{\"@type\":\"Person\",\"@id\":\"https:\/\/horebnews.net\/#\/schema\/person\/34f2415afa4c9d65ffbc118f5eaed57f\",\"name\":\"Madeleine Damiba\",\"image\":{\"@type\":\"ImageObject\",\"inLanguage\":\"fr-FR\",\"@id\":\"https:\/\/horebnews.net\/#\/schema\/person\/image\/\",\"url\":\"https:\/\/secure.gravatar.com\/avatar\/7a94eb61bd560caa59e5462e4a3ca555?s=96&d=mm&r=g\",\"contentUrl\":\"https:\/\/secure.gravatar.com\/avatar\/7a94eb61bd560caa59e5462e4a3ca555?s=96&d=mm&r=g\",\"caption\":\"Madeleine Damiba\"},\"url\":\"https:\/\/horebnews.net\/index.php\/author\/madeleine-damiba\/\"}]}<\/script>\n<!-- \/ Yoast SEO plugin. -->","yoast_head_json":{"title":"29e \u00e9dition du FESPACO : apr\u00e8s 28 ans, Dani KOUYATE\u0301 offre l\u2019\u00c9talon d\u2019or de Yennenga au Burkina Faso - HOREBNEWS","robots":{"index":"index","follow":"follow","max-snippet":"max-snippet:-1","max-image-preview":"max-image-preview:large","max-video-preview":"max-video-preview:-1"},"canonical":"https:\/\/horebnews.net\/index.php\/social\/29e-edition-du-fespaco-apres-28-ans-dani-kouyate-offre-letalon-dor-de-yennenga-au-burkina-faso\/","og_locale":"fr_FR","og_type":"article","og_title":"29e \u00e9dition du FESPACO : apr\u00e8s 28 ans, Dani KOUYATE\u0301 offre l\u2019\u00c9talon d\u2019or de Yennenga au Burkina Faso - HOREBNEWS","og_description":"Le r\u00e9alisateur burkinab\u00e8\u0300 Dani KOUYATE\u0301, a remport\u00e9 le prestigieux prix \u00c9talon d\u2019or de Yennenga de la 29e \u00e9dition du Festival panafricain du cin\u00e9ma et de la t\u00e9l\u00e9vision de Ouagadougou (FESPACO) avec son film \u00ab Katanga, la danse des scorpions \u00bb. Il a re\u00e7u son troph\u00e9e des mains du Pr\u00e9sident du Faso, Chef de l\u2019\u00c9tat, le [&hellip;]","og_url":"https:\/\/horebnews.net\/index.php\/social\/29e-edition-du-fespaco-apres-28-ans-dani-kouyate-offre-letalon-dor-de-yennenga-au-burkina-faso\/","og_site_name":"HOREBNEWS","article_published_time":"2025-04-29T16:39:55+00:00","og_image":[{"width":1080,"height":540,"url":"http:\/\/horebnews.net\/wp-content\/uploads\/2025\/04\/481324981_1044429437725868_3331734294163898920_n-1080x540-1.jpg","type":"image\/jpeg"}],"author":"Madeleine Damiba","twitter_card":"summary_large_image","twitter_misc":{"\u00c9crit par":"Madeleine Damiba","Dur\u00e9e de lecture estim\u00e9e":"2 minutes"},"schema":{"@context":"https:\/\/schema.org","@graph":[{"@type":"Article","@id":"https:\/\/horebnews.net\/index.php\/social\/29e-edition-du-fespaco-apres-28-ans-dani-kouyate-offre-letalon-dor-de-yennenga-au-burkina-faso\/#article","isPartOf":{"@id":"https:\/\/horebnews.net\/index.php\/social\/29e-edition-du-fespaco-apres-28-ans-dani-kouyate-offre-letalon-dor-de-yennenga-au-burkina-faso\/"},"author":{"name":"Madeleine Damiba","@id":"https:\/\/horebnews.net\/#\/schema\/person\/34f2415afa4c9d65ffbc118f5eaed57f"},"headline":"29e \u00e9dition du FESPACO : apr\u00e8s 28 ans, Dani KOUYATE\u0301 offre l\u2019\u00c9talon d\u2019or de Yennenga au Burkina Faso","datePublished":"2025-04-29T16:39:55+00:00","dateModified":"2025-04-29T16:39:55+00:00","mainEntityOfPage":{"@id":"https:\/\/horebnews.net\/index.php\/social\/29e-edition-du-fespaco-apres-28-ans-dani-kouyate-offre-letalon-dor-de-yennenga-au-burkina-faso\/"},"wordCount":407,"commentCount":0,"publisher":{"@id":"https:\/\/horebnews.net\/#organization"},"image":{"@id":"https:\/\/horebnews.net\/index.php\/social\/29e-edition-du-fespaco-apres-28-ans-dani-kouyate-offre-letalon-dor-de-yennenga-au-burkina-faso\/#primaryimage"},"thumbnailUrl":"https:\/\/horebnews.net\/wp-content\/uploads\/2025\/04\/481324981_1044429437725868_3331734294163898920_n-1080x540-1.jpg","articleSection":["SOCIAL"],"inLanguage":"fr-FR","potentialAction":[{"@type":"CommentAction","name":"Comment","target":["https:\/\/horebnews.net\/index.php\/social\/29e-edition-du-fespaco-apres-28-ans-dani-kouyate-offre-letalon-dor-de-yennenga-au-burkina-faso\/#respond"]}]},{"@type":"WebPage","@id":"https:\/\/horebnews.net\/index.php\/social\/29e-edition-du-fespaco-apres-28-ans-dani-kouyate-offre-letalon-dor-de-yennenga-au-burkina-faso\/","url":"https:\/\/horebnews.net\/index.php\/social\/29e-edition-du-fespaco-apres-28-ans-dani-kouyate-offre-letalon-dor-de-yennenga-au-burkina-faso\/","name":"29e \u00e9dition du FESPACO : apr\u00e8s 28 ans, Dani KOUYATE\u0301 offre l\u2019\u00c9talon d\u2019or de Yennenga au Burkina Faso - HOREBNEWS","isPartOf":{"@id":"https:\/\/horebnews.net\/#website"},"primaryImageOfPage":{"@id":"https:\/\/horebnews.net\/index.php\/social\/29e-edition-du-fespaco-apres-28-ans-dani-kouyate-offre-letalon-dor-de-yennenga-au-burkina-faso\/#primaryimage"},"image":{"@id":"https:\/\/horebnews.net\/index.php\/social\/29e-edition-du-fespaco-apres-28-ans-dani-kouyate-offre-letalon-dor-de-yennenga-au-burkina-faso\/#primaryimage"},"thumbnailUrl":"https:\/\/horebnews.net\/wp-content\/uploads\/2025\/04\/481324981_1044429437725868_3331734294163898920_n-1080x540-1.jpg","datePublished":"2025-04-29T16:39:55+00:00","dateModified":"2025-04-29T16:39:55+00:00","breadcrumb":{"@id":"https:\/\/horebnews.net\/index.php\/social\/29e-edition-du-fespaco-apres-28-ans-dani-kouyate-offre-letalon-dor-de-yennenga-au-burkina-faso\/#breadcrumb"},"inLanguage":"fr-FR","potentialAction":[{"@type":"ReadAction","target":["https:\/\/horebnews.net\/index.php\/social\/29e-edition-du-fespaco-apres-28-ans-dani-kouyate-offre-letalon-dor-de-yennenga-au-burkina-faso\/"]}]},{"@type":"ImageObject","inLanguage":"fr-FR","@id":"https:\/\/horebnews.net\/index.php\/social\/29e-edition-du-fespaco-apres-28-ans-dani-kouyate-offre-letalon-dor-de-yennenga-au-burkina-faso\/#primaryimage","url":"https:\/\/horebnews.net\/wp-content\/uploads\/2025\/04\/481324981_1044429437725868_3331734294163898920_n-1080x540-1.jpg","contentUrl":"https:\/\/horebnews.net\/wp-content\/uploads\/2025\/04\/481324981_1044429437725868_3331734294163898920_n-1080x540-1.jpg","width":1080,"height":540},{"@type":"BreadcrumbList","@id":"https:\/\/horebnews.net\/index.php\/social\/29e-edition-du-fespaco-apres-28-ans-dani-kouyate-offre-letalon-dor-de-yennenga-au-burkina-faso\/#breadcrumb","itemListElement":[{"@type":"ListItem","position":1,"name":"Accueil","item":"https:\/\/horebnews.net\/"},{"@type":"ListItem","position":2,"name":"SOCIAL","item":"https:\/\/horebnews.net\/index.php\/category\/social\/"},{"@type":"ListItem","position":3,"name":"29e \u00e9dition du FESPACO : apr\u00e8s 28 ans, Dani KOUYATE\u0301 offre l\u2019\u00c9talon d\u2019or de Yennenga au Burkina Faso"}]},{"@type":"WebSite","@id":"https:\/\/horebnews.net\/#website","url":"https:\/\/horebnews.net\/","name":"HOREBNEWS","description":"La vraie info","publisher":{"@id":"https:\/\/horebnews.net\/#organization"},"potentialAction":[{"@type":"SearchAction","target":{"@type":"EntryPoint","urlTemplate":"https:\/\/horebnews.net\/?s={search_term_string}"},"query-input":"required name=search_term_string"}],"inLanguage":"fr-FR"},{"@type":"Organization","@id":"https:\/\/horebnews.net\/#organization","name":"HOREBNEWS","url":"https:\/\/horebnews.net\/","logo":{"@type":"ImageObject","inLanguage":"fr-FR","@id":"https:\/\/horebnews.net\/#\/schema\/logo\/image\/","url":"http:\/\/horebnews.net\/wp-content\/uploads\/2024\/06\/Image-collee-7.png","contentUrl":"http:\/\/horebnews.net\/wp-content\/uploads\/2024\/06\/Image-collee-7.png","width":399,"height":113,"caption":"HOREBNEWS"},"image":{"@id":"https:\/\/horebnews.net\/#\/schema\/logo\/image\/"}},{"@type":"Person","@id":"https:\/\/horebnews.net\/#\/schema\/person\/34f2415afa4c9d65ffbc118f5eaed57f","name":"Madeleine Damiba","image":{"@type":"ImageObject","inLanguage":"fr-FR","@id":"https:\/\/horebnews.net\/#\/schema\/person\/image\/","url":"https:\/\/secure.gravatar.com\/avatar\/7a94eb61bd560caa59e5462e4a3ca555?s=96&d=mm&r=g","contentUrl":"https:\/\/secure.gravatar.com\/avatar\/7a94eb61bd560caa59e5462e4a3ca555?s=96&d=mm&r=g","caption":"Madeleine Damiba"},"url":"https:\/\/horebnews.net\/index.php\/author\/madeleine-damiba\/"}]}},"wpmagazine_modules_lite_featured_media_urls":{"thumbnail":["https:\/\/horebnews.net\/wp-content\/uploads\/2025\/04\/481324981_1044429437725868_3331734294163898920_n-1080x540-1-150x150.jpg",150,150,true],"cvmm-medium":["https:\/\/horebnews.net\/wp-content\/uploads\/2025\/04\/481324981_1044429437725868_3331734294163898920_n-1080x540-1-300x300.jpg",300,300,true],"cvmm-medium-plus":["https:\/\/horebnews.net\/wp-content\/uploads\/2025\/04\/481324981_1044429437725868_3331734294163898920_n-1080x540-1-305x207.jpg",305,207,true],"cvmm-portrait":["https:\/\/horebnews.net\/wp-content\/uploads\/2025\/04\/481324981_1044429437725868_3331734294163898920_n-1080x540-1-400x540.jpg",400,540,true],"cvmm-medium-square":["https:\/\/horebnews.net\/wp-content\/uploads\/2025\/04\/481324981_1044429437725868_3331734294163898920_n-1080x540-1-600x540.jpg",600,540,true],"cvmm-large":["https:\/\/horebnews.net\/wp-content\/uploads\/2025\/04\/481324981_1044429437725868_3331734294163898920_n-1080x540-1-1024x540.jpg",1024,540,true],"cvmm-small":["https:\/\/horebnews.net\/wp-content\/uploads\/2025\/04\/481324981_1044429437725868_3331734294163898920_n-1080x540-1-130x95.jpg",130,95,true],"full":["https:\/\/horebnews.net\/wp-content\/uploads\/2025\/04\/481324981_1044429437725868_3331734294163898920_n-1080x540-1.jpg",1080,540,false]},"categories_names":{"6":{"name":"SOCIAL","link":"https:\/\/horebnews.net\/index.php\/category\/social\/"}},"tags_names":[],"comments_number":"0","_links":{"self":[{"href":"https:\/\/horebnews.net\/index.php\/wp-json\/wp\/v2\/posts\/2120"}],"collection":[{"href":"https:\/\/horebnews.net\/index.php\/wp-json\/wp\/v2\/posts"}],"about":[{"href":"https:\/\/horebnews.net\/index.php\/wp-json\/wp\/v2\/types\/post"}],"author":[{"embeddable":true,"href":"https:\/\/horebnews.net\/index.php\/wp-json\/wp\/v2\/users\/2"}],"replies":[{"embeddable":true,"href":"https:\/\/horebnews.net\/index.php\/wp-json\/wp\/v2\/comments?post=2120"}],"version-history":[{"count":1,"href":"https:\/\/horebnews.net\/index.php\/wp-json\/wp\/v2\/posts\/2120\/revisions"}],"predecessor-version":[{"id":2122,"href":"https:\/\/horebnews.net\/index.php\/wp-json\/wp\/v2\/posts\/2120\/revisions\/2122"}],"wp:featuredmedia":[{"embeddable":true,"href":"https:\/\/horebnews.net\/index.php\/wp-json\/wp\/v2\/media\/2121"}],"wp:attachment":[{"href":"https:\/\/horebnews.net\/index.php\/wp-json\/wp\/v2\/media?parent=2120"}],"wp:term":[{"taxonomy":"category","embeddable":true,"href":"https:\/\/horebnews.net\/index.php\/wp-json\/wp\/v2\/categories?post=2120"},{"taxonomy":"post_tag","embeddable":true,"href":"https:\/\/horebnews.net\/index.php\/wp-json\/wp\/v2\/tags?post=2120"}],"curies":[{"name":"wp","href":"https:\/\/api.w.org\/{rel}","templated":true}]}}