{"id":2045,"date":"2025-01-29T19:31:48","date_gmt":"2025-01-29T18:31:48","guid":{"rendered":"https:\/\/horebnews.net\/?p=2045"},"modified":"2025-01-29T19:40:00","modified_gmt":"2025-01-29T18:40:00","slug":"lutte-contre-le-terrorisme-le-fonds-de-soutien-patriotique-renouvele-pour-un-an","status":"publish","type":"post","link":"https:\/\/horebnews.net\/index.php\/securite\/lutte-contre-le-terrorisme-le-fonds-de-soutien-patriotique-renouvele-pour-un-an\/","title":{"rendered":"Lutte contre le terrorisme : le Fonds de soutien patriotique renouvel\u00e9 pour un an"},"content":{"rendered":"<div class=\"x11i5rnm xat24cr x1mh8g0r x1vvkbs xtlvy1s x126k92a\">\n<div dir=\"auto\"><strong>Le Pr\u00e9sident du Faso, Chef de l\u2019\u00c9tat, le Capitaine Ibrahim TRAOR\u00c9, a pr\u00e9sid\u00e9 ce mercredi 29 janvier 2025 , \u00e0 Ouagadougou, le Conseil des ministres, au cours duquel plusieurs dossiers ont \u00e9t\u00e9 examin\u00e9s et d\u2019importantes d\u00e9cisions prises pour la bonne marche de la Nation, selon le ministre Porte-parole du Gouvernement, Pingdwend\u00e9 Gilbert OU\u00c9DRAOGO.<\/strong><\/div>\n<div dir=\"auto\"><\/div>\n<\/div>\n<div class=\"x11i5rnm xat24cr x1mh8g0r x1vvkbs xtlvy1s x126k92a\">\n<div dir=\"auto\">Au titre de la Pr\u00e9sidence du Faso, le Conseil a adopt\u00e9 un rapport relatif \u00e0 l&rsquo;am\u00e9nagement et la stabilisation de 30 kilom\u00e8tres de routes urbaines \u00e0 Bobo-Dioulasso, Koudougou et Ouagadougou. Pour le ministre Porte-parole du Gouvernement, Pingdwend\u00e9 Gilbert OU\u00c9DRAOGO, ce projet est la phase pilote de l&rsquo;Initiative pr\u00e9sidentielle Faso-M\u00eabo en sa composante 2 relative au r\u00e9am\u00e9nagement et \u00e0 l&#8217;embellissement urbain.<\/div>\n<div dir=\"auto\"><img fetchpriority=\"high\" decoding=\"async\" class=\" wp-image-2048 alignleft\" src=\"http:\/\/horebnews.net\/wp-content\/uploads\/2025\/01\/474764080_1021158953386250_532294262818238458_n-200x300.jpg\" alt=\"\" width=\"260\" height=\"390\" srcset=\"https:\/\/horebnews.net\/wp-content\/uploads\/2025\/01\/474764080_1021158953386250_532294262818238458_n-200x300.jpg 200w, https:\/\/horebnews.net\/wp-content\/uploads\/2025\/01\/474764080_1021158953386250_532294262818238458_n-683x1024.jpg 683w, https:\/\/horebnews.net\/wp-content\/uploads\/2025\/01\/474764080_1021158953386250_532294262818238458_n-768x1152.jpg 768w, https:\/\/horebnews.net\/wp-content\/uploads\/2025\/01\/474764080_1021158953386250_532294262818238458_n-1024x1536.jpg 1024w, https:\/\/horebnews.net\/wp-content\/uploads\/2025\/01\/474764080_1021158953386250_532294262818238458_n-400x600.jpg 400w, https:\/\/horebnews.net\/wp-content\/uploads\/2025\/01\/474764080_1021158953386250_532294262818238458_n.jpg 1067w\" sizes=\"(max-width: 260px) 100vw, 260px\" \/><\/div>\n<div dir=\"auto\">Le financement de ce projet est assur\u00e9 par le budget du Bureau national des grands projets du Burkina Faso \u00e0 travers l&rsquo;Initiative pr\u00e9sidentielle Faso-M\u00eabo pour la gestion budg\u00e9taire 2025. \u00ab L&rsquo;objectif vis\u00e9 est de d\u00e9congestionner, de fluidifier le trafic, de s\u00e9curiser les usagers et de r\u00e9duire la pollution, en l&rsquo;occurrence la boue en saison pluvieuse et la poussi\u00e8re en saison s\u00e8che \u00bb, explique le Porte-parole du Gouvernement.<\/div>\n<\/div>\n<div class=\"x11i5rnm xat24cr x1mh8g0r x1vvkbs xtlvy1s x126k92a\">\n<div dir=\"auto\"><\/div>\n<\/div>\n<div class=\"x11i5rnm xat24cr x1mh8g0r x1vvkbs xtlvy1s x126k92a\">\n<div dir=\"auto\">Pour le compte du minist\u00e8re de l\u2019\u00c9conomie et des Finances, le Conseil a adopt\u00e9 un rapport portant renouvellement du Fonds de soutien patriotique pour une dur\u00e9e d\u2019un an renouvelable. Le ministre de l\u2019\u00c9conomie et des Finances, Aboubakar NACANABO, indique qu\u2019il \u00e9tait pr\u00e9vu que le d\u00e9cret qui l\u2019a institu\u00e9 soit examin\u00e9 apr\u00e8s une ann\u00e9e de mise en \u0153uvre pour voir la n\u00e9cessit\u00e9 de poursuivre.<img decoding=\"async\" class=\" wp-image-2050 alignright\" src=\"http:\/\/horebnews.net\/wp-content\/uploads\/2025\/01\/475277508_1021159100052902_3085778293613143484_n-241x300.jpg\" alt=\"\" width=\"231\" height=\"288\" srcset=\"https:\/\/horebnews.net\/wp-content\/uploads\/2025\/01\/475277508_1021159100052902_3085778293613143484_n-241x300.jpg 241w, https:\/\/horebnews.net\/wp-content\/uploads\/2025\/01\/475277508_1021159100052902_3085778293613143484_n-824x1024.jpg 824w, https:\/\/horebnews.net\/wp-content\/uploads\/2025\/01\/475277508_1021159100052902_3085778293613143484_n-768x955.jpg 768w, https:\/\/horebnews.net\/wp-content\/uploads\/2025\/01\/475277508_1021159100052902_3085778293613143484_n-1236x1536.jpg 1236w, https:\/\/horebnews.net\/wp-content\/uploads\/2025\/01\/475277508_1021159100052902_3085778293613143484_n.jpg 1287w\" sizes=\"(max-width: 231px) 100vw, 231px\" \/><\/div>\n<div dir=\"auto\"><\/div>\n<\/div>\n<div class=\"x11i5rnm xat24cr x1mh8g0r x1vvkbs xtlvy1s x126k92a\">\n<div dir=\"auto\">\u00ab Apr\u00e8s l\u2019\u00e9valuation il est ressorti qu\u2019il est n\u00e9cessaire de poursuivre la collecte et de renforcer le Fonds de soutien patriotique au regard de son impact important sur le terrain pour la prise en charge des Volontaires pour la d\u00e9fense de la patrie et leur \u00e9quipement. A partir de ce d\u00e9cret, il est autoris\u00e9 pour l\u2019ann\u00e9e 2025, du 1er janvier au 31 d\u00e9cembre, la collecte du Fonds de soutien patriotique pour faire face \u00e0 ces d\u00e9penses importantes pour la s\u00e9curisation du territoire \u00bb, affirme le ministre NACANABO.<\/div>\n<div dir=\"auto\"><\/div>\n<\/div>\n<div class=\"x11i5rnm xat24cr x1mh8g0r x1vvkbs xtlvy1s x126k92a\">\n<div dir=\"auto\"><img decoding=\"async\" class=\" wp-image-2051 alignleft\" src=\"http:\/\/horebnews.net\/wp-content\/uploads\/2025\/01\/474764460_1021159260052886_1486273933764510361_n-264x300.jpg\" alt=\"\" width=\"301\" height=\"342\" srcset=\"https:\/\/horebnews.net\/wp-content\/uploads\/2025\/01\/474764460_1021159260052886_1486273933764510361_n-264x300.jpg 264w, https:\/\/horebnews.net\/wp-content\/uploads\/2025\/01\/474764460_1021159260052886_1486273933764510361_n-900x1024.jpg 900w, https:\/\/horebnews.net\/wp-content\/uploads\/2025\/01\/474764460_1021159260052886_1486273933764510361_n-768x873.jpg 768w, https:\/\/horebnews.net\/wp-content\/uploads\/2025\/01\/474764460_1021159260052886_1486273933764510361_n-1351x1536.jpg 1351w, https:\/\/horebnews.net\/wp-content\/uploads\/2025\/01\/474764460_1021159260052886_1486273933764510361_n.jpg 1407w\" sizes=\"(max-width: 301px) 100vw, 301px\" \/>Au titre du minist\u00e8re de l&rsquo;Industrie, du Commerce et de l&rsquo;Artisanat, le Conseil a adopt\u00e9 deux d\u00e9crets. Le premier est relatif \u00e0 l&rsquo;approbation des statuts particuliers de la Chambre des m\u00e9tiers de l&rsquo;Artisanat du Burkina Faso. Quant au second d\u00e9cret, il porte dissolution des organes consulaires de la Chambre des m\u00e9tiers de l&rsquo;Artisanat du Burkina Faso et mise en place d&rsquo;une d\u00e9l\u00e9gation consulaire pour assurer les affaires courantes jusqu&rsquo;aux prochaines \u00e9lections consulaires. \u00ab L&rsquo;adoption de ces deux d\u00e9crets s&rsquo;inscrit dans la dynamique de refondation de l&rsquo;\u00c9tat \u00e0 travers la reformulation de certains statuts de structures \u00e9tatiques importantes, strat\u00e9giques pour la bonne marche de notre \u00e9conomie \u00bb, souligne le ministre Serge Gnaniodem PODA.<\/div>\n<div dir=\"auto\"><\/div>\n<\/div>\n<div class=\"x11i5rnm xat24cr x1mh8g0r x1vvkbs xtlvy1s x126k92a\">\n<div dir=\"auto\">Les innovations apport\u00e9es par ces deux d\u00e9crets concernent la suppression de la relation hi\u00e9rarchique qui existait entre le bureau consulaire et l&rsquo;administration de l&rsquo;entit\u00e9, la mise en place d&rsquo;une Assembl\u00e9e g\u00e9n\u00e9rale et d&rsquo;un Conseil d&rsquo;administration au sein desquels vont d\u00e9sormais si\u00e9ger des repr\u00e9sentants de l&rsquo;administration publique pour assurer le pilotage de la Chambre des m\u00e9tiers de l&rsquo;Artisanat vers des chemins beaucoup plus vertueux.<\/div>\n<div dir=\"auto\"><\/div>\n<\/div>\n<div class=\"x11i5rnm xat24cr x1mh8g0r x1vvkbs xtlvy1s x126k92a\">\n<div dir=\"auto\"><strong>Direction de la communication de la Pr\u00e9sidence du Faso<\/strong><\/div>\n<\/div>\n","protected":false},"excerpt":{"rendered":"<p>Le Pr\u00e9sident du Faso, Chef de l\u2019\u00c9tat, le Capitaine Ibrahim TRAOR\u00c9, a pr\u00e9sid\u00e9 ce mercredi 29 janvier 2025 , \u00e0 Ouagadougou, le Conseil des ministres, au cours duquel plusieurs dossiers ont \u00e9t\u00e9 examin\u00e9s et d\u2019importantes d\u00e9cisions prises pour la bonne marche de la Nation, selon le ministre Porte-parole du Gouvernement, Pingdwend\u00e9 Gilbert OU\u00c9DRAOGO. Au titre [&hellip;]<\/p>\n","protected":false},"author":2,"featured_media":2047,"comment_status":"open","ping_status":"open","sticky":false,"template":"","format":"standard","meta":{"footnotes":""},"categories":[4],"tags":[],"yoast_head":"<!-- This site is optimized with the Yoast SEO plugin v22.9 - https:\/\/yoast.com\/wordpress\/plugins\/seo\/ -->\n<title>Lutte contre le terrorisme : le Fonds de soutien patriotique renouvel\u00e9 pour un an - HOREBNEWS<\/title>\n<meta name=\"robots\" content=\"index, follow, max-snippet:-1, max-image-preview:large, max-video-preview:-1\" \/>\n<link rel=\"canonical\" href=\"https:\/\/horebnews.net\/index.php\/securite\/lutte-contre-le-terrorisme-le-fonds-de-soutien-patriotique-renouvele-pour-un-an\/\" \/>\n<meta property=\"og:locale\" content=\"fr_FR\" \/>\n<meta property=\"og:type\" content=\"article\" \/>\n<meta property=\"og:title\" content=\"Lutte contre le terrorisme : le Fonds de soutien patriotique renouvel\u00e9 pour un an - HOREBNEWS\" \/>\n<meta property=\"og:description\" content=\"Le Pr\u00e9sident du Faso, Chef de l\u2019\u00c9tat, le Capitaine Ibrahim TRAOR\u00c9, a pr\u00e9sid\u00e9 ce mercredi 29 janvier 2025 , \u00e0 Ouagadougou, le Conseil des ministres, au cours duquel plusieurs dossiers ont \u00e9t\u00e9 examin\u00e9s et d\u2019importantes d\u00e9cisions prises pour la bonne marche de la Nation, selon le ministre Porte-parole du Gouvernement, Pingdwend\u00e9 Gilbert OU\u00c9DRAOGO. Au titre [&hellip;]\" \/>\n<meta property=\"og:url\" content=\"https:\/\/horebnews.net\/index.php\/securite\/lutte-contre-le-terrorisme-le-fonds-de-soutien-patriotique-renouvele-pour-un-an\/\" \/>\n<meta property=\"og:site_name\" content=\"HOREBNEWS\" \/>\n<meta property=\"article:published_time\" content=\"2025-01-29T18:31:48+00:00\" \/>\n<meta property=\"article:modified_time\" content=\"2025-01-29T18:40:00+00:00\" \/>\n<meta property=\"og:image\" content=\"http:\/\/horebnews.net\/wp-content\/uploads\/2025\/01\/475027613_1020888286746650_4663646763193986482_n.jpg\" \/>\n\t<meta property=\"og:image:width\" content=\"1280\" \/>\n\t<meta property=\"og:image:height\" content=\"850\" \/>\n\t<meta property=\"og:image:type\" content=\"image\/jpeg\" \/>\n<meta name=\"author\" content=\"Madeleine Damiba\" \/>\n<meta name=\"twitter:card\" content=\"summary_large_image\" \/>\n<meta name=\"twitter:label1\" content=\"\u00c9crit par\" \/>\n\t<meta name=\"twitter:data1\" content=\"Madeleine Damiba\" \/>\n\t<meta name=\"twitter:label2\" content=\"Dur\u00e9e de lecture estim\u00e9e\" \/>\n\t<meta name=\"twitter:data2\" content=\"4 minutes\" \/>\n<script type=\"application\/ld+json\" class=\"yoast-schema-graph\">{\"@context\":\"https:\/\/schema.org\",\"@graph\":[{\"@type\":\"Article\",\"@id\":\"https:\/\/horebnews.net\/index.php\/securite\/lutte-contre-le-terrorisme-le-fonds-de-soutien-patriotique-renouvele-pour-un-an\/#article\",\"isPartOf\":{\"@id\":\"https:\/\/horebnews.net\/index.php\/securite\/lutte-contre-le-terrorisme-le-fonds-de-soutien-patriotique-renouvele-pour-un-an\/\"},\"author\":{\"name\":\"Madeleine Damiba\",\"@id\":\"https:\/\/horebnews.net\/#\/schema\/person\/34f2415afa4c9d65ffbc118f5eaed57f\"},\"headline\":\"Lutte contre le terrorisme : le Fonds de soutien patriotique renouvel\u00e9 pour un an\",\"datePublished\":\"2025-01-29T18:31:48+00:00\",\"dateModified\":\"2025-01-29T18:40:00+00:00\",\"mainEntityOfPage\":{\"@id\":\"https:\/\/horebnews.net\/index.php\/securite\/lutte-contre-le-terrorisme-le-fonds-de-soutien-patriotique-renouvele-pour-un-an\/\"},\"wordCount\":594,\"commentCount\":0,\"publisher\":{\"@id\":\"https:\/\/horebnews.net\/#organization\"},\"image\":{\"@id\":\"https:\/\/horebnews.net\/index.php\/securite\/lutte-contre-le-terrorisme-le-fonds-de-soutien-patriotique-renouvele-pour-un-an\/#primaryimage\"},\"thumbnailUrl\":\"https:\/\/horebnews.net\/wp-content\/uploads\/2025\/01\/475027613_1020888286746650_4663646763193986482_n.jpg\",\"articleSection\":[\"S\u00c9CURIT\u00c9\"],\"inLanguage\":\"fr-FR\",\"potentialAction\":[{\"@type\":\"CommentAction\",\"name\":\"Comment\",\"target\":[\"https:\/\/horebnews.net\/index.php\/securite\/lutte-contre-le-terrorisme-le-fonds-de-soutien-patriotique-renouvele-pour-un-an\/#respond\"]}]},{\"@type\":\"WebPage\",\"@id\":\"https:\/\/horebnews.net\/index.php\/securite\/lutte-contre-le-terrorisme-le-fonds-de-soutien-patriotique-renouvele-pour-un-an\/\",\"url\":\"https:\/\/horebnews.net\/index.php\/securite\/lutte-contre-le-terrorisme-le-fonds-de-soutien-patriotique-renouvele-pour-un-an\/\",\"name\":\"Lutte contre le terrorisme : le Fonds de soutien patriotique renouvel\u00e9 pour un an - HOREBNEWS\",\"isPartOf\":{\"@id\":\"https:\/\/horebnews.net\/#website\"},\"primaryImageOfPage\":{\"@id\":\"https:\/\/horebnews.net\/index.php\/securite\/lutte-contre-le-terrorisme-le-fonds-de-soutien-patriotique-renouvele-pour-un-an\/#primaryimage\"},\"image\":{\"@id\":\"https:\/\/horebnews.net\/index.php\/securite\/lutte-contre-le-terrorisme-le-fonds-de-soutien-patriotique-renouvele-pour-un-an\/#primaryimage\"},\"thumbnailUrl\":\"https:\/\/horebnews.net\/wp-content\/uploads\/2025\/01\/475027613_1020888286746650_4663646763193986482_n.jpg\",\"datePublished\":\"2025-01-29T18:31:48+00:00\",\"dateModified\":\"2025-01-29T18:40:00+00:00\",\"breadcrumb\":{\"@id\":\"https:\/\/horebnews.net\/index.php\/securite\/lutte-contre-le-terrorisme-le-fonds-de-soutien-patriotique-renouvele-pour-un-an\/#breadcrumb\"},\"inLanguage\":\"fr-FR\",\"potentialAction\":[{\"@type\":\"ReadAction\",\"target\":[\"https:\/\/horebnews.net\/index.php\/securite\/lutte-contre-le-terrorisme-le-fonds-de-soutien-patriotique-renouvele-pour-un-an\/\"]}]},{\"@type\":\"ImageObject\",\"inLanguage\":\"fr-FR\",\"@id\":\"https:\/\/horebnews.net\/index.php\/securite\/lutte-contre-le-terrorisme-le-fonds-de-soutien-patriotique-renouvele-pour-un-an\/#primaryimage\",\"url\":\"https:\/\/horebnews.net\/wp-content\/uploads\/2025\/01\/475027613_1020888286746650_4663646763193986482_n.jpg\",\"contentUrl\":\"https:\/\/horebnews.net\/wp-content\/uploads\/2025\/01\/475027613_1020888286746650_4663646763193986482_n.jpg\",\"width\":1280,\"height\":850},{\"@type\":\"BreadcrumbList\",\"@id\":\"https:\/\/horebnews.net\/index.php\/securite\/lutte-contre-le-terrorisme-le-fonds-de-soutien-patriotique-renouvele-pour-un-an\/#breadcrumb\",\"itemListElement\":[{\"@type\":\"ListItem\",\"position\":1,\"name\":\"Accueil\",\"item\":\"https:\/\/horebnews.net\/\"},{\"@type\":\"ListItem\",\"position\":2,\"name\":\"S\u00c9CURIT\u00c9\",\"item\":\"https:\/\/horebnews.net\/index.php\/category\/securite\/\"},{\"@type\":\"ListItem\",\"position\":3,\"name\":\"Lutte contre le terrorisme : le Fonds de soutien patriotique renouvel\u00e9 pour un an\"}]},{\"@type\":\"WebSite\",\"@id\":\"https:\/\/horebnews.net\/#website\",\"url\":\"https:\/\/horebnews.net\/\",\"name\":\"HOREBNEWS\",\"description\":\"La vraie info\",\"publisher\":{\"@id\":\"https:\/\/horebnews.net\/#organization\"},\"potentialAction\":[{\"@type\":\"SearchAction\",\"target\":{\"@type\":\"EntryPoint\",\"urlTemplate\":\"https:\/\/horebnews.net\/?s={search_term_string}\"},\"query-input\":\"required name=search_term_string\"}],\"inLanguage\":\"fr-FR\"},{\"@type\":\"Organization\",\"@id\":\"https:\/\/horebnews.net\/#organization\",\"name\":\"HOREBNEWS\",\"url\":\"https:\/\/horebnews.net\/\",\"logo\":{\"@type\":\"ImageObject\",\"inLanguage\":\"fr-FR\",\"@id\":\"https:\/\/horebnews.net\/#\/schema\/logo\/image\/\",\"url\":\"http:\/\/horebnews.net\/wp-content\/uploads\/2024\/06\/Image-collee-7.png\",\"contentUrl\":\"http:\/\/horebnews.net\/wp-content\/uploads\/2024\/06\/Image-collee-7.png\",\"width\":399,\"height\":113,\"caption\":\"HOREBNEWS\"},\"image\":{\"@id\":\"https:\/\/horebnews.net\/#\/schema\/logo\/image\/\"}},{\"@type\":\"Person\",\"@id\":\"https:\/\/horebnews.net\/#\/schema\/person\/34f2415afa4c9d65ffbc118f5eaed57f\",\"name\":\"Madeleine Damiba\",\"image\":{\"@type\":\"ImageObject\",\"inLanguage\":\"fr-FR\",\"@id\":\"https:\/\/horebnews.net\/#\/schema\/person\/image\/\",\"url\":\"https:\/\/secure.gravatar.com\/avatar\/7a94eb61bd560caa59e5462e4a3ca555?s=96&d=mm&r=g\",\"contentUrl\":\"https:\/\/secure.gravatar.com\/avatar\/7a94eb61bd560caa59e5462e4a3ca555?s=96&d=mm&r=g\",\"caption\":\"Madeleine Damiba\"},\"url\":\"https:\/\/horebnews.net\/index.php\/author\/madeleine-damiba\/\"}]}<\/script>\n<!-- \/ Yoast SEO plugin. -->","yoast_head_json":{"title":"Lutte contre le terrorisme : le Fonds de soutien patriotique renouvel\u00e9 pour un an - HOREBNEWS","robots":{"index":"index","follow":"follow","max-snippet":"max-snippet:-1","max-image-preview":"max-image-preview:large","max-video-preview":"max-video-preview:-1"},"canonical":"https:\/\/horebnews.net\/index.php\/securite\/lutte-contre-le-terrorisme-le-fonds-de-soutien-patriotique-renouvele-pour-un-an\/","og_locale":"fr_FR","og_type":"article","og_title":"Lutte contre le terrorisme : le Fonds de soutien patriotique renouvel\u00e9 pour un an - HOREBNEWS","og_description":"Le Pr\u00e9sident du Faso, Chef de l\u2019\u00c9tat, le Capitaine Ibrahim TRAOR\u00c9, a pr\u00e9sid\u00e9 ce mercredi 29 janvier 2025 , \u00e0 Ouagadougou, le Conseil des ministres, au cours duquel plusieurs dossiers ont \u00e9t\u00e9 examin\u00e9s et d\u2019importantes d\u00e9cisions prises pour la bonne marche de la Nation, selon le ministre Porte-parole du Gouvernement, Pingdwend\u00e9 Gilbert OU\u00c9DRAOGO. Au titre [&hellip;]","og_url":"https:\/\/horebnews.net\/index.php\/securite\/lutte-contre-le-terrorisme-le-fonds-de-soutien-patriotique-renouvele-pour-un-an\/","og_site_name":"HOREBNEWS","article_published_time":"2025-01-29T18:31:48+00:00","article_modified_time":"2025-01-29T18:40:00+00:00","og_image":[{"width":1280,"height":850,"url":"http:\/\/horebnews.net\/wp-content\/uploads\/2025\/01\/475027613_1020888286746650_4663646763193986482_n.jpg","type":"image\/jpeg"}],"author":"Madeleine Damiba","twitter_card":"summary_large_image","twitter_misc":{"\u00c9crit par":"Madeleine Damiba","Dur\u00e9e de lecture estim\u00e9e":"4 minutes"},"schema":{"@context":"https:\/\/schema.org","@graph":[{"@type":"Article","@id":"https:\/\/horebnews.net\/index.php\/securite\/lutte-contre-le-terrorisme-le-fonds-de-soutien-patriotique-renouvele-pour-un-an\/#article","isPartOf":{"@id":"https:\/\/horebnews.net\/index.php\/securite\/lutte-contre-le-terrorisme-le-fonds-de-soutien-patriotique-renouvele-pour-un-an\/"},"author":{"name":"Madeleine Damiba","@id":"https:\/\/horebnews.net\/#\/schema\/person\/34f2415afa4c9d65ffbc118f5eaed57f"},"headline":"Lutte contre le terrorisme : le Fonds de soutien patriotique renouvel\u00e9 pour un an","datePublished":"2025-01-29T18:31:48+00:00","dateModified":"2025-01-29T18:40:00+00:00","mainEntityOfPage":{"@id":"https:\/\/horebnews.net\/index.php\/securite\/lutte-contre-le-terrorisme-le-fonds-de-soutien-patriotique-renouvele-pour-un-an\/"},"wordCount":594,"commentCount":0,"publisher":{"@id":"https:\/\/horebnews.net\/#organization"},"image":{"@id":"https:\/\/horebnews.net\/index.php\/securite\/lutte-contre-le-terrorisme-le-fonds-de-soutien-patriotique-renouvele-pour-un-an\/#primaryimage"},"thumbnailUrl":"https:\/\/horebnews.net\/wp-content\/uploads\/2025\/01\/475027613_1020888286746650_4663646763193986482_n.jpg","articleSection":["S\u00c9CURIT\u00c9"],"inLanguage":"fr-FR","potentialAction":[{"@type":"CommentAction","name":"Comment","target":["https:\/\/horebnews.net\/index.php\/securite\/lutte-contre-le-terrorisme-le-fonds-de-soutien-patriotique-renouvele-pour-un-an\/#respond"]}]},{"@type":"WebPage","@id":"https:\/\/horebnews.net\/index.php\/securite\/lutte-contre-le-terrorisme-le-fonds-de-soutien-patriotique-renouvele-pour-un-an\/","url":"https:\/\/horebnews.net\/index.php\/securite\/lutte-contre-le-terrorisme-le-fonds-de-soutien-patriotique-renouvele-pour-un-an\/","name":"Lutte contre le terrorisme : le Fonds de soutien patriotique renouvel\u00e9 pour un an - HOREBNEWS","isPartOf":{"@id":"https:\/\/horebnews.net\/#website"},"primaryImageOfPage":{"@id":"https:\/\/horebnews.net\/index.php\/securite\/lutte-contre-le-terrorisme-le-fonds-de-soutien-patriotique-renouvele-pour-un-an\/#primaryimage"},"image":{"@id":"https:\/\/horebnews.net\/index.php\/securite\/lutte-contre-le-terrorisme-le-fonds-de-soutien-patriotique-renouvele-pour-un-an\/#primaryimage"},"thumbnailUrl":"https:\/\/horebnews.net\/wp-content\/uploads\/2025\/01\/475027613_1020888286746650_4663646763193986482_n.jpg","datePublished":"2025-01-29T18:31:48+00:00","dateModified":"2025-01-29T18:40:00+00:00","breadcrumb":{"@id":"https:\/\/horebnews.net\/index.php\/securite\/lutte-contre-le-terrorisme-le-fonds-de-soutien-patriotique-renouvele-pour-un-an\/#breadcrumb"},"inLanguage":"fr-FR","potentialAction":[{"@type":"ReadAction","target":["https:\/\/horebnews.net\/index.php\/securite\/lutte-contre-le-terrorisme-le-fonds-de-soutien-patriotique-renouvele-pour-un-an\/"]}]},{"@type":"ImageObject","inLanguage":"fr-FR","@id":"https:\/\/horebnews.net\/index.php\/securite\/lutte-contre-le-terrorisme-le-fonds-de-soutien-patriotique-renouvele-pour-un-an\/#primaryimage","url":"https:\/\/horebnews.net\/wp-content\/uploads\/2025\/01\/475027613_1020888286746650_4663646763193986482_n.jpg","contentUrl":"https:\/\/horebnews.net\/wp-content\/uploads\/2025\/01\/475027613_1020888286746650_4663646763193986482_n.jpg","width":1280,"height":850},{"@type":"BreadcrumbList","@id":"https:\/\/horebnews.net\/index.php\/securite\/lutte-contre-le-terrorisme-le-fonds-de-soutien-patriotique-renouvele-pour-un-an\/#breadcrumb","itemListElement":[{"@type":"ListItem","position":1,"name":"Accueil","item":"https:\/\/horebnews.net\/"},{"@type":"ListItem","position":2,"name":"S\u00c9CURIT\u00c9","item":"https:\/\/horebnews.net\/index.php\/category\/securite\/"},{"@type":"ListItem","position":3,"name":"Lutte contre le terrorisme : le Fonds de soutien patriotique renouvel\u00e9 pour un an"}]},{"@type":"WebSite","@id":"https:\/\/horebnews.net\/#website","url":"https:\/\/horebnews.net\/","name":"HOREBNEWS","description":"La vraie info","publisher":{"@id":"https:\/\/horebnews.net\/#organization"},"potentialAction":[{"@type":"SearchAction","target":{"@type":"EntryPoint","urlTemplate":"https:\/\/horebnews.net\/?s={search_term_string}"},"query-input":"required name=search_term_string"}],"inLanguage":"fr-FR"},{"@type":"Organization","@id":"https:\/\/horebnews.net\/#organization","name":"HOREBNEWS","url":"https:\/\/horebnews.net\/","logo":{"@type":"ImageObject","inLanguage":"fr-FR","@id":"https:\/\/horebnews.net\/#\/schema\/logo\/image\/","url":"http:\/\/horebnews.net\/wp-content\/uploads\/2024\/06\/Image-collee-7.png","contentUrl":"http:\/\/horebnews.net\/wp-content\/uploads\/2024\/06\/Image-collee-7.png","width":399,"height":113,"caption":"HOREBNEWS"},"image":{"@id":"https:\/\/horebnews.net\/#\/schema\/logo\/image\/"}},{"@type":"Person","@id":"https:\/\/horebnews.net\/#\/schema\/person\/34f2415afa4c9d65ffbc118f5eaed57f","name":"Madeleine Damiba","image":{"@type":"ImageObject","inLanguage":"fr-FR","@id":"https:\/\/horebnews.net\/#\/schema\/person\/image\/","url":"https:\/\/secure.gravatar.com\/avatar\/7a94eb61bd560caa59e5462e4a3ca555?s=96&d=mm&r=g","contentUrl":"https:\/\/secure.gravatar.com\/avatar\/7a94eb61bd560caa59e5462e4a3ca555?s=96&d=mm&r=g","caption":"Madeleine Damiba"},"url":"https:\/\/horebnews.net\/index.php\/author\/madeleine-damiba\/"}]}},"wpmagazine_modules_lite_featured_media_urls":{"thumbnail":["https:\/\/horebnews.net\/wp-content\/uploads\/2025\/01\/475027613_1020888286746650_4663646763193986482_n-150x150.jpg",150,150,true],"cvmm-medium":["https:\/\/horebnews.net\/wp-content\/uploads\/2025\/01\/475027613_1020888286746650_4663646763193986482_n-300x300.jpg",300,300,true],"cvmm-medium-plus":["https:\/\/horebnews.net\/wp-content\/uploads\/2025\/01\/475027613_1020888286746650_4663646763193986482_n-305x207.jpg",305,207,true],"cvmm-portrait":["https:\/\/horebnews.net\/wp-content\/uploads\/2025\/01\/475027613_1020888286746650_4663646763193986482_n-400x600.jpg",400,600,true],"cvmm-medium-square":["https:\/\/horebnews.net\/wp-content\/uploads\/2025\/01\/475027613_1020888286746650_4663646763193986482_n-600x600.jpg",600,600,true],"cvmm-large":["https:\/\/horebnews.net\/wp-content\/uploads\/2025\/01\/475027613_1020888286746650_4663646763193986482_n-1024x850.jpg",1024,850,true],"cvmm-small":["https:\/\/horebnews.net\/wp-content\/uploads\/2025\/01\/475027613_1020888286746650_4663646763193986482_n-130x95.jpg",130,95,true],"full":["https:\/\/horebnews.net\/wp-content\/uploads\/2025\/01\/475027613_1020888286746650_4663646763193986482_n.jpg",1280,850,false]},"categories_names":{"4":{"name":"S\u00c9CURIT\u00c9","link":"https:\/\/horebnews.net\/index.php\/category\/securite\/"}},"tags_names":[],"comments_number":"0","_links":{"self":[{"href":"https:\/\/horebnews.net\/index.php\/wp-json\/wp\/v2\/posts\/2045"}],"collection":[{"href":"https:\/\/horebnews.net\/index.php\/wp-json\/wp\/v2\/posts"}],"about":[{"href":"https:\/\/horebnews.net\/index.php\/wp-json\/wp\/v2\/types\/post"}],"author":[{"embeddable":true,"href":"https:\/\/horebnews.net\/index.php\/wp-json\/wp\/v2\/users\/2"}],"replies":[{"embeddable":true,"href":"https:\/\/horebnews.net\/index.php\/wp-json\/wp\/v2\/comments?post=2045"}],"version-history":[{"count":3,"href":"https:\/\/horebnews.net\/index.php\/wp-json\/wp\/v2\/posts\/2045\/revisions"}],"predecessor-version":[{"id":2052,"href":"https:\/\/horebnews.net\/index.php\/wp-json\/wp\/v2\/posts\/2045\/revisions\/2052"}],"wp:featuredmedia":[{"embeddable":true,"href":"https:\/\/horebnews.net\/index.php\/wp-json\/wp\/v2\/media\/2047"}],"wp:attachment":[{"href":"https:\/\/horebnews.net\/index.php\/wp-json\/wp\/v2\/media?parent=2045"}],"wp:term":[{"taxonomy":"category","embeddable":true,"href":"https:\/\/horebnews.net\/index.php\/wp-json\/wp\/v2\/categories?post=2045"},{"taxonomy":"post_tag","embeddable":true,"href":"https:\/\/horebnews.net\/index.php\/wp-json\/wp\/v2\/tags?post=2045"}],"curies":[{"name":"wp","href":"https:\/\/api.w.org\/{rel}","templated":true}]}}