{"id":2016,"date":"2025-01-23T16:37:21","date_gmt":"2025-01-23T15:37:21","guid":{"rendered":"https:\/\/horebnews.net\/?p=2016"},"modified":"2025-01-23T16:37:21","modified_gmt":"2025-01-23T15:37:21","slug":"les-passeports-de-laes-entrent-en-circulation-a-compter-du-29-janvier-officiel","status":"publish","type":"post","link":"https:\/\/horebnews.net\/index.php\/social\/les-passeports-de-laes-entrent-en-circulation-a-compter-du-29-janvier-officiel\/","title":{"rendered":"Les passeports de l&rsquo;AES entrent en circulation \u00e0 compter du 29 janvier, officiel"},"content":{"rendered":"<div class=\"xdj266r x11i5rnm xat24cr x1mh8g0r x1vvkbs x126k92a\">\n<div dir=\"auto\"><strong>La Conf\u00e9d\u00e9ration des \u00c9tats du Sahel (AES) va mettre en circulation ses passeports, \u00e0 compter du 29 janvier 2025, selon un communiqu\u00e9 lu jeudi 23 janv 2025 par le ministre burkinab\u00e8 en charge de la Communication Gilbert Pingdwend\u00e9 Ou\u00e9draogo.<\/strong><\/div>\n<\/div>\n<div class=\"x11i5rnm xat24cr x1mh8g0r x1vvkbs xtlvy1s x126k92a\">\n<div dir=\"auto\"><strong>Agence d&rsquo;information du Burkina<\/strong><\/div>\n<div dir=\"auto\"><\/div>\n<div dir=\"auto\">Lire le communiqu\u00e9 int\u00e9gral <span class=\"html-span xexx8yu x4uap5 x18d9i69 xkhd6sd x1hl2dhg x16tdsg8 x1vvkbs x3nfvp2 x1j61x8r x1fcty0u xdj266r xat24cr xgzva0m xhhsvwb xxymvpz xlup9mm x1kky2od\"><img decoding=\"async\" class=\"xz74otr\" src=\"https:\/\/static.xx.fbcdn.net\/images\/emoji.php\/v9\/t4f\/1\/16\/1f447.png\" alt=\"\ud83d\udc47\" width=\"16\" height=\"16\" \/><\/span><\/div>\n<\/div>\n<div class=\"x11i5rnm xat24cr x1mh8g0r x1vvkbs xtlvy1s x126k92a\"><\/div>\n<div class=\"x11i5rnm xat24cr x1mh8g0r x1vvkbs xtlvy1s x126k92a\">\n<div dir=\"auto\"><img fetchpriority=\"high\" decoding=\"async\" class=\"alignnone  wp-image-2017\" src=\"http:\/\/horebnews.net\/wp-content\/uploads\/2025\/01\/aess-200x300.jpg\" alt=\"\" width=\"984\" height=\"1476\" srcset=\"https:\/\/horebnews.net\/wp-content\/uploads\/2025\/01\/aess-200x300.jpg 200w, https:\/\/horebnews.net\/wp-content\/uploads\/2025\/01\/aess-683x1024.jpg 683w, https:\/\/horebnews.net\/wp-content\/uploads\/2025\/01\/aess-768x1152.jpg 768w, https:\/\/horebnews.net\/wp-content\/uploads\/2025\/01\/aess-400x600.jpg 400w, https:\/\/horebnews.net\/wp-content\/uploads\/2025\/01\/aess.jpg 932w\" sizes=\"(max-width: 984px) 100vw, 984px\" \/><\/div>\n<\/div>\n","protected":false},"excerpt":{"rendered":"<p>La Conf\u00e9d\u00e9ration des \u00c9tats du Sahel (AES) va mettre en circulation ses passeports, \u00e0 compter du 29 janvier 2025, selon un communiqu\u00e9 lu jeudi 23 janv 2025 par le ministre burkinab\u00e8 en charge de la Communication Gilbert Pingdwend\u00e9 Ou\u00e9draogo. Agence d&rsquo;information du Burkina Lire le communiqu\u00e9 int\u00e9gral<\/p>\n","protected":false},"author":2,"featured_media":2018,"comment_status":"open","ping_status":"open","sticky":false,"template":"","format":"standard","meta":{"footnotes":""},"categories":[6],"tags":[],"yoast_head":"<!-- This site is optimized with the Yoast SEO plugin v22.9 - https:\/\/yoast.com\/wordpress\/plugins\/seo\/ -->\n<title>Les passeports de l&#039;AES entrent en circulation \u00e0 compter du 29 janvier, officiel - HOREBNEWS<\/title>\n<meta name=\"robots\" content=\"index, follow, max-snippet:-1, max-image-preview:large, max-video-preview:-1\" \/>\n<link rel=\"canonical\" href=\"https:\/\/horebnews.net\/index.php\/social\/les-passeports-de-laes-entrent-en-circulation-a-compter-du-29-janvier-officiel\/\" \/>\n<meta property=\"og:locale\" content=\"fr_FR\" \/>\n<meta property=\"og:type\" content=\"article\" \/>\n<meta property=\"og:title\" content=\"Les passeports de l&#039;AES entrent en circulation \u00e0 compter du 29 janvier, officiel - HOREBNEWS\" \/>\n<meta property=\"og:description\" content=\"La Conf\u00e9d\u00e9ration des \u00c9tats du Sahel (AES) va mettre en circulation ses passeports, \u00e0 compter du 29 janvier 2025, selon un communiqu\u00e9 lu jeudi 23 janv 2025 par le ministre burkinab\u00e8 en charge de la Communication Gilbert Pingdwend\u00e9 Ou\u00e9draogo. Agence d&rsquo;information du Burkina Lire le communiqu\u00e9 int\u00e9gral\" \/>\n<meta property=\"og:url\" content=\"https:\/\/horebnews.net\/index.php\/social\/les-passeports-de-laes-entrent-en-circulation-a-compter-du-29-janvier-officiel\/\" \/>\n<meta property=\"og:site_name\" content=\"HOREBNEWS\" \/>\n<meta property=\"article:published_time\" content=\"2025-01-23T15:37:21+00:00\" \/>\n<meta property=\"og:image\" content=\"http:\/\/horebnews.net\/wp-content\/uploads\/2025\/01\/mc.jpg\" \/>\n\t<meta property=\"og:image:width\" content=\"2048\" \/>\n\t<meta property=\"og:image:height\" content=\"1365\" \/>\n\t<meta property=\"og:image:type\" content=\"image\/jpeg\" \/>\n<meta name=\"author\" content=\"Madeleine Damiba\" \/>\n<meta name=\"twitter:card\" content=\"summary_large_image\" \/>\n<meta name=\"twitter:label1\" content=\"\u00c9crit par\" \/>\n\t<meta name=\"twitter:data1\" content=\"Madeleine Damiba\" \/>\n\t<meta name=\"twitter:label2\" content=\"Dur\u00e9e de lecture estim\u00e9e\" \/>\n\t<meta name=\"twitter:data2\" content=\"1 minute\" \/>\n<script type=\"application\/ld+json\" class=\"yoast-schema-graph\">{\"@context\":\"https:\/\/schema.org\",\"@graph\":[{\"@type\":\"Article\",\"@id\":\"https:\/\/horebnews.net\/index.php\/social\/les-passeports-de-laes-entrent-en-circulation-a-compter-du-29-janvier-officiel\/#article\",\"isPartOf\":{\"@id\":\"https:\/\/horebnews.net\/index.php\/social\/les-passeports-de-laes-entrent-en-circulation-a-compter-du-29-janvier-officiel\/\"},\"author\":{\"name\":\"Madeleine Damiba\",\"@id\":\"https:\/\/horebnews.net\/#\/schema\/person\/34f2415afa4c9d65ffbc118f5eaed57f\"},\"headline\":\"Les passeports de l&rsquo;AES entrent en circulation \u00e0 compter du 29 janvier, officiel\",\"datePublished\":\"2025-01-23T15:37:21+00:00\",\"dateModified\":\"2025-01-23T15:37:21+00:00\",\"mainEntityOfPage\":{\"@id\":\"https:\/\/horebnews.net\/index.php\/social\/les-passeports-de-laes-entrent-en-circulation-a-compter-du-29-janvier-officiel\/\"},\"wordCount\":59,\"commentCount\":0,\"publisher\":{\"@id\":\"https:\/\/horebnews.net\/#organization\"},\"image\":{\"@id\":\"https:\/\/horebnews.net\/index.php\/social\/les-passeports-de-laes-entrent-en-circulation-a-compter-du-29-janvier-officiel\/#primaryimage\"},\"thumbnailUrl\":\"https:\/\/horebnews.net\/wp-content\/uploads\/2025\/01\/mc.jpg\",\"articleSection\":[\"SOCIAL\"],\"inLanguage\":\"fr-FR\",\"potentialAction\":[{\"@type\":\"CommentAction\",\"name\":\"Comment\",\"target\":[\"https:\/\/horebnews.net\/index.php\/social\/les-passeports-de-laes-entrent-en-circulation-a-compter-du-29-janvier-officiel\/#respond\"]}]},{\"@type\":\"WebPage\",\"@id\":\"https:\/\/horebnews.net\/index.php\/social\/les-passeports-de-laes-entrent-en-circulation-a-compter-du-29-janvier-officiel\/\",\"url\":\"https:\/\/horebnews.net\/index.php\/social\/les-passeports-de-laes-entrent-en-circulation-a-compter-du-29-janvier-officiel\/\",\"name\":\"Les passeports de l'AES entrent en circulation \u00e0 compter du 29 janvier, officiel - HOREBNEWS\",\"isPartOf\":{\"@id\":\"https:\/\/horebnews.net\/#website\"},\"primaryImageOfPage\":{\"@id\":\"https:\/\/horebnews.net\/index.php\/social\/les-passeports-de-laes-entrent-en-circulation-a-compter-du-29-janvier-officiel\/#primaryimage\"},\"image\":{\"@id\":\"https:\/\/horebnews.net\/index.php\/social\/les-passeports-de-laes-entrent-en-circulation-a-compter-du-29-janvier-officiel\/#primaryimage\"},\"thumbnailUrl\":\"https:\/\/horebnews.net\/wp-content\/uploads\/2025\/01\/mc.jpg\",\"datePublished\":\"2025-01-23T15:37:21+00:00\",\"dateModified\":\"2025-01-23T15:37:21+00:00\",\"breadcrumb\":{\"@id\":\"https:\/\/horebnews.net\/index.php\/social\/les-passeports-de-laes-entrent-en-circulation-a-compter-du-29-janvier-officiel\/#breadcrumb\"},\"inLanguage\":\"fr-FR\",\"potentialAction\":[{\"@type\":\"ReadAction\",\"target\":[\"https:\/\/horebnews.net\/index.php\/social\/les-passeports-de-laes-entrent-en-circulation-a-compter-du-29-janvier-officiel\/\"]}]},{\"@type\":\"ImageObject\",\"inLanguage\":\"fr-FR\",\"@id\":\"https:\/\/horebnews.net\/index.php\/social\/les-passeports-de-laes-entrent-en-circulation-a-compter-du-29-janvier-officiel\/#primaryimage\",\"url\":\"https:\/\/horebnews.net\/wp-content\/uploads\/2025\/01\/mc.jpg\",\"contentUrl\":\"https:\/\/horebnews.net\/wp-content\/uploads\/2025\/01\/mc.jpg\",\"width\":2048,\"height\":1365},{\"@type\":\"BreadcrumbList\",\"@id\":\"https:\/\/horebnews.net\/index.php\/social\/les-passeports-de-laes-entrent-en-circulation-a-compter-du-29-janvier-officiel\/#breadcrumb\",\"itemListElement\":[{\"@type\":\"ListItem\",\"position\":1,\"name\":\"Accueil\",\"item\":\"https:\/\/horebnews.net\/\"},{\"@type\":\"ListItem\",\"position\":2,\"name\":\"SOCIAL\",\"item\":\"https:\/\/horebnews.net\/index.php\/category\/social\/\"},{\"@type\":\"ListItem\",\"position\":3,\"name\":\"Les passeports de l&rsquo;AES entrent en circulation \u00e0 compter du 29 janvier, officiel\"}]},{\"@type\":\"WebSite\",\"@id\":\"https:\/\/horebnews.net\/#website\",\"url\":\"https:\/\/horebnews.net\/\",\"name\":\"HOREBNEWS\",\"description\":\"La vraie info\",\"publisher\":{\"@id\":\"https:\/\/horebnews.net\/#organization\"},\"potentialAction\":[{\"@type\":\"SearchAction\",\"target\":{\"@type\":\"EntryPoint\",\"urlTemplate\":\"https:\/\/horebnews.net\/?s={search_term_string}\"},\"query-input\":\"required name=search_term_string\"}],\"inLanguage\":\"fr-FR\"},{\"@type\":\"Organization\",\"@id\":\"https:\/\/horebnews.net\/#organization\",\"name\":\"HOREBNEWS\",\"url\":\"https:\/\/horebnews.net\/\",\"logo\":{\"@type\":\"ImageObject\",\"inLanguage\":\"fr-FR\",\"@id\":\"https:\/\/horebnews.net\/#\/schema\/logo\/image\/\",\"url\":\"http:\/\/horebnews.net\/wp-content\/uploads\/2024\/06\/Image-collee-7.png\",\"contentUrl\":\"http:\/\/horebnews.net\/wp-content\/uploads\/2024\/06\/Image-collee-7.png\",\"width\":399,\"height\":113,\"caption\":\"HOREBNEWS\"},\"image\":{\"@id\":\"https:\/\/horebnews.net\/#\/schema\/logo\/image\/\"}},{\"@type\":\"Person\",\"@id\":\"https:\/\/horebnews.net\/#\/schema\/person\/34f2415afa4c9d65ffbc118f5eaed57f\",\"name\":\"Madeleine Damiba\",\"image\":{\"@type\":\"ImageObject\",\"inLanguage\":\"fr-FR\",\"@id\":\"https:\/\/horebnews.net\/#\/schema\/person\/image\/\",\"url\":\"https:\/\/secure.gravatar.com\/avatar\/7a94eb61bd560caa59e5462e4a3ca555?s=96&d=mm&r=g\",\"contentUrl\":\"https:\/\/secure.gravatar.com\/avatar\/7a94eb61bd560caa59e5462e4a3ca555?s=96&d=mm&r=g\",\"caption\":\"Madeleine Damiba\"},\"url\":\"https:\/\/horebnews.net\/index.php\/author\/madeleine-damiba\/\"}]}<\/script>\n<!-- \/ Yoast SEO plugin. -->","yoast_head_json":{"title":"Les passeports de l'AES entrent en circulation \u00e0 compter du 29 janvier, officiel - HOREBNEWS","robots":{"index":"index","follow":"follow","max-snippet":"max-snippet:-1","max-image-preview":"max-image-preview:large","max-video-preview":"max-video-preview:-1"},"canonical":"https:\/\/horebnews.net\/index.php\/social\/les-passeports-de-laes-entrent-en-circulation-a-compter-du-29-janvier-officiel\/","og_locale":"fr_FR","og_type":"article","og_title":"Les passeports de l'AES entrent en circulation \u00e0 compter du 29 janvier, officiel - HOREBNEWS","og_description":"La Conf\u00e9d\u00e9ration des \u00c9tats du Sahel (AES) va mettre en circulation ses passeports, \u00e0 compter du 29 janvier 2025, selon un communiqu\u00e9 lu jeudi 23 janv 2025 par le ministre burkinab\u00e8 en charge de la Communication Gilbert Pingdwend\u00e9 Ou\u00e9draogo. Agence d&rsquo;information du Burkina Lire le communiqu\u00e9 int\u00e9gral","og_url":"https:\/\/horebnews.net\/index.php\/social\/les-passeports-de-laes-entrent-en-circulation-a-compter-du-29-janvier-officiel\/","og_site_name":"HOREBNEWS","article_published_time":"2025-01-23T15:37:21+00:00","og_image":[{"width":2048,"height":1365,"url":"http:\/\/horebnews.net\/wp-content\/uploads\/2025\/01\/mc.jpg","type":"image\/jpeg"}],"author":"Madeleine Damiba","twitter_card":"summary_large_image","twitter_misc":{"\u00c9crit par":"Madeleine Damiba","Dur\u00e9e de lecture estim\u00e9e":"1 minute"},"schema":{"@context":"https:\/\/schema.org","@graph":[{"@type":"Article","@id":"https:\/\/horebnews.net\/index.php\/social\/les-passeports-de-laes-entrent-en-circulation-a-compter-du-29-janvier-officiel\/#article","isPartOf":{"@id":"https:\/\/horebnews.net\/index.php\/social\/les-passeports-de-laes-entrent-en-circulation-a-compter-du-29-janvier-officiel\/"},"author":{"name":"Madeleine Damiba","@id":"https:\/\/horebnews.net\/#\/schema\/person\/34f2415afa4c9d65ffbc118f5eaed57f"},"headline":"Les passeports de l&rsquo;AES entrent en circulation \u00e0 compter du 29 janvier, officiel","datePublished":"2025-01-23T15:37:21+00:00","dateModified":"2025-01-23T15:37:21+00:00","mainEntityOfPage":{"@id":"https:\/\/horebnews.net\/index.php\/social\/les-passeports-de-laes-entrent-en-circulation-a-compter-du-29-janvier-officiel\/"},"wordCount":59,"commentCount":0,"publisher":{"@id":"https:\/\/horebnews.net\/#organization"},"image":{"@id":"https:\/\/horebnews.net\/index.php\/social\/les-passeports-de-laes-entrent-en-circulation-a-compter-du-29-janvier-officiel\/#primaryimage"},"thumbnailUrl":"https:\/\/horebnews.net\/wp-content\/uploads\/2025\/01\/mc.jpg","articleSection":["SOCIAL"],"inLanguage":"fr-FR","potentialAction":[{"@type":"CommentAction","name":"Comment","target":["https:\/\/horebnews.net\/index.php\/social\/les-passeports-de-laes-entrent-en-circulation-a-compter-du-29-janvier-officiel\/#respond"]}]},{"@type":"WebPage","@id":"https:\/\/horebnews.net\/index.php\/social\/les-passeports-de-laes-entrent-en-circulation-a-compter-du-29-janvier-officiel\/","url":"https:\/\/horebnews.net\/index.php\/social\/les-passeports-de-laes-entrent-en-circulation-a-compter-du-29-janvier-officiel\/","name":"Les passeports de l'AES entrent en circulation \u00e0 compter du 29 janvier, officiel - HOREBNEWS","isPartOf":{"@id":"https:\/\/horebnews.net\/#website"},"primaryImageOfPage":{"@id":"https:\/\/horebnews.net\/index.php\/social\/les-passeports-de-laes-entrent-en-circulation-a-compter-du-29-janvier-officiel\/#primaryimage"},"image":{"@id":"https:\/\/horebnews.net\/index.php\/social\/les-passeports-de-laes-entrent-en-circulation-a-compter-du-29-janvier-officiel\/#primaryimage"},"thumbnailUrl":"https:\/\/horebnews.net\/wp-content\/uploads\/2025\/01\/mc.jpg","datePublished":"2025-01-23T15:37:21+00:00","dateModified":"2025-01-23T15:37:21+00:00","breadcrumb":{"@id":"https:\/\/horebnews.net\/index.php\/social\/les-passeports-de-laes-entrent-en-circulation-a-compter-du-29-janvier-officiel\/#breadcrumb"},"inLanguage":"fr-FR","potentialAction":[{"@type":"ReadAction","target":["https:\/\/horebnews.net\/index.php\/social\/les-passeports-de-laes-entrent-en-circulation-a-compter-du-29-janvier-officiel\/"]}]},{"@type":"ImageObject","inLanguage":"fr-FR","@id":"https:\/\/horebnews.net\/index.php\/social\/les-passeports-de-laes-entrent-en-circulation-a-compter-du-29-janvier-officiel\/#primaryimage","url":"https:\/\/horebnews.net\/wp-content\/uploads\/2025\/01\/mc.jpg","contentUrl":"https:\/\/horebnews.net\/wp-content\/uploads\/2025\/01\/mc.jpg","width":2048,"height":1365},{"@type":"BreadcrumbList","@id":"https:\/\/horebnews.net\/index.php\/social\/les-passeports-de-laes-entrent-en-circulation-a-compter-du-29-janvier-officiel\/#breadcrumb","itemListElement":[{"@type":"ListItem","position":1,"name":"Accueil","item":"https:\/\/horebnews.net\/"},{"@type":"ListItem","position":2,"name":"SOCIAL","item":"https:\/\/horebnews.net\/index.php\/category\/social\/"},{"@type":"ListItem","position":3,"name":"Les passeports de l&rsquo;AES entrent en circulation \u00e0 compter du 29 janvier, officiel"}]},{"@type":"WebSite","@id":"https:\/\/horebnews.net\/#website","url":"https:\/\/horebnews.net\/","name":"HOREBNEWS","description":"La vraie info","publisher":{"@id":"https:\/\/horebnews.net\/#organization"},"potentialAction":[{"@type":"SearchAction","target":{"@type":"EntryPoint","urlTemplate":"https:\/\/horebnews.net\/?s={search_term_string}"},"query-input":"required name=search_term_string"}],"inLanguage":"fr-FR"},{"@type":"Organization","@id":"https:\/\/horebnews.net\/#organization","name":"HOREBNEWS","url":"https:\/\/horebnews.net\/","logo":{"@type":"ImageObject","inLanguage":"fr-FR","@id":"https:\/\/horebnews.net\/#\/schema\/logo\/image\/","url":"http:\/\/horebnews.net\/wp-content\/uploads\/2024\/06\/Image-collee-7.png","contentUrl":"http:\/\/horebnews.net\/wp-content\/uploads\/2024\/06\/Image-collee-7.png","width":399,"height":113,"caption":"HOREBNEWS"},"image":{"@id":"https:\/\/horebnews.net\/#\/schema\/logo\/image\/"}},{"@type":"Person","@id":"https:\/\/horebnews.net\/#\/schema\/person\/34f2415afa4c9d65ffbc118f5eaed57f","name":"Madeleine Damiba","image":{"@type":"ImageObject","inLanguage":"fr-FR","@id":"https:\/\/horebnews.net\/#\/schema\/person\/image\/","url":"https:\/\/secure.gravatar.com\/avatar\/7a94eb61bd560caa59e5462e4a3ca555?s=96&d=mm&r=g","contentUrl":"https:\/\/secure.gravatar.com\/avatar\/7a94eb61bd560caa59e5462e4a3ca555?s=96&d=mm&r=g","caption":"Madeleine Damiba"},"url":"https:\/\/horebnews.net\/index.php\/author\/madeleine-damiba\/"}]}},"wpmagazine_modules_lite_featured_media_urls":{"thumbnail":["https:\/\/horebnews.net\/wp-content\/uploads\/2025\/01\/mc-150x150.jpg",150,150,true],"cvmm-medium":["https:\/\/horebnews.net\/wp-content\/uploads\/2025\/01\/mc-300x300.jpg",300,300,true],"cvmm-medium-plus":["https:\/\/horebnews.net\/wp-content\/uploads\/2025\/01\/mc-305x207.jpg",305,207,true],"cvmm-portrait":["https:\/\/horebnews.net\/wp-content\/uploads\/2025\/01\/mc-400x600.jpg",400,600,true],"cvmm-medium-square":["https:\/\/horebnews.net\/wp-content\/uploads\/2025\/01\/mc-600x600.jpg",600,600,true],"cvmm-large":["https:\/\/horebnews.net\/wp-content\/uploads\/2025\/01\/mc-1024x1024.jpg",1024,1024,true],"cvmm-small":["https:\/\/horebnews.net\/wp-content\/uploads\/2025\/01\/mc-130x95.jpg",130,95,true],"full":["https:\/\/horebnews.net\/wp-content\/uploads\/2025\/01\/mc.jpg",2048,1365,false]},"categories_names":{"6":{"name":"SOCIAL","link":"https:\/\/horebnews.net\/index.php\/category\/social\/"}},"tags_names":[],"comments_number":"0","_links":{"self":[{"href":"https:\/\/horebnews.net\/index.php\/wp-json\/wp\/v2\/posts\/2016"}],"collection":[{"href":"https:\/\/horebnews.net\/index.php\/wp-json\/wp\/v2\/posts"}],"about":[{"href":"https:\/\/horebnews.net\/index.php\/wp-json\/wp\/v2\/types\/post"}],"author":[{"embeddable":true,"href":"https:\/\/horebnews.net\/index.php\/wp-json\/wp\/v2\/users\/2"}],"replies":[{"embeddable":true,"href":"https:\/\/horebnews.net\/index.php\/wp-json\/wp\/v2\/comments?post=2016"}],"version-history":[{"count":1,"href":"https:\/\/horebnews.net\/index.php\/wp-json\/wp\/v2\/posts\/2016\/revisions"}],"predecessor-version":[{"id":2019,"href":"https:\/\/horebnews.net\/index.php\/wp-json\/wp\/v2\/posts\/2016\/revisions\/2019"}],"wp:featuredmedia":[{"embeddable":true,"href":"https:\/\/horebnews.net\/index.php\/wp-json\/wp\/v2\/media\/2018"}],"wp:attachment":[{"href":"https:\/\/horebnews.net\/index.php\/wp-json\/wp\/v2\/media?parent=2016"}],"wp:term":[{"taxonomy":"category","embeddable":true,"href":"https:\/\/horebnews.net\/index.php\/wp-json\/wp\/v2\/categories?post=2016"},{"taxonomy":"post_tag","embeddable":true,"href":"https:\/\/horebnews.net\/index.php\/wp-json\/wp\/v2\/tags?post=2016"}],"curies":[{"name":"wp","href":"https:\/\/api.w.org\/{rel}","templated":true}]}}