{"id":2008,"date":"2025-01-22T14:00:43","date_gmt":"2025-01-22T13:00:43","guid":{"rendered":"https:\/\/horebnews.net\/?p=2008"},"modified":"2025-01-22T14:00:43","modified_gmt":"2025-01-22T13:00:43","slug":"communication-de-la-presidence-du-faso-tiraogo-sougrinoma-ibrahim-guigma-installe-dans-ses-fonctions","status":"publish","type":"post","link":"https:\/\/horebnews.net\/index.php\/politique\/communication-de-la-presidence-du-faso-tiraogo-sougrinoma-ibrahim-guigma-installe-dans-ses-fonctions\/","title":{"rendered":"Communication de la Pr\u00e9sidence du Faso : Tiraogo Sougrinoma Ibrahim GUIGMA install\u00e9 dans ses fonctions"},"content":{"rendered":"<div class=\"html-div xdj266r x11i5rnm xat24cr x1mh8g0r xexx8yu x4uap5 x18d9i69 xkhd6sd\">\n<div class=\"html-div xdj266r x11i5rnm xat24cr x1mh8g0r xexx8yu x4uap5 x18d9i69 xkhd6sd\" dir=\"auto\">\n<div class=\"html-div xdj266r x11i5rnm xat24cr x1mh8g0r xexx8yu x4uap5 x18d9i69 xkhd6sd\" data-ad-rendering-role=\"story_message\">\n<div id=\":r21:\" class=\"x1l90r2v x1iorvi4 x1ye3gou xn6708d\" data-ad-comet-preview=\"message\" data-ad-preview=\"message\">\n<div class=\"x78zum5 xdt5ytf xz62fqu x16ldp7u\">\n<div class=\"xu06os2 x1ok221b\">\n<div class=\"x11i5rnm xat24cr x1mh8g0r x1vvkbs xtlvy1s x126k92a\">\n<div dir=\"auto\"><strong>Le Directeur de cabinet du Pr\u00e9sident du Faso, Chef de l\u2019\u00c9tat, le Capitaine Martha C\u00e9leste Anderson Dekomwin MEDAH a proc\u00e9d\u00e9 ce mardi 21 janvier 2025 \u00e0 l\u2019installation de Tiraogo Sougrinoma Ibrahim GUIGMA dans ses fonctions de Directeur de la communication et des relations presse (DCRP) de la Pr\u00e9sidence du Faso.<\/strong><\/div>\n<div dir=\"auto\"><\/div>\n<\/div>\n<div class=\"x11i5rnm xat24cr x1mh8g0r x1vvkbs xtlvy1s x126k92a\">\n<div dir=\"auto\"><img fetchpriority=\"high\" decoding=\"async\" class=\"size-medium wp-image-2009 alignleft\" src=\"http:\/\/horebnews.net\/wp-content\/uploads\/2025\/01\/cab-300x199.jpg\" alt=\"\" width=\"300\" height=\"199\" srcset=\"https:\/\/horebnews.net\/wp-content\/uploads\/2025\/01\/cab-300x199.jpg 300w, https:\/\/horebnews.net\/wp-content\/uploads\/2025\/01\/cab-1024x678.jpg 1024w, https:\/\/horebnews.net\/wp-content\/uploads\/2025\/01\/cab-768x508.jpg 768w, https:\/\/horebnews.net\/wp-content\/uploads\/2025\/01\/cab.jpg 1080w\" sizes=\"(max-width: 300px) 100vw, 300px\" \/>Le Capitaine Martha C\u00e9leste Anderson Dekomwin MEDAH a f\u00e9licit\u00e9 M. GUIGMA pour sa nomination au poste de Directeur de la communication et des relations presse de la Pr\u00e9sidence du Faso. Il l\u2019a invit\u00e9 \u00e0 incarner le leadership, avant d\u2019appeler ses collaborateurs \u00e0 l\u2019accompagner franchement et sans retenue pour l\u2019atteinte de sa mission. \u00ab L\u2019\u00e9chec n\u2019est pas envisageable \u00bb, a soutenu le Directeur de cabinet, tout en lui t\u00e9moignant son soutien et celui du Pr\u00e9sident du Faso pour la r\u00e9ussite de sa mission.<\/div>\n<div dir=\"auto\"><\/div>\n<\/div>\n<div class=\"x11i5rnm xat24cr x1mh8g0r x1vvkbs xtlvy1s x126k92a\">\n<div dir=\"auto\">A l\u2019issue de son installation, le nouveau Directeur de la communication de la Pr\u00e9sidence du Faso a traduit sa \u00ab d\u00e9f\u00e9rente reconnaissance \u00bb au Chef de l\u2019\u00c9tat pour la confiance plac\u00e9e en sa personne. Il a rassur\u00e9 le Pr\u00e9sident du Faso de son engagement ferme, de sa d\u00e9termination et de sa loyaut\u00e9 de \u00ab VDP de la communication \u00bb pour r\u00e9ussir sa mission.<\/div>\n<div dir=\"auto\"><\/div>\n<\/div>\n<div class=\"x11i5rnm xat24cr x1mh8g0r x1vvkbs xtlvy1s x126k92a\">\n<div dir=\"auto\">Pour ce faire, M. GUIGMA entend inscrire son action dans la continuit\u00e9. \u00ab Je ne viens pas pour r\u00e9inventer la roue mais plut\u00f4t y apporter ma touche \u00bb, a-t-il dit tout en saluant \u00ab l\u2019immense travail abattu \u00bb par son pr\u00e9d\u00e9cesseur et son \u00e9quipe.<\/div>\n<div dir=\"auto\"><\/div>\n<\/div>\n<div class=\"x11i5rnm xat24cr x1mh8g0r x1vvkbs xtlvy1s x126k92a\">\n<div dir=\"auto\">Il compte s\u2019appuyer sur le soutien et l\u2019accompagnement de l\u2019ensemble de ses collaborateurs. \u00ab J\u2019accorde de la place \u00e0 la bonne collaboration et au partenariat sinc\u00e8re dans le dispositif op\u00e9rationnel pour le bon accomplissement de la mission qui m\u2019a \u00e9t\u00e9 confi\u00e9e \u00bb, a soulign\u00e9 M. GUIGMA.<\/div>\n<div dir=\"auto\"><\/div>\n<\/div>\n<div class=\"x11i5rnm xat24cr x1mh8g0r x1vvkbs xtlvy1s x126k92a\">\n<div dir=\"auto\">Nomm\u00e9 en conseil des ministres le 9 janvier 2025, Tiraogo Sougrinoma Ibrahim GUIGMA pr\u00e9c\u00e9demment Directeur g\u00e9n\u00e9ral de la communication et des relations publiques (DGCRP) de l\u2019Assembl\u00e9e l\u00e9gislative de Transition remplace \u00e0 ce poste, Pindgwend\u00e9 Gilbert OU\u00c9DRAOGO d\u00e9sormais Ministre de la Communication, de la Culture, des Arts et du Tourisme.<\/div>\n<div dir=\"auto\"><\/div>\n<\/div>\n<div class=\"x11i5rnm xat24cr x1mh8g0r x1vvkbs xtlvy1s x126k92a\">\n<div dir=\"auto\"><strong>Direction de la communication de la Pr\u00e9sidence du Faso<\/strong><\/div>\n<\/div>\n<\/div>\n<\/div>\n<\/div>\n<\/div>\n<\/div>\n<\/div>\n<div>\n<div class=\"xabvvm4 xeyy32k x1ia1hqs x1a2w583 x6ikm8r x10wlt62\" data-visualcompletion=\"ignore-dynamic\">\n<div>\n<div>\n<div>\n<div class=\"x1n2onr6\">\n<div class=\"x6s0dn4 xi81zsa x78zum5 x6prxxf x13a6bvl xvq8zen xdj266r xat24cr xkhd6sd x4uap5 x80vd3b x1q0q8m5 xso031l x16n37ib xq8finb x1y1aw1k x10b6aqq\">\n<div class=\"x9f619 x1ja2u2z x78zum5 x2lah0s x1n2onr6 x1qughib x1qjc9v5 xozqiw3 x1q0g3np xykv574 xbmpl8g x4cne27 xifccgj\"><\/div>\n<\/div>\n<\/div>\n<\/div>\n<\/div>\n<\/div>\n<\/div>\n<\/div>\n","protected":false},"excerpt":{"rendered":"<p>Le Directeur de cabinet du Pr\u00e9sident du Faso, Chef de l\u2019\u00c9tat, le Capitaine Martha C\u00e9leste Anderson Dekomwin MEDAH a proc\u00e9d\u00e9 ce mardi 21 janvier 2025 \u00e0 l\u2019installation de Tiraogo Sougrinoma Ibrahim GUIGMA dans ses fonctions de Directeur de la communication et des relations presse (DCRP) de la Pr\u00e9sidence du Faso. Le Capitaine Martha C\u00e9leste Anderson [&hellip;]<\/p>\n","protected":false},"author":2,"featured_media":2010,"comment_status":"open","ping_status":"open","sticky":false,"template":"","format":"standard","meta":{"footnotes":""},"categories":[9],"tags":[],"yoast_head":"<!-- This site is optimized with the Yoast SEO plugin v22.9 - https:\/\/yoast.com\/wordpress\/plugins\/seo\/ -->\n<title>Communication de la Pr\u00e9sidence du Faso : Tiraogo Sougrinoma Ibrahim GUIGMA install\u00e9 dans ses fonctions - HOREBNEWS<\/title>\n<meta name=\"robots\" content=\"index, follow, max-snippet:-1, max-image-preview:large, max-video-preview:-1\" \/>\n<link rel=\"canonical\" href=\"https:\/\/horebnews.net\/index.php\/politique\/communication-de-la-presidence-du-faso-tiraogo-sougrinoma-ibrahim-guigma-installe-dans-ses-fonctions\/\" \/>\n<meta property=\"og:locale\" content=\"fr_FR\" \/>\n<meta property=\"og:type\" content=\"article\" \/>\n<meta property=\"og:title\" content=\"Communication de la Pr\u00e9sidence du Faso : Tiraogo Sougrinoma Ibrahim GUIGMA install\u00e9 dans ses fonctions - HOREBNEWS\" \/>\n<meta property=\"og:description\" content=\"Le Directeur de cabinet du Pr\u00e9sident du Faso, Chef de l\u2019\u00c9tat, le Capitaine Martha C\u00e9leste Anderson Dekomwin MEDAH a proc\u00e9d\u00e9 ce mardi 21 janvier 2025 \u00e0 l\u2019installation de Tiraogo Sougrinoma Ibrahim GUIGMA dans ses fonctions de Directeur de la communication et des relations presse (DCRP) de la Pr\u00e9sidence du Faso. Le Capitaine Martha C\u00e9leste Anderson [&hellip;]\" \/>\n<meta property=\"og:url\" content=\"https:\/\/horebnews.net\/index.php\/politique\/communication-de-la-presidence-du-faso-tiraogo-sougrinoma-ibrahim-guigma-installe-dans-ses-fonctions\/\" \/>\n<meta property=\"og:site_name\" content=\"HOREBNEWS\" \/>\n<meta property=\"article:published_time\" content=\"2025-01-22T13:00:43+00:00\" \/>\n<meta property=\"og:image\" content=\"http:\/\/horebnews.net\/wp-content\/uploads\/2025\/01\/ca.jpg\" \/>\n\t<meta property=\"og:image:width\" content=\"600\" \/>\n\t<meta property=\"og:image:height\" content=\"431\" \/>\n\t<meta property=\"og:image:type\" content=\"image\/jpeg\" \/>\n<meta name=\"author\" content=\"Madeleine Damiba\" \/>\n<meta name=\"twitter:card\" content=\"summary_large_image\" \/>\n<meta name=\"twitter:label1\" content=\"\u00c9crit par\" \/>\n\t<meta name=\"twitter:data1\" content=\"Madeleine Damiba\" \/>\n\t<meta name=\"twitter:label2\" content=\"Dur\u00e9e de lecture estim\u00e9e\" \/>\n\t<meta name=\"twitter:data2\" content=\"3 minutes\" \/>\n<script type=\"application\/ld+json\" class=\"yoast-schema-graph\">{\"@context\":\"https:\/\/schema.org\",\"@graph\":[{\"@type\":\"Article\",\"@id\":\"https:\/\/horebnews.net\/index.php\/politique\/communication-de-la-presidence-du-faso-tiraogo-sougrinoma-ibrahim-guigma-installe-dans-ses-fonctions\/#article\",\"isPartOf\":{\"@id\":\"https:\/\/horebnews.net\/index.php\/politique\/communication-de-la-presidence-du-faso-tiraogo-sougrinoma-ibrahim-guigma-installe-dans-ses-fonctions\/\"},\"author\":{\"name\":\"Madeleine Damiba\",\"@id\":\"https:\/\/horebnews.net\/#\/schema\/person\/34f2415afa4c9d65ffbc118f5eaed57f\"},\"headline\":\"Communication de la Pr\u00e9sidence du Faso : Tiraogo Sougrinoma Ibrahim GUIGMA install\u00e9 dans ses fonctions\",\"datePublished\":\"2025-01-22T13:00:43+00:00\",\"dateModified\":\"2025-01-22T13:00:43+00:00\",\"mainEntityOfPage\":{\"@id\":\"https:\/\/horebnews.net\/index.php\/politique\/communication-de-la-presidence-du-faso-tiraogo-sougrinoma-ibrahim-guigma-installe-dans-ses-fonctions\/\"},\"wordCount\":387,\"commentCount\":0,\"publisher\":{\"@id\":\"https:\/\/horebnews.net\/#organization\"},\"image\":{\"@id\":\"https:\/\/horebnews.net\/index.php\/politique\/communication-de-la-presidence-du-faso-tiraogo-sougrinoma-ibrahim-guigma-installe-dans-ses-fonctions\/#primaryimage\"},\"thumbnailUrl\":\"https:\/\/horebnews.net\/wp-content\/uploads\/2025\/01\/ca.jpg\",\"articleSection\":[\"POLITIQUE\"],\"inLanguage\":\"fr-FR\",\"potentialAction\":[{\"@type\":\"CommentAction\",\"name\":\"Comment\",\"target\":[\"https:\/\/horebnews.net\/index.php\/politique\/communication-de-la-presidence-du-faso-tiraogo-sougrinoma-ibrahim-guigma-installe-dans-ses-fonctions\/#respond\"]}]},{\"@type\":\"WebPage\",\"@id\":\"https:\/\/horebnews.net\/index.php\/politique\/communication-de-la-presidence-du-faso-tiraogo-sougrinoma-ibrahim-guigma-installe-dans-ses-fonctions\/\",\"url\":\"https:\/\/horebnews.net\/index.php\/politique\/communication-de-la-presidence-du-faso-tiraogo-sougrinoma-ibrahim-guigma-installe-dans-ses-fonctions\/\",\"name\":\"Communication de la Pr\u00e9sidence du Faso : Tiraogo Sougrinoma Ibrahim GUIGMA install\u00e9 dans ses fonctions - HOREBNEWS\",\"isPartOf\":{\"@id\":\"https:\/\/horebnews.net\/#website\"},\"primaryImageOfPage\":{\"@id\":\"https:\/\/horebnews.net\/index.php\/politique\/communication-de-la-presidence-du-faso-tiraogo-sougrinoma-ibrahim-guigma-installe-dans-ses-fonctions\/#primaryimage\"},\"image\":{\"@id\":\"https:\/\/horebnews.net\/index.php\/politique\/communication-de-la-presidence-du-faso-tiraogo-sougrinoma-ibrahim-guigma-installe-dans-ses-fonctions\/#primaryimage\"},\"thumbnailUrl\":\"https:\/\/horebnews.net\/wp-content\/uploads\/2025\/01\/ca.jpg\",\"datePublished\":\"2025-01-22T13:00:43+00:00\",\"dateModified\":\"2025-01-22T13:00:43+00:00\",\"breadcrumb\":{\"@id\":\"https:\/\/horebnews.net\/index.php\/politique\/communication-de-la-presidence-du-faso-tiraogo-sougrinoma-ibrahim-guigma-installe-dans-ses-fonctions\/#breadcrumb\"},\"inLanguage\":\"fr-FR\",\"potentialAction\":[{\"@type\":\"ReadAction\",\"target\":[\"https:\/\/horebnews.net\/index.php\/politique\/communication-de-la-presidence-du-faso-tiraogo-sougrinoma-ibrahim-guigma-installe-dans-ses-fonctions\/\"]}]},{\"@type\":\"ImageObject\",\"inLanguage\":\"fr-FR\",\"@id\":\"https:\/\/horebnews.net\/index.php\/politique\/communication-de-la-presidence-du-faso-tiraogo-sougrinoma-ibrahim-guigma-installe-dans-ses-fonctions\/#primaryimage\",\"url\":\"https:\/\/horebnews.net\/wp-content\/uploads\/2025\/01\/ca.jpg\",\"contentUrl\":\"https:\/\/horebnews.net\/wp-content\/uploads\/2025\/01\/ca.jpg\",\"width\":600,\"height\":431},{\"@type\":\"BreadcrumbList\",\"@id\":\"https:\/\/horebnews.net\/index.php\/politique\/communication-de-la-presidence-du-faso-tiraogo-sougrinoma-ibrahim-guigma-installe-dans-ses-fonctions\/#breadcrumb\",\"itemListElement\":[{\"@type\":\"ListItem\",\"position\":1,\"name\":\"Accueil\",\"item\":\"https:\/\/horebnews.net\/\"},{\"@type\":\"ListItem\",\"position\":2,\"name\":\"POLITIQUE\",\"item\":\"https:\/\/horebnews.net\/index.php\/category\/politique\/\"},{\"@type\":\"ListItem\",\"position\":3,\"name\":\"Communication de la Pr\u00e9sidence du Faso : Tiraogo Sougrinoma Ibrahim GUIGMA install\u00e9 dans ses fonctions\"}]},{\"@type\":\"WebSite\",\"@id\":\"https:\/\/horebnews.net\/#website\",\"url\":\"https:\/\/horebnews.net\/\",\"name\":\"HOREBNEWS\",\"description\":\"La vraie info\",\"publisher\":{\"@id\":\"https:\/\/horebnews.net\/#organization\"},\"potentialAction\":[{\"@type\":\"SearchAction\",\"target\":{\"@type\":\"EntryPoint\",\"urlTemplate\":\"https:\/\/horebnews.net\/?s={search_term_string}\"},\"query-input\":\"required name=search_term_string\"}],\"inLanguage\":\"fr-FR\"},{\"@type\":\"Organization\",\"@id\":\"https:\/\/horebnews.net\/#organization\",\"name\":\"HOREBNEWS\",\"url\":\"https:\/\/horebnews.net\/\",\"logo\":{\"@type\":\"ImageObject\",\"inLanguage\":\"fr-FR\",\"@id\":\"https:\/\/horebnews.net\/#\/schema\/logo\/image\/\",\"url\":\"http:\/\/horebnews.net\/wp-content\/uploads\/2024\/06\/Image-collee-7.png\",\"contentUrl\":\"http:\/\/horebnews.net\/wp-content\/uploads\/2024\/06\/Image-collee-7.png\",\"width\":399,\"height\":113,\"caption\":\"HOREBNEWS\"},\"image\":{\"@id\":\"https:\/\/horebnews.net\/#\/schema\/logo\/image\/\"}},{\"@type\":\"Person\",\"@id\":\"https:\/\/horebnews.net\/#\/schema\/person\/34f2415afa4c9d65ffbc118f5eaed57f\",\"name\":\"Madeleine Damiba\",\"image\":{\"@type\":\"ImageObject\",\"inLanguage\":\"fr-FR\",\"@id\":\"https:\/\/horebnews.net\/#\/schema\/person\/image\/\",\"url\":\"https:\/\/secure.gravatar.com\/avatar\/7a94eb61bd560caa59e5462e4a3ca555?s=96&d=mm&r=g\",\"contentUrl\":\"https:\/\/secure.gravatar.com\/avatar\/7a94eb61bd560caa59e5462e4a3ca555?s=96&d=mm&r=g\",\"caption\":\"Madeleine Damiba\"},\"url\":\"https:\/\/horebnews.net\/index.php\/author\/madeleine-damiba\/\"}]}<\/script>\n<!-- \/ Yoast SEO plugin. -->","yoast_head_json":{"title":"Communication de la Pr\u00e9sidence du Faso : Tiraogo Sougrinoma Ibrahim GUIGMA install\u00e9 dans ses fonctions - HOREBNEWS","robots":{"index":"index","follow":"follow","max-snippet":"max-snippet:-1","max-image-preview":"max-image-preview:large","max-video-preview":"max-video-preview:-1"},"canonical":"https:\/\/horebnews.net\/index.php\/politique\/communication-de-la-presidence-du-faso-tiraogo-sougrinoma-ibrahim-guigma-installe-dans-ses-fonctions\/","og_locale":"fr_FR","og_type":"article","og_title":"Communication de la Pr\u00e9sidence du Faso : Tiraogo Sougrinoma Ibrahim GUIGMA install\u00e9 dans ses fonctions - HOREBNEWS","og_description":"Le Directeur de cabinet du Pr\u00e9sident du Faso, Chef de l\u2019\u00c9tat, le Capitaine Martha C\u00e9leste Anderson Dekomwin MEDAH a proc\u00e9d\u00e9 ce mardi 21 janvier 2025 \u00e0 l\u2019installation de Tiraogo Sougrinoma Ibrahim GUIGMA dans ses fonctions de Directeur de la communication et des relations presse (DCRP) de la Pr\u00e9sidence du Faso. Le Capitaine Martha C\u00e9leste Anderson [&hellip;]","og_url":"https:\/\/horebnews.net\/index.php\/politique\/communication-de-la-presidence-du-faso-tiraogo-sougrinoma-ibrahim-guigma-installe-dans-ses-fonctions\/","og_site_name":"HOREBNEWS","article_published_time":"2025-01-22T13:00:43+00:00","og_image":[{"width":600,"height":431,"url":"http:\/\/horebnews.net\/wp-content\/uploads\/2025\/01\/ca.jpg","type":"image\/jpeg"}],"author":"Madeleine Damiba","twitter_card":"summary_large_image","twitter_misc":{"\u00c9crit par":"Madeleine Damiba","Dur\u00e9e de lecture estim\u00e9e":"3 minutes"},"schema":{"@context":"https:\/\/schema.org","@graph":[{"@type":"Article","@id":"https:\/\/horebnews.net\/index.php\/politique\/communication-de-la-presidence-du-faso-tiraogo-sougrinoma-ibrahim-guigma-installe-dans-ses-fonctions\/#article","isPartOf":{"@id":"https:\/\/horebnews.net\/index.php\/politique\/communication-de-la-presidence-du-faso-tiraogo-sougrinoma-ibrahim-guigma-installe-dans-ses-fonctions\/"},"author":{"name":"Madeleine Damiba","@id":"https:\/\/horebnews.net\/#\/schema\/person\/34f2415afa4c9d65ffbc118f5eaed57f"},"headline":"Communication de la Pr\u00e9sidence du Faso : Tiraogo Sougrinoma Ibrahim GUIGMA install\u00e9 dans ses fonctions","datePublished":"2025-01-22T13:00:43+00:00","dateModified":"2025-01-22T13:00:43+00:00","mainEntityOfPage":{"@id":"https:\/\/horebnews.net\/index.php\/politique\/communication-de-la-presidence-du-faso-tiraogo-sougrinoma-ibrahim-guigma-installe-dans-ses-fonctions\/"},"wordCount":387,"commentCount":0,"publisher":{"@id":"https:\/\/horebnews.net\/#organization"},"image":{"@id":"https:\/\/horebnews.net\/index.php\/politique\/communication-de-la-presidence-du-faso-tiraogo-sougrinoma-ibrahim-guigma-installe-dans-ses-fonctions\/#primaryimage"},"thumbnailUrl":"https:\/\/horebnews.net\/wp-content\/uploads\/2025\/01\/ca.jpg","articleSection":["POLITIQUE"],"inLanguage":"fr-FR","potentialAction":[{"@type":"CommentAction","name":"Comment","target":["https:\/\/horebnews.net\/index.php\/politique\/communication-de-la-presidence-du-faso-tiraogo-sougrinoma-ibrahim-guigma-installe-dans-ses-fonctions\/#respond"]}]},{"@type":"WebPage","@id":"https:\/\/horebnews.net\/index.php\/politique\/communication-de-la-presidence-du-faso-tiraogo-sougrinoma-ibrahim-guigma-installe-dans-ses-fonctions\/","url":"https:\/\/horebnews.net\/index.php\/politique\/communication-de-la-presidence-du-faso-tiraogo-sougrinoma-ibrahim-guigma-installe-dans-ses-fonctions\/","name":"Communication de la Pr\u00e9sidence du Faso : Tiraogo Sougrinoma Ibrahim GUIGMA install\u00e9 dans ses fonctions - HOREBNEWS","isPartOf":{"@id":"https:\/\/horebnews.net\/#website"},"primaryImageOfPage":{"@id":"https:\/\/horebnews.net\/index.php\/politique\/communication-de-la-presidence-du-faso-tiraogo-sougrinoma-ibrahim-guigma-installe-dans-ses-fonctions\/#primaryimage"},"image":{"@id":"https:\/\/horebnews.net\/index.php\/politique\/communication-de-la-presidence-du-faso-tiraogo-sougrinoma-ibrahim-guigma-installe-dans-ses-fonctions\/#primaryimage"},"thumbnailUrl":"https:\/\/horebnews.net\/wp-content\/uploads\/2025\/01\/ca.jpg","datePublished":"2025-01-22T13:00:43+00:00","dateModified":"2025-01-22T13:00:43+00:00","breadcrumb":{"@id":"https:\/\/horebnews.net\/index.php\/politique\/communication-de-la-presidence-du-faso-tiraogo-sougrinoma-ibrahim-guigma-installe-dans-ses-fonctions\/#breadcrumb"},"inLanguage":"fr-FR","potentialAction":[{"@type":"ReadAction","target":["https:\/\/horebnews.net\/index.php\/politique\/communication-de-la-presidence-du-faso-tiraogo-sougrinoma-ibrahim-guigma-installe-dans-ses-fonctions\/"]}]},{"@type":"ImageObject","inLanguage":"fr-FR","@id":"https:\/\/horebnews.net\/index.php\/politique\/communication-de-la-presidence-du-faso-tiraogo-sougrinoma-ibrahim-guigma-installe-dans-ses-fonctions\/#primaryimage","url":"https:\/\/horebnews.net\/wp-content\/uploads\/2025\/01\/ca.jpg","contentUrl":"https:\/\/horebnews.net\/wp-content\/uploads\/2025\/01\/ca.jpg","width":600,"height":431},{"@type":"BreadcrumbList","@id":"https:\/\/horebnews.net\/index.php\/politique\/communication-de-la-presidence-du-faso-tiraogo-sougrinoma-ibrahim-guigma-installe-dans-ses-fonctions\/#breadcrumb","itemListElement":[{"@type":"ListItem","position":1,"name":"Accueil","item":"https:\/\/horebnews.net\/"},{"@type":"ListItem","position":2,"name":"POLITIQUE","item":"https:\/\/horebnews.net\/index.php\/category\/politique\/"},{"@type":"ListItem","position":3,"name":"Communication de la Pr\u00e9sidence du Faso : Tiraogo Sougrinoma Ibrahim GUIGMA install\u00e9 dans ses fonctions"}]},{"@type":"WebSite","@id":"https:\/\/horebnews.net\/#website","url":"https:\/\/horebnews.net\/","name":"HOREBNEWS","description":"La vraie info","publisher":{"@id":"https:\/\/horebnews.net\/#organization"},"potentialAction":[{"@type":"SearchAction","target":{"@type":"EntryPoint","urlTemplate":"https:\/\/horebnews.net\/?s={search_term_string}"},"query-input":"required name=search_term_string"}],"inLanguage":"fr-FR"},{"@type":"Organization","@id":"https:\/\/horebnews.net\/#organization","name":"HOREBNEWS","url":"https:\/\/horebnews.net\/","logo":{"@type":"ImageObject","inLanguage":"fr-FR","@id":"https:\/\/horebnews.net\/#\/schema\/logo\/image\/","url":"http:\/\/horebnews.net\/wp-content\/uploads\/2024\/06\/Image-collee-7.png","contentUrl":"http:\/\/horebnews.net\/wp-content\/uploads\/2024\/06\/Image-collee-7.png","width":399,"height":113,"caption":"HOREBNEWS"},"image":{"@id":"https:\/\/horebnews.net\/#\/schema\/logo\/image\/"}},{"@type":"Person","@id":"https:\/\/horebnews.net\/#\/schema\/person\/34f2415afa4c9d65ffbc118f5eaed57f","name":"Madeleine Damiba","image":{"@type":"ImageObject","inLanguage":"fr-FR","@id":"https:\/\/horebnews.net\/#\/schema\/person\/image\/","url":"https:\/\/secure.gravatar.com\/avatar\/7a94eb61bd560caa59e5462e4a3ca555?s=96&d=mm&r=g","contentUrl":"https:\/\/secure.gravatar.com\/avatar\/7a94eb61bd560caa59e5462e4a3ca555?s=96&d=mm&r=g","caption":"Madeleine Damiba"},"url":"https:\/\/horebnews.net\/index.php\/author\/madeleine-damiba\/"}]}},"wpmagazine_modules_lite_featured_media_urls":{"thumbnail":["https:\/\/horebnews.net\/wp-content\/uploads\/2025\/01\/ca-150x150.jpg",150,150,true],"cvmm-medium":["https:\/\/horebnews.net\/wp-content\/uploads\/2025\/01\/ca-300x300.jpg",300,300,true],"cvmm-medium-plus":["https:\/\/horebnews.net\/wp-content\/uploads\/2025\/01\/ca-305x207.jpg",305,207,true],"cvmm-portrait":["https:\/\/horebnews.net\/wp-content\/uploads\/2025\/01\/ca-400x431.jpg",400,431,true],"cvmm-medium-square":["https:\/\/horebnews.net\/wp-content\/uploads\/2025\/01\/ca.jpg",600,431,false],"cvmm-large":["https:\/\/horebnews.net\/wp-content\/uploads\/2025\/01\/ca.jpg",600,431,false],"cvmm-small":["https:\/\/horebnews.net\/wp-content\/uploads\/2025\/01\/ca-130x95.jpg",130,95,true],"full":["https:\/\/horebnews.net\/wp-content\/uploads\/2025\/01\/ca.jpg",600,431,false]},"categories_names":{"9":{"name":"POLITIQUE","link":"https:\/\/horebnews.net\/index.php\/category\/politique\/"}},"tags_names":[],"comments_number":"0","_links":{"self":[{"href":"https:\/\/horebnews.net\/index.php\/wp-json\/wp\/v2\/posts\/2008"}],"collection":[{"href":"https:\/\/horebnews.net\/index.php\/wp-json\/wp\/v2\/posts"}],"about":[{"href":"https:\/\/horebnews.net\/index.php\/wp-json\/wp\/v2\/types\/post"}],"author":[{"embeddable":true,"href":"https:\/\/horebnews.net\/index.php\/wp-json\/wp\/v2\/users\/2"}],"replies":[{"embeddable":true,"href":"https:\/\/horebnews.net\/index.php\/wp-json\/wp\/v2\/comments?post=2008"}],"version-history":[{"count":1,"href":"https:\/\/horebnews.net\/index.php\/wp-json\/wp\/v2\/posts\/2008\/revisions"}],"predecessor-version":[{"id":2011,"href":"https:\/\/horebnews.net\/index.php\/wp-json\/wp\/v2\/posts\/2008\/revisions\/2011"}],"wp:featuredmedia":[{"embeddable":true,"href":"https:\/\/horebnews.net\/index.php\/wp-json\/wp\/v2\/media\/2010"}],"wp:attachment":[{"href":"https:\/\/horebnews.net\/index.php\/wp-json\/wp\/v2\/media?parent=2008"}],"wp:term":[{"taxonomy":"category","embeddable":true,"href":"https:\/\/horebnews.net\/index.php\/wp-json\/wp\/v2\/categories?post=2008"},{"taxonomy":"post_tag","embeddable":true,"href":"https:\/\/horebnews.net\/index.php\/wp-json\/wp\/v2\/tags?post=2008"}],"curies":[{"name":"wp","href":"https:\/\/api.w.org\/{rel}","templated":true}]}}