{"id":1376,"date":"2024-11-05T12:05:36","date_gmt":"2024-11-05T11:05:36","guid":{"rendered":"https:\/\/horebnews.net\/?p=1376"},"modified":"2024-11-05T12:05:36","modified_gmt":"2024-11-05T11:05:36","slug":"commemoration-de-lassassinat-du-capitaine-thomas-sankara-et-de-ces-compagnons-le-president-du-faso-salue-la-memoire-du-grand-visionnaire","status":"publish","type":"post","link":"https:\/\/horebnews.net\/index.php\/politique\/commemoration-de-lassassinat-du-capitaine-thomas-sankara-et-de-ces-compagnons-le-president-du-faso-salue-la-memoire-du-grand-visionnaire\/","title":{"rendered":"Comm\u00e9moration de l\u2019assassinat du capitaine thomas Sankara et de ces compagnons : le pr\u00e9sident du Faso salue la m\u00e9moire du \u00ab grand visionnaire \u00bb"},"content":{"rendered":"<p><strong>Ce 15 octobre le Burkina comm\u00e9more le 37eme anniversaire douloureux de l\u2019assassinat du capitaine Thomas Sankara tomb\u00e9s le 15 octobre 1987. Dans une publication sur les r\u00e9seaux sociaux le pr\u00e9sident du Faso le capitaine Ibrahim Traor\u00e9 a salu\u00e9 la m\u00e9moire de ces derniers.<\/strong><\/p>\n<p>\u00ab\u00a0Aujourd&rsquo;hui 15 octobre, le peuple burkinab\u00e8 se rem\u00e9more l&rsquo;assassinat l\u00e2che et ignoble du Pr\u00e9sident Capitaine Thomas SANKARA, P\u00e8re de la R\u00e9volution d\u00e9mocratique et populaire du 4 ao\u00fbt 1983, et de 12 de ses compagnons.<\/p>\n<p>En ce jour marquant le 37e anniversaire de ce tragique \u00e9v\u00e9nement, je rends un vibrant hommage \u00e0 ce grand visionnaire qui a marqu\u00e9, et continue de marquer de fa\u00e7on ind\u00e9l\u00e9bile, l&rsquo;histoire de notre Nation par son int\u00e9grit\u00e9, son patriotisme et son engagement ind\u00e9fectible pour un Burkina Faso digne, libre et souverain.<\/p>\n<p>Son combat et sa vision demeurent un r\u00e9p\u00e8re qui oriente notre action et nourrit notre engagement et notre d\u00e9termination pour la reconqu\u00eate du territoire national et la construction d&rsquo;un nouveau Burkina de paix, de s\u00e9curit\u00e9, de prosp\u00e9rit\u00e9 et de progr\u00e8s pour l&rsquo;ensemble des Burkinab\u00e8.\u00a0\u00bb<\/p>\n","protected":false},"excerpt":{"rendered":"<p>Ce 15 octobre le Burkina comm\u00e9more le 37eme anniversaire douloureux de l\u2019assassinat du capitaine Thomas Sankara tomb\u00e9s le 15 octobre 1987. Dans une publication sur les r\u00e9seaux sociaux le pr\u00e9sident du Faso le capitaine Ibrahim Traor\u00e9 a salu\u00e9 la m\u00e9moire de ces derniers. \u00ab\u00a0Aujourd&rsquo;hui 15 octobre, le peuple burkinab\u00e8 se rem\u00e9more l&rsquo;assassinat l\u00e2che et ignoble [&hellip;]<\/p>\n","protected":false},"author":1,"featured_media":0,"comment_status":"open","ping_status":"open","sticky":false,"template":"","format":"standard","meta":{"footnotes":""},"categories":[9],"tags":[],"yoast_head":"<!-- This site is optimized with the Yoast SEO plugin v22.9 - https:\/\/yoast.com\/wordpress\/plugins\/seo\/ -->\n<title>Comm\u00e9moration de l\u2019assassinat du capitaine thomas Sankara et de ces compagnons : le pr\u00e9sident du Faso salue la m\u00e9moire du \u00ab grand visionnaire \u00bb - HOREBNEWS<\/title>\n<meta name=\"robots\" content=\"index, follow, max-snippet:-1, max-image-preview:large, max-video-preview:-1\" \/>\n<link rel=\"canonical\" href=\"https:\/\/horebnews.net\/index.php\/politique\/commemoration-de-lassassinat-du-capitaine-thomas-sankara-et-de-ces-compagnons-le-president-du-faso-salue-la-memoire-du-grand-visionnaire\/\" \/>\n<meta property=\"og:locale\" content=\"fr_FR\" \/>\n<meta property=\"og:type\" content=\"article\" \/>\n<meta property=\"og:title\" content=\"Comm\u00e9moration de l\u2019assassinat du capitaine thomas Sankara et de ces compagnons : le pr\u00e9sident du Faso salue la m\u00e9moire du \u00ab grand visionnaire \u00bb - HOREBNEWS\" \/>\n<meta property=\"og:description\" content=\"Ce 15 octobre le Burkina comm\u00e9more le 37eme anniversaire douloureux de l\u2019assassinat du capitaine Thomas Sankara tomb\u00e9s le 15 octobre 1987. Dans une publication sur les r\u00e9seaux sociaux le pr\u00e9sident du Faso le capitaine Ibrahim Traor\u00e9 a salu\u00e9 la m\u00e9moire de ces derniers. \u00ab\u00a0Aujourd&rsquo;hui 15 octobre, le peuple burkinab\u00e8 se rem\u00e9more l&rsquo;assassinat l\u00e2che et ignoble [&hellip;]\" \/>\n<meta property=\"og:url\" content=\"https:\/\/horebnews.net\/index.php\/politique\/commemoration-de-lassassinat-du-capitaine-thomas-sankara-et-de-ces-compagnons-le-president-du-faso-salue-la-memoire-du-grand-visionnaire\/\" \/>\n<meta property=\"og:site_name\" content=\"HOREBNEWS\" \/>\n<meta property=\"article:published_time\" content=\"2024-11-05T11:05:36+00:00\" \/>\n<meta name=\"author\" content=\"Salvador Ki\u00e9br\u00e9\" \/>\n<meta name=\"twitter:card\" content=\"summary_large_image\" \/>\n<meta name=\"twitter:label1\" content=\"\u00c9crit par\" \/>\n\t<meta name=\"twitter:data1\" content=\"Salvador Ki\u00e9br\u00e9\" \/>\n\t<meta name=\"twitter:label2\" content=\"Dur\u00e9e de lecture estim\u00e9e\" \/>\n\t<meta name=\"twitter:data2\" content=\"1 minute\" \/>\n<script type=\"application\/ld+json\" class=\"yoast-schema-graph\">{\"@context\":\"https:\/\/schema.org\",\"@graph\":[{\"@type\":\"Article\",\"@id\":\"https:\/\/horebnews.net\/index.php\/politique\/commemoration-de-lassassinat-du-capitaine-thomas-sankara-et-de-ces-compagnons-le-president-du-faso-salue-la-memoire-du-grand-visionnaire\/#article\",\"isPartOf\":{\"@id\":\"https:\/\/horebnews.net\/index.php\/politique\/commemoration-de-lassassinat-du-capitaine-thomas-sankara-et-de-ces-compagnons-le-president-du-faso-salue-la-memoire-du-grand-visionnaire\/\"},\"author\":{\"name\":\"Salvador Ki\u00e9br\u00e9\",\"@id\":\"https:\/\/horebnews.net\/#\/schema\/person\/6220ecfd92c7dd59560ac5df08114b42\"},\"headline\":\"Comm\u00e9moration de l\u2019assassinat du capitaine thomas Sankara et de ces compagnons : le pr\u00e9sident du Faso salue la m\u00e9moire du \u00ab grand visionnaire \u00bb\",\"datePublished\":\"2024-11-05T11:05:36+00:00\",\"dateModified\":\"2024-11-05T11:05:36+00:00\",\"mainEntityOfPage\":{\"@id\":\"https:\/\/horebnews.net\/index.php\/politique\/commemoration-de-lassassinat-du-capitaine-thomas-sankara-et-de-ces-compagnons-le-president-du-faso-salue-la-memoire-du-grand-visionnaire\/\"},\"wordCount\":220,\"commentCount\":0,\"publisher\":{\"@id\":\"https:\/\/horebnews.net\/#organization\"},\"articleSection\":[\"POLITIQUE\"],\"inLanguage\":\"fr-FR\",\"potentialAction\":[{\"@type\":\"CommentAction\",\"name\":\"Comment\",\"target\":[\"https:\/\/horebnews.net\/index.php\/politique\/commemoration-de-lassassinat-du-capitaine-thomas-sankara-et-de-ces-compagnons-le-president-du-faso-salue-la-memoire-du-grand-visionnaire\/#respond\"]}]},{\"@type\":\"WebPage\",\"@id\":\"https:\/\/horebnews.net\/index.php\/politique\/commemoration-de-lassassinat-du-capitaine-thomas-sankara-et-de-ces-compagnons-le-president-du-faso-salue-la-memoire-du-grand-visionnaire\/\",\"url\":\"https:\/\/horebnews.net\/index.php\/politique\/commemoration-de-lassassinat-du-capitaine-thomas-sankara-et-de-ces-compagnons-le-president-du-faso-salue-la-memoire-du-grand-visionnaire\/\",\"name\":\"Comm\u00e9moration de l\u2019assassinat du capitaine thomas Sankara et de ces compagnons : le pr\u00e9sident du Faso salue la m\u00e9moire du \u00ab grand visionnaire \u00bb - HOREBNEWS\",\"isPartOf\":{\"@id\":\"https:\/\/horebnews.net\/#website\"},\"datePublished\":\"2024-11-05T11:05:36+00:00\",\"dateModified\":\"2024-11-05T11:05:36+00:00\",\"breadcrumb\":{\"@id\":\"https:\/\/horebnews.net\/index.php\/politique\/commemoration-de-lassassinat-du-capitaine-thomas-sankara-et-de-ces-compagnons-le-president-du-faso-salue-la-memoire-du-grand-visionnaire\/#breadcrumb\"},\"inLanguage\":\"fr-FR\",\"potentialAction\":[{\"@type\":\"ReadAction\",\"target\":[\"https:\/\/horebnews.net\/index.php\/politique\/commemoration-de-lassassinat-du-capitaine-thomas-sankara-et-de-ces-compagnons-le-president-du-faso-salue-la-memoire-du-grand-visionnaire\/\"]}]},{\"@type\":\"BreadcrumbList\",\"@id\":\"https:\/\/horebnews.net\/index.php\/politique\/commemoration-de-lassassinat-du-capitaine-thomas-sankara-et-de-ces-compagnons-le-president-du-faso-salue-la-memoire-du-grand-visionnaire\/#breadcrumb\",\"itemListElement\":[{\"@type\":\"ListItem\",\"position\":1,\"name\":\"Accueil\",\"item\":\"https:\/\/horebnews.net\/\"},{\"@type\":\"ListItem\",\"position\":2,\"name\":\"POLITIQUE\",\"item\":\"https:\/\/horebnews.net\/index.php\/category\/politique\/\"},{\"@type\":\"ListItem\",\"position\":3,\"name\":\"Comm\u00e9moration de l\u2019assassinat du capitaine thomas Sankara et de ces compagnons : le pr\u00e9sident du Faso salue la m\u00e9moire du \u00ab grand visionnaire \u00bb\"}]},{\"@type\":\"WebSite\",\"@id\":\"https:\/\/horebnews.net\/#website\",\"url\":\"https:\/\/horebnews.net\/\",\"name\":\"HOREBNEWS\",\"description\":\"La vraie info\",\"publisher\":{\"@id\":\"https:\/\/horebnews.net\/#organization\"},\"potentialAction\":[{\"@type\":\"SearchAction\",\"target\":{\"@type\":\"EntryPoint\",\"urlTemplate\":\"https:\/\/horebnews.net\/?s={search_term_string}\"},\"query-input\":\"required name=search_term_string\"}],\"inLanguage\":\"fr-FR\"},{\"@type\":\"Organization\",\"@id\":\"https:\/\/horebnews.net\/#organization\",\"name\":\"HOREBNEWS\",\"url\":\"https:\/\/horebnews.net\/\",\"logo\":{\"@type\":\"ImageObject\",\"inLanguage\":\"fr-FR\",\"@id\":\"https:\/\/horebnews.net\/#\/schema\/logo\/image\/\",\"url\":\"http:\/\/horebnews.net\/wp-content\/uploads\/2024\/06\/Image-collee-7.png\",\"contentUrl\":\"http:\/\/horebnews.net\/wp-content\/uploads\/2024\/06\/Image-collee-7.png\",\"width\":399,\"height\":113,\"caption\":\"HOREBNEWS\"},\"image\":{\"@id\":\"https:\/\/horebnews.net\/#\/schema\/logo\/image\/\"}},{\"@type\":\"Person\",\"@id\":\"https:\/\/horebnews.net\/#\/schema\/person\/6220ecfd92c7dd59560ac5df08114b42\",\"name\":\"Salvador Ki\u00e9br\u00e9\",\"image\":{\"@type\":\"ImageObject\",\"inLanguage\":\"fr-FR\",\"@id\":\"https:\/\/horebnews.net\/#\/schema\/person\/image\/\",\"url\":\"https:\/\/secure.gravatar.com\/avatar\/f6d33f9478484bca7302ed6ef6ad859d?s=96&d=mm&r=g\",\"contentUrl\":\"https:\/\/secure.gravatar.com\/avatar\/f6d33f9478484bca7302ed6ef6ad859d?s=96&d=mm&r=g\",\"caption\":\"Salvador Ki\u00e9br\u00e9\"},\"sameAs\":[\"http:\/\/horebnews.net\"],\"url\":\"https:\/\/horebnews.net\/index.php\/author\/demsco82\/\"}]}<\/script>\n<!-- \/ Yoast SEO plugin. -->","yoast_head_json":{"title":"Comm\u00e9moration de l\u2019assassinat du capitaine thomas Sankara et de ces compagnons : le pr\u00e9sident du Faso salue la m\u00e9moire du \u00ab grand visionnaire \u00bb - HOREBNEWS","robots":{"index":"index","follow":"follow","max-snippet":"max-snippet:-1","max-image-preview":"max-image-preview:large","max-video-preview":"max-video-preview:-1"},"canonical":"https:\/\/horebnews.net\/index.php\/politique\/commemoration-de-lassassinat-du-capitaine-thomas-sankara-et-de-ces-compagnons-le-president-du-faso-salue-la-memoire-du-grand-visionnaire\/","og_locale":"fr_FR","og_type":"article","og_title":"Comm\u00e9moration de l\u2019assassinat du capitaine thomas Sankara et de ces compagnons : le pr\u00e9sident du Faso salue la m\u00e9moire du \u00ab grand visionnaire \u00bb - HOREBNEWS","og_description":"Ce 15 octobre le Burkina comm\u00e9more le 37eme anniversaire douloureux de l\u2019assassinat du capitaine Thomas Sankara tomb\u00e9s le 15 octobre 1987. Dans une publication sur les r\u00e9seaux sociaux le pr\u00e9sident du Faso le capitaine Ibrahim Traor\u00e9 a salu\u00e9 la m\u00e9moire de ces derniers. \u00ab\u00a0Aujourd&rsquo;hui 15 octobre, le peuple burkinab\u00e8 se rem\u00e9more l&rsquo;assassinat l\u00e2che et ignoble [&hellip;]","og_url":"https:\/\/horebnews.net\/index.php\/politique\/commemoration-de-lassassinat-du-capitaine-thomas-sankara-et-de-ces-compagnons-le-president-du-faso-salue-la-memoire-du-grand-visionnaire\/","og_site_name":"HOREBNEWS","article_published_time":"2024-11-05T11:05:36+00:00","author":"Salvador Ki\u00e9br\u00e9","twitter_card":"summary_large_image","twitter_misc":{"\u00c9crit par":"Salvador Ki\u00e9br\u00e9","Dur\u00e9e de lecture estim\u00e9e":"1 minute"},"schema":{"@context":"https:\/\/schema.org","@graph":[{"@type":"Article","@id":"https:\/\/horebnews.net\/index.php\/politique\/commemoration-de-lassassinat-du-capitaine-thomas-sankara-et-de-ces-compagnons-le-president-du-faso-salue-la-memoire-du-grand-visionnaire\/#article","isPartOf":{"@id":"https:\/\/horebnews.net\/index.php\/politique\/commemoration-de-lassassinat-du-capitaine-thomas-sankara-et-de-ces-compagnons-le-president-du-faso-salue-la-memoire-du-grand-visionnaire\/"},"author":{"name":"Salvador Ki\u00e9br\u00e9","@id":"https:\/\/horebnews.net\/#\/schema\/person\/6220ecfd92c7dd59560ac5df08114b42"},"headline":"Comm\u00e9moration de l\u2019assassinat du capitaine thomas Sankara et de ces compagnons : le pr\u00e9sident du Faso salue la m\u00e9moire du \u00ab grand visionnaire \u00bb","datePublished":"2024-11-05T11:05:36+00:00","dateModified":"2024-11-05T11:05:36+00:00","mainEntityOfPage":{"@id":"https:\/\/horebnews.net\/index.php\/politique\/commemoration-de-lassassinat-du-capitaine-thomas-sankara-et-de-ces-compagnons-le-president-du-faso-salue-la-memoire-du-grand-visionnaire\/"},"wordCount":220,"commentCount":0,"publisher":{"@id":"https:\/\/horebnews.net\/#organization"},"articleSection":["POLITIQUE"],"inLanguage":"fr-FR","potentialAction":[{"@type":"CommentAction","name":"Comment","target":["https:\/\/horebnews.net\/index.php\/politique\/commemoration-de-lassassinat-du-capitaine-thomas-sankara-et-de-ces-compagnons-le-president-du-faso-salue-la-memoire-du-grand-visionnaire\/#respond"]}]},{"@type":"WebPage","@id":"https:\/\/horebnews.net\/index.php\/politique\/commemoration-de-lassassinat-du-capitaine-thomas-sankara-et-de-ces-compagnons-le-president-du-faso-salue-la-memoire-du-grand-visionnaire\/","url":"https:\/\/horebnews.net\/index.php\/politique\/commemoration-de-lassassinat-du-capitaine-thomas-sankara-et-de-ces-compagnons-le-president-du-faso-salue-la-memoire-du-grand-visionnaire\/","name":"Comm\u00e9moration de l\u2019assassinat du capitaine thomas Sankara et de ces compagnons : le pr\u00e9sident du Faso salue la m\u00e9moire du \u00ab grand visionnaire \u00bb - HOREBNEWS","isPartOf":{"@id":"https:\/\/horebnews.net\/#website"},"datePublished":"2024-11-05T11:05:36+00:00","dateModified":"2024-11-05T11:05:36+00:00","breadcrumb":{"@id":"https:\/\/horebnews.net\/index.php\/politique\/commemoration-de-lassassinat-du-capitaine-thomas-sankara-et-de-ces-compagnons-le-president-du-faso-salue-la-memoire-du-grand-visionnaire\/#breadcrumb"},"inLanguage":"fr-FR","potentialAction":[{"@type":"ReadAction","target":["https:\/\/horebnews.net\/index.php\/politique\/commemoration-de-lassassinat-du-capitaine-thomas-sankara-et-de-ces-compagnons-le-president-du-faso-salue-la-memoire-du-grand-visionnaire\/"]}]},{"@type":"BreadcrumbList","@id":"https:\/\/horebnews.net\/index.php\/politique\/commemoration-de-lassassinat-du-capitaine-thomas-sankara-et-de-ces-compagnons-le-president-du-faso-salue-la-memoire-du-grand-visionnaire\/#breadcrumb","itemListElement":[{"@type":"ListItem","position":1,"name":"Accueil","item":"https:\/\/horebnews.net\/"},{"@type":"ListItem","position":2,"name":"POLITIQUE","item":"https:\/\/horebnews.net\/index.php\/category\/politique\/"},{"@type":"ListItem","position":3,"name":"Comm\u00e9moration de l\u2019assassinat du capitaine thomas Sankara et de ces compagnons : le pr\u00e9sident du Faso salue la m\u00e9moire du \u00ab grand visionnaire \u00bb"}]},{"@type":"WebSite","@id":"https:\/\/horebnews.net\/#website","url":"https:\/\/horebnews.net\/","name":"HOREBNEWS","description":"La vraie info","publisher":{"@id":"https:\/\/horebnews.net\/#organization"},"potentialAction":[{"@type":"SearchAction","target":{"@type":"EntryPoint","urlTemplate":"https:\/\/horebnews.net\/?s={search_term_string}"},"query-input":"required name=search_term_string"}],"inLanguage":"fr-FR"},{"@type":"Organization","@id":"https:\/\/horebnews.net\/#organization","name":"HOREBNEWS","url":"https:\/\/horebnews.net\/","logo":{"@type":"ImageObject","inLanguage":"fr-FR","@id":"https:\/\/horebnews.net\/#\/schema\/logo\/image\/","url":"http:\/\/horebnews.net\/wp-content\/uploads\/2024\/06\/Image-collee-7.png","contentUrl":"http:\/\/horebnews.net\/wp-content\/uploads\/2024\/06\/Image-collee-7.png","width":399,"height":113,"caption":"HOREBNEWS"},"image":{"@id":"https:\/\/horebnews.net\/#\/schema\/logo\/image\/"}},{"@type":"Person","@id":"https:\/\/horebnews.net\/#\/schema\/person\/6220ecfd92c7dd59560ac5df08114b42","name":"Salvador Ki\u00e9br\u00e9","image":{"@type":"ImageObject","inLanguage":"fr-FR","@id":"https:\/\/horebnews.net\/#\/schema\/person\/image\/","url":"https:\/\/secure.gravatar.com\/avatar\/f6d33f9478484bca7302ed6ef6ad859d?s=96&d=mm&r=g","contentUrl":"https:\/\/secure.gravatar.com\/avatar\/f6d33f9478484bca7302ed6ef6ad859d?s=96&d=mm&r=g","caption":"Salvador Ki\u00e9br\u00e9"},"sameAs":["http:\/\/horebnews.net"],"url":"https:\/\/horebnews.net\/index.php\/author\/demsco82\/"}]}},"wpmagazine_modules_lite_featured_media_urls":{"thumbnail":"","cvmm-medium":"","cvmm-medium-plus":"","cvmm-portrait":"","cvmm-medium-square":"","cvmm-large":"","cvmm-small":"","full":""},"categories_names":{"9":{"name":"POLITIQUE","link":"https:\/\/horebnews.net\/index.php\/category\/politique\/"}},"tags_names":[],"comments_number":"0","_links":{"self":[{"href":"https:\/\/horebnews.net\/index.php\/wp-json\/wp\/v2\/posts\/1376"}],"collection":[{"href":"https:\/\/horebnews.net\/index.php\/wp-json\/wp\/v2\/posts"}],"about":[{"href":"https:\/\/horebnews.net\/index.php\/wp-json\/wp\/v2\/types\/post"}],"author":[{"embeddable":true,"href":"https:\/\/horebnews.net\/index.php\/wp-json\/wp\/v2\/users\/1"}],"replies":[{"embeddable":true,"href":"https:\/\/horebnews.net\/index.php\/wp-json\/wp\/v2\/comments?post=1376"}],"version-history":[{"count":1,"href":"https:\/\/horebnews.net\/index.php\/wp-json\/wp\/v2\/posts\/1376\/revisions"}],"predecessor-version":[{"id":1434,"href":"https:\/\/horebnews.net\/index.php\/wp-json\/wp\/v2\/posts\/1376\/revisions\/1434"}],"wp:attachment":[{"href":"https:\/\/horebnews.net\/index.php\/wp-json\/wp\/v2\/media?parent=1376"}],"wp:term":[{"taxonomy":"category","embeddable":true,"href":"https:\/\/horebnews.net\/index.php\/wp-json\/wp\/v2\/categories?post=1376"},{"taxonomy":"post_tag","embeddable":true,"href":"https:\/\/horebnews.net\/index.php\/wp-json\/wp\/v2\/tags?post=1376"}],"curies":[{"name":"wp","href":"https:\/\/api.w.org\/{rel}","templated":true}]}}