{"id":1326,"date":"2024-10-11T16:56:29","date_gmt":"2024-10-11T14:56:29","guid":{"rendered":"https:\/\/horebnews.net\/?p=1326"},"modified":"2024-10-11T16:56:29","modified_gmt":"2024-10-11T14:56:29","slug":"conseil-des-ministres-le-gouvernement-decide-de-linterdiction-totale-des-emballages-et-sachets-plastiques-au-burkina-faso","status":"publish","type":"post","link":"https:\/\/horebnews.net\/index.php\/politique\/conseil-des-ministres-le-gouvernement-decide-de-linterdiction-totale-des-emballages-et-sachets-plastiques-au-burkina-faso\/","title":{"rendered":"Conseil des ministres : le gouvernement d\u00e9cide de l\u2019interdiction totale des emballages et sachets plastiques au Burkina Faso."},"content":{"rendered":"<p>Le gouvernement a pris d\u2019importante d\u00e9cision au cour du conseil des ministres de ce 2 octobre 2024 notamment un avant-projet de loi portant r\u00e9vision de la Constitution, un d\u00e9cret portant composition, organisation et fonctionnement du comit\u00e9 de sant\u00e9 et un avant-projet de loi portant interdiction totale des emballages et sachets plastiques au Burkina Faso.<\/p>\n<p>Ce RDV minist\u00e9riel a \u00e9t\u00e9 pr\u00e9sid\u00e9 par le \u00a0Pr\u00e9sident du Faso, le Capitaine Ibrahim Traor\u00e9. Selon le ministre d\u2019Etat, Porte-parole du Gouvernement, Jean Emmanuel OUEDRAOGO, plusieurs dossiers ont \u00e9t\u00e9 examin\u00e9s et des d\u00e9cisions importantes prises pour la bonne marche de la Nation.<\/p>\n<p>Au titre de la Pr\u00e9sidence du Faso, le Conseil des ministres a adopt\u00e9 un avant-projet de loi portant r\u00e9vision de la Constitution. Selon le ministre de la Justice et des Droits humains, charg\u00e9 des Relations avec les Institutions, Edasso Rodrigue BAYALA, il s\u2019agit de l\u2019avant-projet de loi pr\u00e9c\u00e9demment transmis \u00e0 l\u2019Assembl\u00e9e l\u00e9gislature de Transition (ALT) et qui devait \u00eatre examin\u00e9 le 2 septembre dernier. Un r\u00e9am\u00e9nagement majeur a justifi\u00e9 le retrait dudit avant-projet ramen\u00e9 devant le Conseil des ministres pour examen.<\/p>\n<p>\u00ab Le r\u00e9am\u00e9nagement de fond qui a n\u00e9cessit\u00e9 que ce projet de loi soit retir\u00e9 et repass\u00e9 par le Conseil des ministres concerne l\u2019article 36 de la Constitution qui est consacr\u00e9 au Pr\u00e9sident du Faso \u00bb, a indiqu\u00e9 le ministre Edasso Rodrigue BAYALA.<\/p>\n<p>Suivant l\u2019article 36 du titre III de notre Constitution, le Pr\u00e9sident du Faso est consacr\u00e9 comme une institution. A ce titre, dans l\u2019exercice des pr\u00e9rogatives et des missions qui lui sont d\u00e9volues, le Pr\u00e9sident du Faso est accompagn\u00e9 par une administration. Mais cette administration \u00ab n\u2019est pas une administration sp\u00e9cifique reconnue de sorte \u00e0 permettre \u00e0 ce que la loi puisse la r\u00e9gir et lui consacrer une certaine stabilit\u00e9 n\u00e9cessaire \u00e0 son efficacit\u00e9 pour accompagner le Pr\u00e9sident du Faso dans l\u2019accomplissement de ses hautes missions \u00bb, a expliqu\u00e9 le ministre. D\u2019o\u00f9 l\u2019innovation consistant \u00e0 doter la Pr\u00e9sidence du Faso d\u2019une administration sp\u00e9cifique reconnue pour accompagner le Chef de l\u2019Etat dans ses missions.<\/p>\n<p>Pour le compte du minist\u00e8re de la Fonction publique, du Travail et de la Protection sociale, le conseil a adopt\u00e9 un d\u00e9cret portant composition, organisation et fonctionnement du comit\u00e9 de sant\u00e9 mis en place par la loi du 16 novembre 2006 portant r\u00e9gime de pr\u00e9vention et de r\u00e9paration des risques professionnels applicables aux agents de la Fonction publique, aux militaires et aux magistrats.<\/p>\n<p>Le pr\u00e9sent d\u00e9cret permettra d\u00e9sormais au comit\u00e9 de statuer sereinement sur les cas qui ne sont pas r\u00e9pertori\u00e9s sur le tableau des maladies professionnelles, selon le ministre en charge de la Fonction publique, Bassolma BAZIE. Avec ce d\u00e9cret, la composition du comit\u00e9 passe de 14 membres \u00e0 7 et le d\u00e9lai pour enclencher le processus et statuer sur un dossier passe d\u2019un mois \u00e0 deux semaines. Ce qui permettra un traitement plus diligent des dossiers soumis au comit\u00e9 de sant\u00e9.<\/p>\n<p>Au titre du minist\u00e8re de l\u2019Environnement, de l\u2019Eau et de l\u2019Assainissement, le Conseil a adopt\u00e9 un avant-projet de loi portant interdiction totale des emballages et sachets plastiques au Burkina Faso. Selon le ministre en charge de l\u2019Environnement, Roger BARO, cet avant-projet de loi est une r\u00e9vision de la loi du 20 mai 2014 portant interdiction de la production, de la commercialisation et de la distribution des emballages et sachets plastiques non biod\u00e9gradables au Burkina Faso.<\/p>\n<p>Cet avant-projet de loi accorde des d\u00e9rogations aux produits industriels directement conditionn\u00e9s dans du plastique. Un d\u00e9lai de six mois sera accord\u00e9 \u00e0 tous les acteurs pour se conformer \u00e0 la nouvelle loi, selon le ministre BARO.<\/p>\n<p>Direction de la Communication de la Pr\u00e9sidence du Faso<\/p>\n","protected":false},"excerpt":{"rendered":"<p>Le gouvernement a pris d\u2019importante d\u00e9cision au cour du conseil des ministres de ce 2 octobre 2024 notamment un avant-projet de loi portant r\u00e9vision de la Constitution, un d\u00e9cret portant composition, organisation et fonctionnement du comit\u00e9 de sant\u00e9 et un avant-projet de loi portant interdiction totale des emballages et sachets plastiques au Burkina Faso. Ce [&hellip;]<\/p>\n","protected":false},"author":1,"featured_media":1330,"comment_status":"open","ping_status":"open","sticky":false,"template":"","format":"standard","meta":{"footnotes":""},"categories":[9,6],"tags":[],"yoast_head":"<!-- This site is optimized with the Yoast SEO plugin v22.9 - https:\/\/yoast.com\/wordpress\/plugins\/seo\/ -->\n<title>Conseil des ministres : le gouvernement d\u00e9cide de l\u2019interdiction totale des emballages et sachets plastiques au Burkina Faso. - HOREBNEWS<\/title>\n<meta name=\"robots\" content=\"index, follow, max-snippet:-1, max-image-preview:large, max-video-preview:-1\" \/>\n<link rel=\"canonical\" href=\"https:\/\/horebnews.net\/index.php\/politique\/conseil-des-ministres-le-gouvernement-decide-de-linterdiction-totale-des-emballages-et-sachets-plastiques-au-burkina-faso\/\" \/>\n<meta property=\"og:locale\" content=\"fr_FR\" \/>\n<meta property=\"og:type\" content=\"article\" \/>\n<meta property=\"og:title\" content=\"Conseil des ministres : le gouvernement d\u00e9cide de l\u2019interdiction totale des emballages et sachets plastiques au Burkina Faso. - HOREBNEWS\" \/>\n<meta property=\"og:description\" content=\"Le gouvernement a pris d\u2019importante d\u00e9cision au cour du conseil des ministres de ce 2 octobre 2024 notamment un avant-projet de loi portant r\u00e9vision de la Constitution, un d\u00e9cret portant composition, organisation et fonctionnement du comit\u00e9 de sant\u00e9 et un avant-projet de loi portant interdiction totale des emballages et sachets plastiques au Burkina Faso. Ce [&hellip;]\" \/>\n<meta property=\"og:url\" content=\"https:\/\/horebnews.net\/index.php\/politique\/conseil-des-ministres-le-gouvernement-decide-de-linterdiction-totale-des-emballages-et-sachets-plastiques-au-burkina-faso\/\" \/>\n<meta property=\"og:site_name\" content=\"HOREBNEWS\" \/>\n<meta property=\"article:published_time\" content=\"2024-10-11T14:56:29+00:00\" \/>\n<meta property=\"og:image\" content=\"http:\/\/horebnews.net\/wp-content\/uploads\/2024\/10\/sachet31.15.jpeg\" \/>\n\t<meta property=\"og:image:width\" content=\"1080\" \/>\n\t<meta property=\"og:image:height\" content=\"720\" \/>\n\t<meta property=\"og:image:type\" content=\"image\/jpeg\" \/>\n<meta name=\"author\" content=\"Salvador Ki\u00e9br\u00e9\" \/>\n<meta name=\"twitter:card\" content=\"summary_large_image\" \/>\n<meta name=\"twitter:label1\" content=\"\u00c9crit par\" \/>\n\t<meta name=\"twitter:data1\" content=\"Salvador Ki\u00e9br\u00e9\" \/>\n\t<meta name=\"twitter:label2\" content=\"Dur\u00e9e de lecture estim\u00e9e\" \/>\n\t<meta name=\"twitter:data2\" content=\"4 minutes\" \/>\n<script type=\"application\/ld+json\" class=\"yoast-schema-graph\">{\"@context\":\"https:\/\/schema.org\",\"@graph\":[{\"@type\":\"Article\",\"@id\":\"https:\/\/horebnews.net\/index.php\/politique\/conseil-des-ministres-le-gouvernement-decide-de-linterdiction-totale-des-emballages-et-sachets-plastiques-au-burkina-faso\/#article\",\"isPartOf\":{\"@id\":\"https:\/\/horebnews.net\/index.php\/politique\/conseil-des-ministres-le-gouvernement-decide-de-linterdiction-totale-des-emballages-et-sachets-plastiques-au-burkina-faso\/\"},\"author\":{\"name\":\"Salvador Ki\u00e9br\u00e9\",\"@id\":\"https:\/\/horebnews.net\/#\/schema\/person\/6220ecfd92c7dd59560ac5df08114b42\"},\"headline\":\"Conseil des ministres : le gouvernement d\u00e9cide de l\u2019interdiction totale des emballages et sachets plastiques au Burkina Faso.\",\"datePublished\":\"2024-10-11T14:56:29+00:00\",\"dateModified\":\"2024-10-11T14:56:29+00:00\",\"mainEntityOfPage\":{\"@id\":\"https:\/\/horebnews.net\/index.php\/politique\/conseil-des-ministres-le-gouvernement-decide-de-linterdiction-totale-des-emballages-et-sachets-plastiques-au-burkina-faso\/\"},\"wordCount\":659,\"commentCount\":0,\"publisher\":{\"@id\":\"https:\/\/horebnews.net\/#organization\"},\"image\":{\"@id\":\"https:\/\/horebnews.net\/index.php\/politique\/conseil-des-ministres-le-gouvernement-decide-de-linterdiction-totale-des-emballages-et-sachets-plastiques-au-burkina-faso\/#primaryimage\"},\"thumbnailUrl\":\"https:\/\/horebnews.net\/wp-content\/uploads\/2024\/10\/sachet31.15.jpeg\",\"articleSection\":[\"POLITIQUE\",\"SOCIAL\"],\"inLanguage\":\"fr-FR\",\"potentialAction\":[{\"@type\":\"CommentAction\",\"name\":\"Comment\",\"target\":[\"https:\/\/horebnews.net\/index.php\/politique\/conseil-des-ministres-le-gouvernement-decide-de-linterdiction-totale-des-emballages-et-sachets-plastiques-au-burkina-faso\/#respond\"]}]},{\"@type\":\"WebPage\",\"@id\":\"https:\/\/horebnews.net\/index.php\/politique\/conseil-des-ministres-le-gouvernement-decide-de-linterdiction-totale-des-emballages-et-sachets-plastiques-au-burkina-faso\/\",\"url\":\"https:\/\/horebnews.net\/index.php\/politique\/conseil-des-ministres-le-gouvernement-decide-de-linterdiction-totale-des-emballages-et-sachets-plastiques-au-burkina-faso\/\",\"name\":\"Conseil des ministres : le gouvernement d\u00e9cide de l\u2019interdiction totale des emballages et sachets plastiques au Burkina Faso. - HOREBNEWS\",\"isPartOf\":{\"@id\":\"https:\/\/horebnews.net\/#website\"},\"primaryImageOfPage\":{\"@id\":\"https:\/\/horebnews.net\/index.php\/politique\/conseil-des-ministres-le-gouvernement-decide-de-linterdiction-totale-des-emballages-et-sachets-plastiques-au-burkina-faso\/#primaryimage\"},\"image\":{\"@id\":\"https:\/\/horebnews.net\/index.php\/politique\/conseil-des-ministres-le-gouvernement-decide-de-linterdiction-totale-des-emballages-et-sachets-plastiques-au-burkina-faso\/#primaryimage\"},\"thumbnailUrl\":\"https:\/\/horebnews.net\/wp-content\/uploads\/2024\/10\/sachet31.15.jpeg\",\"datePublished\":\"2024-10-11T14:56:29+00:00\",\"dateModified\":\"2024-10-11T14:56:29+00:00\",\"breadcrumb\":{\"@id\":\"https:\/\/horebnews.net\/index.php\/politique\/conseil-des-ministres-le-gouvernement-decide-de-linterdiction-totale-des-emballages-et-sachets-plastiques-au-burkina-faso\/#breadcrumb\"},\"inLanguage\":\"fr-FR\",\"potentialAction\":[{\"@type\":\"ReadAction\",\"target\":[\"https:\/\/horebnews.net\/index.php\/politique\/conseil-des-ministres-le-gouvernement-decide-de-linterdiction-totale-des-emballages-et-sachets-plastiques-au-burkina-faso\/\"]}]},{\"@type\":\"ImageObject\",\"inLanguage\":\"fr-FR\",\"@id\":\"https:\/\/horebnews.net\/index.php\/politique\/conseil-des-ministres-le-gouvernement-decide-de-linterdiction-totale-des-emballages-et-sachets-plastiques-au-burkina-faso\/#primaryimage\",\"url\":\"https:\/\/horebnews.net\/wp-content\/uploads\/2024\/10\/sachet31.15.jpeg\",\"contentUrl\":\"https:\/\/horebnews.net\/wp-content\/uploads\/2024\/10\/sachet31.15.jpeg\",\"width\":1080,\"height\":720},{\"@type\":\"BreadcrumbList\",\"@id\":\"https:\/\/horebnews.net\/index.php\/politique\/conseil-des-ministres-le-gouvernement-decide-de-linterdiction-totale-des-emballages-et-sachets-plastiques-au-burkina-faso\/#breadcrumb\",\"itemListElement\":[{\"@type\":\"ListItem\",\"position\":1,\"name\":\"Accueil\",\"item\":\"https:\/\/horebnews.net\/\"},{\"@type\":\"ListItem\",\"position\":2,\"name\":\"POLITIQUE\",\"item\":\"https:\/\/horebnews.net\/index.php\/category\/politique\/\"},{\"@type\":\"ListItem\",\"position\":3,\"name\":\"Conseil des ministres : le gouvernement d\u00e9cide de l\u2019interdiction totale des emballages et sachets plastiques au Burkina Faso.\"}]},{\"@type\":\"WebSite\",\"@id\":\"https:\/\/horebnews.net\/#website\",\"url\":\"https:\/\/horebnews.net\/\",\"name\":\"HOREBNEWS\",\"description\":\"La vraie info\",\"publisher\":{\"@id\":\"https:\/\/horebnews.net\/#organization\"},\"potentialAction\":[{\"@type\":\"SearchAction\",\"target\":{\"@type\":\"EntryPoint\",\"urlTemplate\":\"https:\/\/horebnews.net\/?s={search_term_string}\"},\"query-input\":\"required name=search_term_string\"}],\"inLanguage\":\"fr-FR\"},{\"@type\":\"Organization\",\"@id\":\"https:\/\/horebnews.net\/#organization\",\"name\":\"HOREBNEWS\",\"url\":\"https:\/\/horebnews.net\/\",\"logo\":{\"@type\":\"ImageObject\",\"inLanguage\":\"fr-FR\",\"@id\":\"https:\/\/horebnews.net\/#\/schema\/logo\/image\/\",\"url\":\"http:\/\/horebnews.net\/wp-content\/uploads\/2024\/06\/Image-collee-7.png\",\"contentUrl\":\"http:\/\/horebnews.net\/wp-content\/uploads\/2024\/06\/Image-collee-7.png\",\"width\":399,\"height\":113,\"caption\":\"HOREBNEWS\"},\"image\":{\"@id\":\"https:\/\/horebnews.net\/#\/schema\/logo\/image\/\"}},{\"@type\":\"Person\",\"@id\":\"https:\/\/horebnews.net\/#\/schema\/person\/6220ecfd92c7dd59560ac5df08114b42\",\"name\":\"Salvador Ki\u00e9br\u00e9\",\"image\":{\"@type\":\"ImageObject\",\"inLanguage\":\"fr-FR\",\"@id\":\"https:\/\/horebnews.net\/#\/schema\/person\/image\/\",\"url\":\"https:\/\/secure.gravatar.com\/avatar\/f6d33f9478484bca7302ed6ef6ad859d?s=96&d=mm&r=g\",\"contentUrl\":\"https:\/\/secure.gravatar.com\/avatar\/f6d33f9478484bca7302ed6ef6ad859d?s=96&d=mm&r=g\",\"caption\":\"Salvador Ki\u00e9br\u00e9\"},\"sameAs\":[\"http:\/\/horebnews.net\"],\"url\":\"https:\/\/horebnews.net\/index.php\/author\/demsco82\/\"}]}<\/script>\n<!-- \/ Yoast SEO plugin. -->","yoast_head_json":{"title":"Conseil des ministres : le gouvernement d\u00e9cide de l\u2019interdiction totale des emballages et sachets plastiques au Burkina Faso. - HOREBNEWS","robots":{"index":"index","follow":"follow","max-snippet":"max-snippet:-1","max-image-preview":"max-image-preview:large","max-video-preview":"max-video-preview:-1"},"canonical":"https:\/\/horebnews.net\/index.php\/politique\/conseil-des-ministres-le-gouvernement-decide-de-linterdiction-totale-des-emballages-et-sachets-plastiques-au-burkina-faso\/","og_locale":"fr_FR","og_type":"article","og_title":"Conseil des ministres : le gouvernement d\u00e9cide de l\u2019interdiction totale des emballages et sachets plastiques au Burkina Faso. - HOREBNEWS","og_description":"Le gouvernement a pris d\u2019importante d\u00e9cision au cour du conseil des ministres de ce 2 octobre 2024 notamment un avant-projet de loi portant r\u00e9vision de la Constitution, un d\u00e9cret portant composition, organisation et fonctionnement du comit\u00e9 de sant\u00e9 et un avant-projet de loi portant interdiction totale des emballages et sachets plastiques au Burkina Faso. Ce [&hellip;]","og_url":"https:\/\/horebnews.net\/index.php\/politique\/conseil-des-ministres-le-gouvernement-decide-de-linterdiction-totale-des-emballages-et-sachets-plastiques-au-burkina-faso\/","og_site_name":"HOREBNEWS","article_published_time":"2024-10-11T14:56:29+00:00","og_image":[{"width":1080,"height":720,"url":"http:\/\/horebnews.net\/wp-content\/uploads\/2024\/10\/sachet31.15.jpeg","type":"image\/jpeg"}],"author":"Salvador Ki\u00e9br\u00e9","twitter_card":"summary_large_image","twitter_misc":{"\u00c9crit par":"Salvador Ki\u00e9br\u00e9","Dur\u00e9e de lecture estim\u00e9e":"4 minutes"},"schema":{"@context":"https:\/\/schema.org","@graph":[{"@type":"Article","@id":"https:\/\/horebnews.net\/index.php\/politique\/conseil-des-ministres-le-gouvernement-decide-de-linterdiction-totale-des-emballages-et-sachets-plastiques-au-burkina-faso\/#article","isPartOf":{"@id":"https:\/\/horebnews.net\/index.php\/politique\/conseil-des-ministres-le-gouvernement-decide-de-linterdiction-totale-des-emballages-et-sachets-plastiques-au-burkina-faso\/"},"author":{"name":"Salvador Ki\u00e9br\u00e9","@id":"https:\/\/horebnews.net\/#\/schema\/person\/6220ecfd92c7dd59560ac5df08114b42"},"headline":"Conseil des ministres : le gouvernement d\u00e9cide de l\u2019interdiction totale des emballages et sachets plastiques au Burkina Faso.","datePublished":"2024-10-11T14:56:29+00:00","dateModified":"2024-10-11T14:56:29+00:00","mainEntityOfPage":{"@id":"https:\/\/horebnews.net\/index.php\/politique\/conseil-des-ministres-le-gouvernement-decide-de-linterdiction-totale-des-emballages-et-sachets-plastiques-au-burkina-faso\/"},"wordCount":659,"commentCount":0,"publisher":{"@id":"https:\/\/horebnews.net\/#organization"},"image":{"@id":"https:\/\/horebnews.net\/index.php\/politique\/conseil-des-ministres-le-gouvernement-decide-de-linterdiction-totale-des-emballages-et-sachets-plastiques-au-burkina-faso\/#primaryimage"},"thumbnailUrl":"https:\/\/horebnews.net\/wp-content\/uploads\/2024\/10\/sachet31.15.jpeg","articleSection":["POLITIQUE","SOCIAL"],"inLanguage":"fr-FR","potentialAction":[{"@type":"CommentAction","name":"Comment","target":["https:\/\/horebnews.net\/index.php\/politique\/conseil-des-ministres-le-gouvernement-decide-de-linterdiction-totale-des-emballages-et-sachets-plastiques-au-burkina-faso\/#respond"]}]},{"@type":"WebPage","@id":"https:\/\/horebnews.net\/index.php\/politique\/conseil-des-ministres-le-gouvernement-decide-de-linterdiction-totale-des-emballages-et-sachets-plastiques-au-burkina-faso\/","url":"https:\/\/horebnews.net\/index.php\/politique\/conseil-des-ministres-le-gouvernement-decide-de-linterdiction-totale-des-emballages-et-sachets-plastiques-au-burkina-faso\/","name":"Conseil des ministres : le gouvernement d\u00e9cide de l\u2019interdiction totale des emballages et sachets plastiques au Burkina Faso. - HOREBNEWS","isPartOf":{"@id":"https:\/\/horebnews.net\/#website"},"primaryImageOfPage":{"@id":"https:\/\/horebnews.net\/index.php\/politique\/conseil-des-ministres-le-gouvernement-decide-de-linterdiction-totale-des-emballages-et-sachets-plastiques-au-burkina-faso\/#primaryimage"},"image":{"@id":"https:\/\/horebnews.net\/index.php\/politique\/conseil-des-ministres-le-gouvernement-decide-de-linterdiction-totale-des-emballages-et-sachets-plastiques-au-burkina-faso\/#primaryimage"},"thumbnailUrl":"https:\/\/horebnews.net\/wp-content\/uploads\/2024\/10\/sachet31.15.jpeg","datePublished":"2024-10-11T14:56:29+00:00","dateModified":"2024-10-11T14:56:29+00:00","breadcrumb":{"@id":"https:\/\/horebnews.net\/index.php\/politique\/conseil-des-ministres-le-gouvernement-decide-de-linterdiction-totale-des-emballages-et-sachets-plastiques-au-burkina-faso\/#breadcrumb"},"inLanguage":"fr-FR","potentialAction":[{"@type":"ReadAction","target":["https:\/\/horebnews.net\/index.php\/politique\/conseil-des-ministres-le-gouvernement-decide-de-linterdiction-totale-des-emballages-et-sachets-plastiques-au-burkina-faso\/"]}]},{"@type":"ImageObject","inLanguage":"fr-FR","@id":"https:\/\/horebnews.net\/index.php\/politique\/conseil-des-ministres-le-gouvernement-decide-de-linterdiction-totale-des-emballages-et-sachets-plastiques-au-burkina-faso\/#primaryimage","url":"https:\/\/horebnews.net\/wp-content\/uploads\/2024\/10\/sachet31.15.jpeg","contentUrl":"https:\/\/horebnews.net\/wp-content\/uploads\/2024\/10\/sachet31.15.jpeg","width":1080,"height":720},{"@type":"BreadcrumbList","@id":"https:\/\/horebnews.net\/index.php\/politique\/conseil-des-ministres-le-gouvernement-decide-de-linterdiction-totale-des-emballages-et-sachets-plastiques-au-burkina-faso\/#breadcrumb","itemListElement":[{"@type":"ListItem","position":1,"name":"Accueil","item":"https:\/\/horebnews.net\/"},{"@type":"ListItem","position":2,"name":"POLITIQUE","item":"https:\/\/horebnews.net\/index.php\/category\/politique\/"},{"@type":"ListItem","position":3,"name":"Conseil des ministres : le gouvernement d\u00e9cide de l\u2019interdiction totale des emballages et sachets plastiques au Burkina Faso."}]},{"@type":"WebSite","@id":"https:\/\/horebnews.net\/#website","url":"https:\/\/horebnews.net\/","name":"HOREBNEWS","description":"La vraie info","publisher":{"@id":"https:\/\/horebnews.net\/#organization"},"potentialAction":[{"@type":"SearchAction","target":{"@type":"EntryPoint","urlTemplate":"https:\/\/horebnews.net\/?s={search_term_string}"},"query-input":"required name=search_term_string"}],"inLanguage":"fr-FR"},{"@type":"Organization","@id":"https:\/\/horebnews.net\/#organization","name":"HOREBNEWS","url":"https:\/\/horebnews.net\/","logo":{"@type":"ImageObject","inLanguage":"fr-FR","@id":"https:\/\/horebnews.net\/#\/schema\/logo\/image\/","url":"http:\/\/horebnews.net\/wp-content\/uploads\/2024\/06\/Image-collee-7.png","contentUrl":"http:\/\/horebnews.net\/wp-content\/uploads\/2024\/06\/Image-collee-7.png","width":399,"height":113,"caption":"HOREBNEWS"},"image":{"@id":"https:\/\/horebnews.net\/#\/schema\/logo\/image\/"}},{"@type":"Person","@id":"https:\/\/horebnews.net\/#\/schema\/person\/6220ecfd92c7dd59560ac5df08114b42","name":"Salvador Ki\u00e9br\u00e9","image":{"@type":"ImageObject","inLanguage":"fr-FR","@id":"https:\/\/horebnews.net\/#\/schema\/person\/image\/","url":"https:\/\/secure.gravatar.com\/avatar\/f6d33f9478484bca7302ed6ef6ad859d?s=96&d=mm&r=g","contentUrl":"https:\/\/secure.gravatar.com\/avatar\/f6d33f9478484bca7302ed6ef6ad859d?s=96&d=mm&r=g","caption":"Salvador Ki\u00e9br\u00e9"},"sameAs":["http:\/\/horebnews.net"],"url":"https:\/\/horebnews.net\/index.php\/author\/demsco82\/"}]}},"wpmagazine_modules_lite_featured_media_urls":{"thumbnail":["https:\/\/horebnews.net\/wp-content\/uploads\/2024\/10\/sachet31.15-150x150.jpeg",150,150,true],"cvmm-medium":["https:\/\/horebnews.net\/wp-content\/uploads\/2024\/10\/sachet31.15-300x300.jpeg",300,300,true],"cvmm-medium-plus":["https:\/\/horebnews.net\/wp-content\/uploads\/2024\/10\/sachet31.15-305x207.jpeg",305,207,true],"cvmm-portrait":["https:\/\/horebnews.net\/wp-content\/uploads\/2024\/10\/sachet31.15-400x600.jpeg",400,600,true],"cvmm-medium-square":["https:\/\/horebnews.net\/wp-content\/uploads\/2024\/10\/sachet31.15-600x600.jpeg",600,600,true],"cvmm-large":["https:\/\/horebnews.net\/wp-content\/uploads\/2024\/10\/sachet31.15-1024x720.jpeg",1024,720,true],"cvmm-small":["https:\/\/horebnews.net\/wp-content\/uploads\/2024\/10\/sachet31.15-130x95.jpeg",130,95,true],"full":["https:\/\/horebnews.net\/wp-content\/uploads\/2024\/10\/sachet31.15.jpeg",1080,720,false]},"categories_names":{"9":{"name":"POLITIQUE","link":"https:\/\/horebnews.net\/index.php\/category\/politique\/"},"6":{"name":"SOCIAL","link":"https:\/\/horebnews.net\/index.php\/category\/social\/"}},"tags_names":[],"comments_number":"0","_links":{"self":[{"href":"https:\/\/horebnews.net\/index.php\/wp-json\/wp\/v2\/posts\/1326"}],"collection":[{"href":"https:\/\/horebnews.net\/index.php\/wp-json\/wp\/v2\/posts"}],"about":[{"href":"https:\/\/horebnews.net\/index.php\/wp-json\/wp\/v2\/types\/post"}],"author":[{"embeddable":true,"href":"https:\/\/horebnews.net\/index.php\/wp-json\/wp\/v2\/users\/1"}],"replies":[{"embeddable":true,"href":"https:\/\/horebnews.net\/index.php\/wp-json\/wp\/v2\/comments?post=1326"}],"version-history":[{"count":1,"href":"https:\/\/horebnews.net\/index.php\/wp-json\/wp\/v2\/posts\/1326\/revisions"}],"predecessor-version":[{"id":1331,"href":"https:\/\/horebnews.net\/index.php\/wp-json\/wp\/v2\/posts\/1326\/revisions\/1331"}],"wp:featuredmedia":[{"embeddable":true,"href":"https:\/\/horebnews.net\/index.php\/wp-json\/wp\/v2\/media\/1330"}],"wp:attachment":[{"href":"https:\/\/horebnews.net\/index.php\/wp-json\/wp\/v2\/media?parent=1326"}],"wp:term":[{"taxonomy":"category","embeddable":true,"href":"https:\/\/horebnews.net\/index.php\/wp-json\/wp\/v2\/categories?post=1326"},{"taxonomy":"post_tag","embeddable":true,"href":"https:\/\/horebnews.net\/index.php\/wp-json\/wp\/v2\/tags?post=1326"}],"curies":[{"name":"wp","href":"https:\/\/api.w.org\/{rel}","templated":true}]}}