{"id":1257,"date":"2024-10-09T19:23:58","date_gmt":"2024-10-09T17:23:58","guid":{"rendered":"https:\/\/horebnews.net\/?p=1257"},"modified":"2024-10-09T19:23:58","modified_gmt":"2024-10-09T17:23:58","slug":"secteur-de-lassurance-le-gouvernement-decide-de-la-creation-dune-societe-de-reassurance","status":"publish","type":"post","link":"https:\/\/horebnews.net\/index.php\/economie\/secteur-de-lassurance-le-gouvernement-decide-de-la-creation-dune-societe-de-reassurance\/","title":{"rendered":"Secteur de l\u2019assurance : le gouvernement d\u00e9cide de la cr\u00e9ation d\u2019une soci\u00e9t\u00e9 de r\u00e9assurance"},"content":{"rendered":"<p><strong>Le Pr\u00e9sident du Faso, le Capitaine Ibrahim TRAORE a pr\u00e9sid\u00e9, ce mercredi 25 septembre 2024 \u00e0 Ouagadougou, le Conseil des ministres qui a examin\u00e9 plusieurs rapports et pris d\u2019importantes d\u00e9cisions pour la bonne marche de la Nation, selon le ministre d\u2019Etat, Porte-parole du gouvernement, Jean Emmanuel OUEDRAOGO.<\/strong><\/p>\n<p>Au titre du minist\u00e8re de l\u2019Economie et des Finances, le Conseil des ministres a adopt\u00e9 deux d\u00e9crets. Le premier d\u00e9cret est relatif \u00e0 l\u2019institution d\u2019une cession l\u00e9gale au Burkina Faso et le second \u00e0 la cr\u00e9ation d\u2019une soci\u00e9t\u00e9 de r\u00e9assurance.<\/p>\n<p>Le Burkina Faso occupe la 4e place au niveau de la Conf\u00e9rence interafricaine des march\u00e9s d\u2019assurance qui compte 14 pays. En d\u00e9pit de cette position, notre pays n\u2019a pas de soci\u00e9t\u00e9 de r\u00e9assurance. \u00ab En concertation avec les soci\u00e9t\u00e9s d\u2019assurance pr\u00e9sentes au Burkina Faso, il a \u00e9t\u00e9 d\u00e9cid\u00e9 de la cr\u00e9ation d\u2019une soci\u00e9t\u00e9 de r\u00e9assurances \u00bb, a expliqu\u00e9 le ministre de l\u2019Economie et des Finances, Aboubakar NACANABO. \u00ab C\u2019est une soci\u00e9t\u00e9 d\u2019\u00e9conomie mixte avec 51% des parts d\u00e9tenues par l\u2019Etat et 49% par l\u2019ensemble des soci\u00e9t\u00e9s d\u2019assurances implant\u00e9es au Burkina Faso \u00bb, a-t-il soulign\u00e9.<\/p>\n<p><img fetchpriority=\"high\" decoding=\"async\" class=\"size-medium wp-image-1258 alignleft\" src=\"http:\/\/horebnews.net\/wp-content\/uploads\/2024\/10\/nakanabo-225x300.jpg\" alt=\"\" width=\"225\" height=\"300\" srcset=\"https:\/\/horebnews.net\/wp-content\/uploads\/2024\/10\/nakanabo-225x300.jpg 225w, https:\/\/horebnews.net\/wp-content\/uploads\/2024\/10\/nakanabo-767x1024.jpg 767w, https:\/\/horebnews.net\/wp-content\/uploads\/2024\/10\/nakanabo-768x1026.jpg 768w, https:\/\/horebnews.net\/wp-content\/uploads\/2024\/10\/nakanabo-1150x1536.jpg 1150w, https:\/\/horebnews.net\/wp-content\/uploads\/2024\/10\/nakanabo.jpg 1198w\" sizes=\"(max-width: 225px) 100vw, 225px\" \/>Selon le ministre NACANABO, cette soci\u00e9t\u00e9 va permettre de limiter la sortie des devises li\u00e9es aux paiements des primes c\u00e9d\u00e9es en r\u00e9assurance; elle permettra \u00e9galement au march\u00e9 d\u2019assurance de s\u2019organiser afin de mieux faire face aux besoins de la client\u00e8le. La soci\u00e9t\u00e9 de r\u00e9assurance sera op\u00e9rationnelle en 2025.<\/p>\n<p>Cependant, pour qu\u2019une soci\u00e9t\u00e9 de r\u00e9assurance puisse fonctionner et \u00eatre viable, il faut pr\u00e9voir une cession l\u00e9gale. C\u2019est l\u2019objet du premier d\u00e9cret adopt\u00e9 par le Conseil des ministres au titre du minist\u00e8re en charge des Finances, qui va permettre \u00e0 l\u2019Etat de mieux surveiller le march\u00e9 des assurances.<\/p>\n<p>Pour le compte du minist\u00e8re de la Communication, de la Culture, des Arts et du Tourisme, le Conseil a adopt\u00e9 un projet de loi portant organisation du cin\u00e9ma, de l\u2019audiovisuel et de l\u2019image anim\u00e9e au Burkina Faso. L\u2019adoption de ce projet de loi est cons\u00e9cutive \u00e0 un certain nombre d\u2019insuffisances constat\u00e9es dans la loi en vigueur. Au nombre des insuffisances, il y a entre autres, le manque de clarification dans l\u2019organisation administrative, l\u2019insuffisance d\u2019encadrement dans les salles et espaces de diffusion cin\u00e9matographique, l\u2019absence de r\u00e9gulation des nouvelles formes d\u2019exploitation num\u00e9rique des films, la non-prise en compte des m\u00e9tiers de l\u2019image anim\u00e9e, l\u2019insuffisance de mesures de protection du patrimoine cin\u00e9matographique et audiovisuel du Burkina Faso, et l\u2019absence de sanctions coercitives.<\/p>\n<p><img decoding=\"async\" class=\"size-medium wp-image-1259 alignleft\" src=\"http:\/\/horebnews.net\/wp-content\/uploads\/2024\/10\/marwel-213x300.jpg\" alt=\"\" width=\"213\" height=\"300\" srcset=\"https:\/\/horebnews.net\/wp-content\/uploads\/2024\/10\/marwel-213x300.jpg 213w, https:\/\/horebnews.net\/wp-content\/uploads\/2024\/10\/marwel-726x1024.jpg 726w, https:\/\/horebnews.net\/wp-content\/uploads\/2024\/10\/marwel-768x1084.jpg 768w, https:\/\/horebnews.net\/wp-content\/uploads\/2024\/10\/marwel-1089x1536.jpg 1089w, https:\/\/horebnews.net\/wp-content\/uploads\/2024\/10\/marwel.jpg 1134w\" sizes=\"(max-width: 213px) 100vw, 213px\" \/>Selon le ministre d\u2019Etat en charge de la Culture, le projet de loi adopt\u00e9 en Conseil des ministres comporte un certain nombre d\u2019innovations majeures dont l\u2019objectif est de r\u00e9organiser et surtout de cr\u00e9er de meilleures conditions d\u2019exercice dans tout l\u2019\u00e9cosyst\u00e8me du cin\u00e9ma et de l\u2019image anim\u00e9e. Au titre de ces innovations, on passe d\u2019une loi d\u2019orientation \u00e0 une loi d\u2019organisation. Il y a \u00e9galement entre autres, la prise en compte de l\u2019image anim\u00e9e, la d\u00e9finition du r\u00f4le des acteurs du priv\u00e9 et du public, la d\u00e9finition des conditions d\u2019exercice des professions, des branches de l\u2019industrie du cin\u00e9ma, de l\u2019audiovisuel et de l\u2019image anim\u00e9e, la mise en place de mesures de sauvegarde, de protection et de conservation des \u0153uvres cin\u00e9matographiques et de l\u2019audiovisuel, la mise en place de m\u00e9canismes de financement sp\u00e9cifiques pour le secteur, l\u2019institution des sanctions administratives et p\u00e9nales.<\/p>\n<p>\u00ab C\u2019est un projet qui est en phase avec les d\u00e9fis du moment, l\u2019objectif \u00e9tant de faire du secteur du cin\u00e9ma, un secteur cr\u00e9ateur de richesses et surtout d\u2019emplois d\u00e9cents au Burkina Faso et au-del\u00e0 de faire du cin\u00e9ma (\u2026) un levier important d\u2019\u00e9ducation, de sensibilisation qui porte aussi les valeurs du Burkina Faso \u00bb, a soutenu le ministre d\u2019Etat, ministre de la Communication, de la Culture, des Arts et du Tourisme, Jean Emmanuel OUEDRAOGO.<\/p>\n<p><strong>Direction de la communication de la Pr\u00e9sidence du Faso<\/strong><\/p>\n","protected":false},"excerpt":{"rendered":"<p>Le Pr\u00e9sident du Faso, le Capitaine Ibrahim TRAORE a pr\u00e9sid\u00e9, ce mercredi 25 septembre 2024 \u00e0 Ouagadougou, le Conseil des ministres qui a examin\u00e9 plusieurs rapports et pris d\u2019importantes d\u00e9cisions pour la bonne marche de la Nation, selon le ministre d\u2019Etat, Porte-parole du gouvernement, Jean Emmanuel OUEDRAOGO. Au titre du minist\u00e8re de l\u2019Economie et des [&hellip;]<\/p>\n","protected":false},"author":2,"featured_media":1260,"comment_status":"open","ping_status":"open","sticky":false,"template":"","format":"standard","meta":{"footnotes":""},"categories":[2],"tags":[],"yoast_head":"<!-- This site is optimized with the Yoast SEO plugin v22.9 - https:\/\/yoast.com\/wordpress\/plugins\/seo\/ -->\n<title>Secteur de l\u2019assurance : le gouvernement d\u00e9cide de la cr\u00e9ation d\u2019une soci\u00e9t\u00e9 de r\u00e9assurance - HOREBNEWS<\/title>\n<meta name=\"robots\" content=\"index, follow, max-snippet:-1, max-image-preview:large, max-video-preview:-1\" \/>\n<link rel=\"canonical\" href=\"https:\/\/horebnews.net\/index.php\/economie\/secteur-de-lassurance-le-gouvernement-decide-de-la-creation-dune-societe-de-reassurance\/\" \/>\n<meta property=\"og:locale\" content=\"fr_FR\" \/>\n<meta property=\"og:type\" content=\"article\" \/>\n<meta property=\"og:title\" content=\"Secteur de l\u2019assurance : le gouvernement d\u00e9cide de la cr\u00e9ation d\u2019une soci\u00e9t\u00e9 de r\u00e9assurance - HOREBNEWS\" \/>\n<meta property=\"og:description\" content=\"Le Pr\u00e9sident du Faso, le Capitaine Ibrahim TRAORE a pr\u00e9sid\u00e9, ce mercredi 25 septembre 2024 \u00e0 Ouagadougou, le Conseil des ministres qui a examin\u00e9 plusieurs rapports et pris d\u2019importantes d\u00e9cisions pour la bonne marche de la Nation, selon le ministre d\u2019Etat, Porte-parole du gouvernement, Jean Emmanuel OUEDRAOGO. Au titre du minist\u00e8re de l\u2019Economie et des [&hellip;]\" \/>\n<meta property=\"og:url\" content=\"https:\/\/horebnews.net\/index.php\/economie\/secteur-de-lassurance-le-gouvernement-decide-de-la-creation-dune-societe-de-reassurance\/\" \/>\n<meta property=\"og:site_name\" content=\"HOREBNEWS\" \/>\n<meta property=\"article:published_time\" content=\"2024-10-09T17:23:58+00:00\" \/>\n<meta property=\"og:image\" content=\"http:\/\/horebnews.net\/wp-content\/uploads\/2024\/10\/cm.jpg\" \/>\n\t<meta property=\"og:image:width\" content=\"1600\" \/>\n\t<meta property=\"og:image:height\" content=\"1067\" \/>\n\t<meta property=\"og:image:type\" content=\"image\/jpeg\" \/>\n<meta name=\"author\" content=\"Madeleine Damiba\" \/>\n<meta name=\"twitter:card\" content=\"summary_large_image\" \/>\n<meta name=\"twitter:label1\" content=\"\u00c9crit par\" \/>\n\t<meta name=\"twitter:data1\" content=\"Madeleine Damiba\" \/>\n\t<meta name=\"twitter:label2\" content=\"Dur\u00e9e de lecture estim\u00e9e\" \/>\n\t<meta name=\"twitter:data2\" content=\"4 minutes\" \/>\n<script type=\"application\/ld+json\" class=\"yoast-schema-graph\">{\"@context\":\"https:\/\/schema.org\",\"@graph\":[{\"@type\":\"Article\",\"@id\":\"https:\/\/horebnews.net\/index.php\/economie\/secteur-de-lassurance-le-gouvernement-decide-de-la-creation-dune-societe-de-reassurance\/#article\",\"isPartOf\":{\"@id\":\"https:\/\/horebnews.net\/index.php\/economie\/secteur-de-lassurance-le-gouvernement-decide-de-la-creation-dune-societe-de-reassurance\/\"},\"author\":{\"name\":\"Madeleine Damiba\",\"@id\":\"https:\/\/horebnews.net\/#\/schema\/person\/34f2415afa4c9d65ffbc118f5eaed57f\"},\"headline\":\"Secteur de l\u2019assurance : le gouvernement d\u00e9cide de la cr\u00e9ation d\u2019une soci\u00e9t\u00e9 de r\u00e9assurance\",\"datePublished\":\"2024-10-09T17:23:58+00:00\",\"dateModified\":\"2024-10-09T17:23:58+00:00\",\"mainEntityOfPage\":{\"@id\":\"https:\/\/horebnews.net\/index.php\/economie\/secteur-de-lassurance-le-gouvernement-decide-de-la-creation-dune-societe-de-reassurance\/\"},\"wordCount\":749,\"commentCount\":0,\"publisher\":{\"@id\":\"https:\/\/horebnews.net\/#organization\"},\"image\":{\"@id\":\"https:\/\/horebnews.net\/index.php\/economie\/secteur-de-lassurance-le-gouvernement-decide-de-la-creation-dune-societe-de-reassurance\/#primaryimage\"},\"thumbnailUrl\":\"https:\/\/horebnews.net\/wp-content\/uploads\/2024\/10\/cm.jpg\",\"articleSection\":[\"\u00c9CONOMIE\"],\"inLanguage\":\"fr-FR\",\"potentialAction\":[{\"@type\":\"CommentAction\",\"name\":\"Comment\",\"target\":[\"https:\/\/horebnews.net\/index.php\/economie\/secteur-de-lassurance-le-gouvernement-decide-de-la-creation-dune-societe-de-reassurance\/#respond\"]}]},{\"@type\":\"WebPage\",\"@id\":\"https:\/\/horebnews.net\/index.php\/economie\/secteur-de-lassurance-le-gouvernement-decide-de-la-creation-dune-societe-de-reassurance\/\",\"url\":\"https:\/\/horebnews.net\/index.php\/economie\/secteur-de-lassurance-le-gouvernement-decide-de-la-creation-dune-societe-de-reassurance\/\",\"name\":\"Secteur de l\u2019assurance : le gouvernement d\u00e9cide de la cr\u00e9ation d\u2019une soci\u00e9t\u00e9 de r\u00e9assurance - HOREBNEWS\",\"isPartOf\":{\"@id\":\"https:\/\/horebnews.net\/#website\"},\"primaryImageOfPage\":{\"@id\":\"https:\/\/horebnews.net\/index.php\/economie\/secteur-de-lassurance-le-gouvernement-decide-de-la-creation-dune-societe-de-reassurance\/#primaryimage\"},\"image\":{\"@id\":\"https:\/\/horebnews.net\/index.php\/economie\/secteur-de-lassurance-le-gouvernement-decide-de-la-creation-dune-societe-de-reassurance\/#primaryimage\"},\"thumbnailUrl\":\"https:\/\/horebnews.net\/wp-content\/uploads\/2024\/10\/cm.jpg\",\"datePublished\":\"2024-10-09T17:23:58+00:00\",\"dateModified\":\"2024-10-09T17:23:58+00:00\",\"breadcrumb\":{\"@id\":\"https:\/\/horebnews.net\/index.php\/economie\/secteur-de-lassurance-le-gouvernement-decide-de-la-creation-dune-societe-de-reassurance\/#breadcrumb\"},\"inLanguage\":\"fr-FR\",\"potentialAction\":[{\"@type\":\"ReadAction\",\"target\":[\"https:\/\/horebnews.net\/index.php\/economie\/secteur-de-lassurance-le-gouvernement-decide-de-la-creation-dune-societe-de-reassurance\/\"]}]},{\"@type\":\"ImageObject\",\"inLanguage\":\"fr-FR\",\"@id\":\"https:\/\/horebnews.net\/index.php\/economie\/secteur-de-lassurance-le-gouvernement-decide-de-la-creation-dune-societe-de-reassurance\/#primaryimage\",\"url\":\"https:\/\/horebnews.net\/wp-content\/uploads\/2024\/10\/cm.jpg\",\"contentUrl\":\"https:\/\/horebnews.net\/wp-content\/uploads\/2024\/10\/cm.jpg\",\"width\":1600,\"height\":1067},{\"@type\":\"BreadcrumbList\",\"@id\":\"https:\/\/horebnews.net\/index.php\/economie\/secteur-de-lassurance-le-gouvernement-decide-de-la-creation-dune-societe-de-reassurance\/#breadcrumb\",\"itemListElement\":[{\"@type\":\"ListItem\",\"position\":1,\"name\":\"Accueil\",\"item\":\"https:\/\/horebnews.net\/\"},{\"@type\":\"ListItem\",\"position\":2,\"name\":\"\u00c9CONOMIE\",\"item\":\"https:\/\/horebnews.net\/index.php\/category\/economie\/\"},{\"@type\":\"ListItem\",\"position\":3,\"name\":\"Secteur de l\u2019assurance : le gouvernement d\u00e9cide de la cr\u00e9ation d\u2019une soci\u00e9t\u00e9 de r\u00e9assurance\"}]},{\"@type\":\"WebSite\",\"@id\":\"https:\/\/horebnews.net\/#website\",\"url\":\"https:\/\/horebnews.net\/\",\"name\":\"HOREBNEWS\",\"description\":\"La vraie info\",\"publisher\":{\"@id\":\"https:\/\/horebnews.net\/#organization\"},\"potentialAction\":[{\"@type\":\"SearchAction\",\"target\":{\"@type\":\"EntryPoint\",\"urlTemplate\":\"https:\/\/horebnews.net\/?s={search_term_string}\"},\"query-input\":\"required name=search_term_string\"}],\"inLanguage\":\"fr-FR\"},{\"@type\":\"Organization\",\"@id\":\"https:\/\/horebnews.net\/#organization\",\"name\":\"HOREBNEWS\",\"url\":\"https:\/\/horebnews.net\/\",\"logo\":{\"@type\":\"ImageObject\",\"inLanguage\":\"fr-FR\",\"@id\":\"https:\/\/horebnews.net\/#\/schema\/logo\/image\/\",\"url\":\"http:\/\/horebnews.net\/wp-content\/uploads\/2024\/06\/Image-collee-7.png\",\"contentUrl\":\"http:\/\/horebnews.net\/wp-content\/uploads\/2024\/06\/Image-collee-7.png\",\"width\":399,\"height\":113,\"caption\":\"HOREBNEWS\"},\"image\":{\"@id\":\"https:\/\/horebnews.net\/#\/schema\/logo\/image\/\"}},{\"@type\":\"Person\",\"@id\":\"https:\/\/horebnews.net\/#\/schema\/person\/34f2415afa4c9d65ffbc118f5eaed57f\",\"name\":\"Madeleine Damiba\",\"image\":{\"@type\":\"ImageObject\",\"inLanguage\":\"fr-FR\",\"@id\":\"https:\/\/horebnews.net\/#\/schema\/person\/image\/\",\"url\":\"https:\/\/secure.gravatar.com\/avatar\/7a94eb61bd560caa59e5462e4a3ca555?s=96&d=mm&r=g\",\"contentUrl\":\"https:\/\/secure.gravatar.com\/avatar\/7a94eb61bd560caa59e5462e4a3ca555?s=96&d=mm&r=g\",\"caption\":\"Madeleine Damiba\"},\"url\":\"https:\/\/horebnews.net\/index.php\/author\/madeleine-damiba\/\"}]}<\/script>\n<!-- \/ Yoast SEO plugin. -->","yoast_head_json":{"title":"Secteur de l\u2019assurance : le gouvernement d\u00e9cide de la cr\u00e9ation d\u2019une soci\u00e9t\u00e9 de r\u00e9assurance - HOREBNEWS","robots":{"index":"index","follow":"follow","max-snippet":"max-snippet:-1","max-image-preview":"max-image-preview:large","max-video-preview":"max-video-preview:-1"},"canonical":"https:\/\/horebnews.net\/index.php\/economie\/secteur-de-lassurance-le-gouvernement-decide-de-la-creation-dune-societe-de-reassurance\/","og_locale":"fr_FR","og_type":"article","og_title":"Secteur de l\u2019assurance : le gouvernement d\u00e9cide de la cr\u00e9ation d\u2019une soci\u00e9t\u00e9 de r\u00e9assurance - HOREBNEWS","og_description":"Le Pr\u00e9sident du Faso, le Capitaine Ibrahim TRAORE a pr\u00e9sid\u00e9, ce mercredi 25 septembre 2024 \u00e0 Ouagadougou, le Conseil des ministres qui a examin\u00e9 plusieurs rapports et pris d\u2019importantes d\u00e9cisions pour la bonne marche de la Nation, selon le ministre d\u2019Etat, Porte-parole du gouvernement, Jean Emmanuel OUEDRAOGO. Au titre du minist\u00e8re de l\u2019Economie et des [&hellip;]","og_url":"https:\/\/horebnews.net\/index.php\/economie\/secteur-de-lassurance-le-gouvernement-decide-de-la-creation-dune-societe-de-reassurance\/","og_site_name":"HOREBNEWS","article_published_time":"2024-10-09T17:23:58+00:00","og_image":[{"width":1600,"height":1067,"url":"http:\/\/horebnews.net\/wp-content\/uploads\/2024\/10\/cm.jpg","type":"image\/jpeg"}],"author":"Madeleine Damiba","twitter_card":"summary_large_image","twitter_misc":{"\u00c9crit par":"Madeleine Damiba","Dur\u00e9e de lecture estim\u00e9e":"4 minutes"},"schema":{"@context":"https:\/\/schema.org","@graph":[{"@type":"Article","@id":"https:\/\/horebnews.net\/index.php\/economie\/secteur-de-lassurance-le-gouvernement-decide-de-la-creation-dune-societe-de-reassurance\/#article","isPartOf":{"@id":"https:\/\/horebnews.net\/index.php\/economie\/secteur-de-lassurance-le-gouvernement-decide-de-la-creation-dune-societe-de-reassurance\/"},"author":{"name":"Madeleine Damiba","@id":"https:\/\/horebnews.net\/#\/schema\/person\/34f2415afa4c9d65ffbc118f5eaed57f"},"headline":"Secteur de l\u2019assurance : le gouvernement d\u00e9cide de la cr\u00e9ation d\u2019une soci\u00e9t\u00e9 de r\u00e9assurance","datePublished":"2024-10-09T17:23:58+00:00","dateModified":"2024-10-09T17:23:58+00:00","mainEntityOfPage":{"@id":"https:\/\/horebnews.net\/index.php\/economie\/secteur-de-lassurance-le-gouvernement-decide-de-la-creation-dune-societe-de-reassurance\/"},"wordCount":749,"commentCount":0,"publisher":{"@id":"https:\/\/horebnews.net\/#organization"},"image":{"@id":"https:\/\/horebnews.net\/index.php\/economie\/secteur-de-lassurance-le-gouvernement-decide-de-la-creation-dune-societe-de-reassurance\/#primaryimage"},"thumbnailUrl":"https:\/\/horebnews.net\/wp-content\/uploads\/2024\/10\/cm.jpg","articleSection":["\u00c9CONOMIE"],"inLanguage":"fr-FR","potentialAction":[{"@type":"CommentAction","name":"Comment","target":["https:\/\/horebnews.net\/index.php\/economie\/secteur-de-lassurance-le-gouvernement-decide-de-la-creation-dune-societe-de-reassurance\/#respond"]}]},{"@type":"WebPage","@id":"https:\/\/horebnews.net\/index.php\/economie\/secteur-de-lassurance-le-gouvernement-decide-de-la-creation-dune-societe-de-reassurance\/","url":"https:\/\/horebnews.net\/index.php\/economie\/secteur-de-lassurance-le-gouvernement-decide-de-la-creation-dune-societe-de-reassurance\/","name":"Secteur de l\u2019assurance : le gouvernement d\u00e9cide de la cr\u00e9ation d\u2019une soci\u00e9t\u00e9 de r\u00e9assurance - HOREBNEWS","isPartOf":{"@id":"https:\/\/horebnews.net\/#website"},"primaryImageOfPage":{"@id":"https:\/\/horebnews.net\/index.php\/economie\/secteur-de-lassurance-le-gouvernement-decide-de-la-creation-dune-societe-de-reassurance\/#primaryimage"},"image":{"@id":"https:\/\/horebnews.net\/index.php\/economie\/secteur-de-lassurance-le-gouvernement-decide-de-la-creation-dune-societe-de-reassurance\/#primaryimage"},"thumbnailUrl":"https:\/\/horebnews.net\/wp-content\/uploads\/2024\/10\/cm.jpg","datePublished":"2024-10-09T17:23:58+00:00","dateModified":"2024-10-09T17:23:58+00:00","breadcrumb":{"@id":"https:\/\/horebnews.net\/index.php\/economie\/secteur-de-lassurance-le-gouvernement-decide-de-la-creation-dune-societe-de-reassurance\/#breadcrumb"},"inLanguage":"fr-FR","potentialAction":[{"@type":"ReadAction","target":["https:\/\/horebnews.net\/index.php\/economie\/secteur-de-lassurance-le-gouvernement-decide-de-la-creation-dune-societe-de-reassurance\/"]}]},{"@type":"ImageObject","inLanguage":"fr-FR","@id":"https:\/\/horebnews.net\/index.php\/economie\/secteur-de-lassurance-le-gouvernement-decide-de-la-creation-dune-societe-de-reassurance\/#primaryimage","url":"https:\/\/horebnews.net\/wp-content\/uploads\/2024\/10\/cm.jpg","contentUrl":"https:\/\/horebnews.net\/wp-content\/uploads\/2024\/10\/cm.jpg","width":1600,"height":1067},{"@type":"BreadcrumbList","@id":"https:\/\/horebnews.net\/index.php\/economie\/secteur-de-lassurance-le-gouvernement-decide-de-la-creation-dune-societe-de-reassurance\/#breadcrumb","itemListElement":[{"@type":"ListItem","position":1,"name":"Accueil","item":"https:\/\/horebnews.net\/"},{"@type":"ListItem","position":2,"name":"\u00c9CONOMIE","item":"https:\/\/horebnews.net\/index.php\/category\/economie\/"},{"@type":"ListItem","position":3,"name":"Secteur de l\u2019assurance : le gouvernement d\u00e9cide de la cr\u00e9ation d\u2019une soci\u00e9t\u00e9 de r\u00e9assurance"}]},{"@type":"WebSite","@id":"https:\/\/horebnews.net\/#website","url":"https:\/\/horebnews.net\/","name":"HOREBNEWS","description":"La vraie info","publisher":{"@id":"https:\/\/horebnews.net\/#organization"},"potentialAction":[{"@type":"SearchAction","target":{"@type":"EntryPoint","urlTemplate":"https:\/\/horebnews.net\/?s={search_term_string}"},"query-input":"required name=search_term_string"}],"inLanguage":"fr-FR"},{"@type":"Organization","@id":"https:\/\/horebnews.net\/#organization","name":"HOREBNEWS","url":"https:\/\/horebnews.net\/","logo":{"@type":"ImageObject","inLanguage":"fr-FR","@id":"https:\/\/horebnews.net\/#\/schema\/logo\/image\/","url":"http:\/\/horebnews.net\/wp-content\/uploads\/2024\/06\/Image-collee-7.png","contentUrl":"http:\/\/horebnews.net\/wp-content\/uploads\/2024\/06\/Image-collee-7.png","width":399,"height":113,"caption":"HOREBNEWS"},"image":{"@id":"https:\/\/horebnews.net\/#\/schema\/logo\/image\/"}},{"@type":"Person","@id":"https:\/\/horebnews.net\/#\/schema\/person\/34f2415afa4c9d65ffbc118f5eaed57f","name":"Madeleine Damiba","image":{"@type":"ImageObject","inLanguage":"fr-FR","@id":"https:\/\/horebnews.net\/#\/schema\/person\/image\/","url":"https:\/\/secure.gravatar.com\/avatar\/7a94eb61bd560caa59e5462e4a3ca555?s=96&d=mm&r=g","contentUrl":"https:\/\/secure.gravatar.com\/avatar\/7a94eb61bd560caa59e5462e4a3ca555?s=96&d=mm&r=g","caption":"Madeleine Damiba"},"url":"https:\/\/horebnews.net\/index.php\/author\/madeleine-damiba\/"}]}},"wpmagazine_modules_lite_featured_media_urls":{"thumbnail":["https:\/\/horebnews.net\/wp-content\/uploads\/2024\/10\/cm-150x150.jpg",150,150,true],"cvmm-medium":["https:\/\/horebnews.net\/wp-content\/uploads\/2024\/10\/cm-300x300.jpg",300,300,true],"cvmm-medium-plus":["https:\/\/horebnews.net\/wp-content\/uploads\/2024\/10\/cm-305x207.jpg",305,207,true],"cvmm-portrait":["https:\/\/horebnews.net\/wp-content\/uploads\/2024\/10\/cm-400x600.jpg",400,600,true],"cvmm-medium-square":["https:\/\/horebnews.net\/wp-content\/uploads\/2024\/10\/cm-600x600.jpg",600,600,true],"cvmm-large":["https:\/\/horebnews.net\/wp-content\/uploads\/2024\/10\/cm-1024x1024.jpg",1024,1024,true],"cvmm-small":["https:\/\/horebnews.net\/wp-content\/uploads\/2024\/10\/cm-130x95.jpg",130,95,true],"full":["https:\/\/horebnews.net\/wp-content\/uploads\/2024\/10\/cm.jpg",1600,1067,false]},"categories_names":{"2":{"name":"\u00c9CONOMIE","link":"https:\/\/horebnews.net\/index.php\/category\/economie\/"}},"tags_names":[],"comments_number":"0","_links":{"self":[{"href":"https:\/\/horebnews.net\/index.php\/wp-json\/wp\/v2\/posts\/1257"}],"collection":[{"href":"https:\/\/horebnews.net\/index.php\/wp-json\/wp\/v2\/posts"}],"about":[{"href":"https:\/\/horebnews.net\/index.php\/wp-json\/wp\/v2\/types\/post"}],"author":[{"embeddable":true,"href":"https:\/\/horebnews.net\/index.php\/wp-json\/wp\/v2\/users\/2"}],"replies":[{"embeddable":true,"href":"https:\/\/horebnews.net\/index.php\/wp-json\/wp\/v2\/comments?post=1257"}],"version-history":[{"count":1,"href":"https:\/\/horebnews.net\/index.php\/wp-json\/wp\/v2\/posts\/1257\/revisions"}],"predecessor-version":[{"id":1261,"href":"https:\/\/horebnews.net\/index.php\/wp-json\/wp\/v2\/posts\/1257\/revisions\/1261"}],"wp:featuredmedia":[{"embeddable":true,"href":"https:\/\/horebnews.net\/index.php\/wp-json\/wp\/v2\/media\/1260"}],"wp:attachment":[{"href":"https:\/\/horebnews.net\/index.php\/wp-json\/wp\/v2\/media?parent=1257"}],"wp:term":[{"taxonomy":"category","embeddable":true,"href":"https:\/\/horebnews.net\/index.php\/wp-json\/wp\/v2\/categories?post=1257"},{"taxonomy":"post_tag","embeddable":true,"href":"https:\/\/horebnews.net\/index.php\/wp-json\/wp\/v2\/tags?post=1257"}],"curies":[{"name":"wp","href":"https:\/\/api.w.org\/{rel}","templated":true}]}}