{"id":1006,"date":"2024-07-04T17:27:36","date_gmt":"2024-07-04T15:27:36","guid":{"rendered":"https:\/\/horebnews.net\/?p=1006"},"modified":"2024-07-04T17:27:36","modified_gmt":"2024-07-04T15:27:36","slug":"conseil-des-ministres-le-gouvernement-dissout-lunite-speciale-dintervention-des-eaux-et-forets","status":"publish","type":"post","link":"https:\/\/horebnews.net\/index.php\/politique\/conseil-des-ministres-le-gouvernement-dissout-lunite-speciale-dintervention-des-eaux-et-forets\/","title":{"rendered":"Conseil des ministres : le gouvernement dissout l\u2019Unit\u00e9 sp\u00e9ciale d\u2019intervention des Eaux et for\u00eats"},"content":{"rendered":"<p><strong>Le Pr\u00e9sident de la Transition, Chef de l\u2019Etat, le Capitaine Ibrahim TRAORE a pr\u00e9sid\u00e9 ce mercredi 28 f\u00e9vrier 2024, le Conseil des ministres qui a examin\u00e9 et adopt\u00e9 des dossiers importants au titre de plusieurs d\u00e9partements minist\u00e9riels, selon le ministre d\u2019Etat, Porte-parole du gouvernement, Jean Emmanuel OUEDRAOGO.<\/strong><\/p>\n<p>Au titre du minist\u00e8re de la Fonction publique, du Travail et de la Protection sociale, le Conseil a adopt\u00e9 un d\u00e9cret portant d\u00e9termination des conditions et des modalit\u00e9s de r\u00e9partition et de pr\u00e9l\u00e8vement de la cotisation ainsi que les d\u00e9lais de son versement \u00e0 la Caisse nationale d\u2019assurance maladie universelle. Pour le ministre d\u2019Etat Bassolma BAZIE, ce d\u00e9cret permettra \u00e0 toutes les couches sociales de notre pays d\u2019\u00eatre prises en compte et surtout de faire face, de fa\u00e7on efficace \u00e0 la question sanitaire.<\/p>\n<p>\u00ab Ce n\u2019est pas au d\u00e9part, une obligation pour les populations dans la mesure o\u00f9 il faudra enregistrer les acteurs qui sont concern\u00e9s. Si vous ne vous \u00eates pas fait enregistrer, pour le moment, vous n\u2019\u00eates pas concern\u00e9s par la situation. L\u2019autre \u00e9l\u00e9ment, c\u2019est la temporalit\u00e9 de la mise en \u0153uvre qui va se faire sur une p\u00e9riode d\u2019essai \u00bb, a soutenu M. BAZIE. Il a invit\u00e9 l\u2019ensemble des acteurs du priv\u00e9, du secteur informel et du public, \u00e0 s\u2019engager afin que leur sant\u00e9 soit prise en charge de fa\u00e7on ad\u00e9quate.<\/p>\n<p>Au titre du minist\u00e8re de l\u2019Environnement, de l\u2019Eau et de l\u2019Assainissement, une communication orale a \u00e9t\u00e9 faite au Conseil sur la dissolution de l\u2019Unit\u00e9 sp\u00e9ciale d\u2019intervention des Eaux et for\u00eats \u00e0 la suite d\u2019un mouvement d\u2019humeur d\u2019une partie de l\u2019unit\u00e9, le 21 f\u00e9vrier dernier \u00e0 la Direction g\u00e9n\u00e9rale des Eaux et for\u00eats.<\/p>\n<p>\u00ab Cette unit\u00e9 a \u00e9t\u00e9 mandat\u00e9e pour une op\u00e9ration de s\u00e9curisation dans la r\u00e9gion des Hauts-Bassins. Des instructions ont \u00e9t\u00e9 donn\u00e9es pour qu\u2019elle replie sur un autre site dans le Centre-ouest. L\u2019unit\u00e9 a oppos\u00e9 une fin de non-recevoir. Elle a donc \u00e9t\u00e9 somm\u00e9e de regagner Ouagadougou. Une fois dans la capitale, elle a pris en otage, le Directeur g\u00e9n\u00e9ral des Eaux et for\u00eats en emp\u00eachant toute sortie. Apr\u00e8s moults tractations, l\u2019unit\u00e9 a \u00e9t\u00e9 d\u00e9sarm\u00e9e \u00bb, a expliqu\u00e9 le ministre Roger BARO.<\/p>\n<p>Pour lui, les faits constat\u00e9s sont tr\u00e8s graves et inadmissibles selon le r\u00e8glement de discipline g\u00e9n\u00e9rale des Eaux et for\u00eats. Le Conseil a donc d\u00e9cid\u00e9 de la dissolution de l\u2019Unit\u00e9. Les 165 \u00e9l\u00e9ments qui sont rentr\u00e9s en mouvement, a dit M. BARO, seront sanctionn\u00e9s conform\u00e9ment aux textes.<\/p>\n<p>En rappel, l\u2019unit\u00e9 sp\u00e9ciale d\u2019intervention des Eaux et for\u00eats a \u00e9t\u00e9 mise en place en 2023, puis rendue op\u00e9rationnelle \u00e0 partir du deuxi\u00e8me semestre de la m\u00eame ann\u00e9e avec un effectif de 250 hommes.<\/p>\n<p><strong>Direction de la Communication de la Pr\u00e9sidence du Faso<\/strong><\/p>\n","protected":false},"excerpt":{"rendered":"<p>Le Pr\u00e9sident de la Transition, Chef de l\u2019Etat, le Capitaine Ibrahim TRAORE a pr\u00e9sid\u00e9 ce mercredi 28 f\u00e9vrier 2024, le Conseil des ministres qui a examin\u00e9 et adopt\u00e9 des dossiers importants au titre de plusieurs d\u00e9partements minist\u00e9riels, selon le ministre d\u2019Etat, Porte-parole du gouvernement, Jean Emmanuel OUEDRAOGO. Au titre du minist\u00e8re de la Fonction publique, [&hellip;]<\/p>\n","protected":false},"author":2,"featured_media":1007,"comment_status":"open","ping_status":"open","sticky":false,"template":"","format":"standard","meta":{"footnotes":""},"categories":[9],"tags":[],"yoast_head":"<!-- This site is optimized with the Yoast SEO plugin v22.9 - https:\/\/yoast.com\/wordpress\/plugins\/seo\/ -->\n<title>Conseil des ministres : le gouvernement dissout l\u2019Unit\u00e9 sp\u00e9ciale d\u2019intervention des Eaux et for\u00eats - HOREBNEWS<\/title>\n<meta name=\"robots\" content=\"index, follow, max-snippet:-1, max-image-preview:large, max-video-preview:-1\" \/>\n<link rel=\"canonical\" href=\"https:\/\/horebnews.net\/index.php\/politique\/conseil-des-ministres-le-gouvernement-dissout-lunite-speciale-dintervention-des-eaux-et-forets\/\" \/>\n<meta property=\"og:locale\" content=\"fr_FR\" \/>\n<meta property=\"og:type\" content=\"article\" \/>\n<meta property=\"og:title\" content=\"Conseil des ministres : le gouvernement dissout l\u2019Unit\u00e9 sp\u00e9ciale d\u2019intervention des Eaux et for\u00eats - HOREBNEWS\" \/>\n<meta property=\"og:description\" content=\"Le Pr\u00e9sident de la Transition, Chef de l\u2019Etat, le Capitaine Ibrahim TRAORE a pr\u00e9sid\u00e9 ce mercredi 28 f\u00e9vrier 2024, le Conseil des ministres qui a examin\u00e9 et adopt\u00e9 des dossiers importants au titre de plusieurs d\u00e9partements minist\u00e9riels, selon le ministre d\u2019Etat, Porte-parole du gouvernement, Jean Emmanuel OUEDRAOGO. Au titre du minist\u00e8re de la Fonction publique, [&hellip;]\" \/>\n<meta property=\"og:url\" content=\"https:\/\/horebnews.net\/index.php\/politique\/conseil-des-ministres-le-gouvernement-dissout-lunite-speciale-dintervention-des-eaux-et-forets\/\" \/>\n<meta property=\"og:site_name\" content=\"HOREBNEWS\" \/>\n<meta property=\"article:published_time\" content=\"2024-07-04T15:27:36+00:00\" \/>\n<meta property=\"og:image\" content=\"http:\/\/horebnews.net\/wp-content\/uploads\/2024\/07\/880a9784.jpg\" \/>\n\t<meta property=\"og:image:width\" content=\"1096\" \/>\n\t<meta property=\"og:image:height\" content=\"640\" \/>\n\t<meta property=\"og:image:type\" content=\"image\/jpeg\" \/>\n<meta name=\"author\" content=\"Madeleine Damiba\" \/>\n<meta name=\"twitter:card\" content=\"summary_large_image\" \/>\n<meta name=\"twitter:label1\" content=\"\u00c9crit par\" \/>\n\t<meta name=\"twitter:data1\" content=\"Madeleine Damiba\" \/>\n\t<meta name=\"twitter:label2\" content=\"Dur\u00e9e de lecture estim\u00e9e\" \/>\n\t<meta name=\"twitter:data2\" content=\"3 minutes\" \/>\n<script type=\"application\/ld+json\" class=\"yoast-schema-graph\">{\"@context\":\"https:\/\/schema.org\",\"@graph\":[{\"@type\":\"Article\",\"@id\":\"https:\/\/horebnews.net\/index.php\/politique\/conseil-des-ministres-le-gouvernement-dissout-lunite-speciale-dintervention-des-eaux-et-forets\/#article\",\"isPartOf\":{\"@id\":\"https:\/\/horebnews.net\/index.php\/politique\/conseil-des-ministres-le-gouvernement-dissout-lunite-speciale-dintervention-des-eaux-et-forets\/\"},\"author\":{\"name\":\"Madeleine Damiba\",\"@id\":\"https:\/\/horebnews.net\/#\/schema\/person\/34f2415afa4c9d65ffbc118f5eaed57f\"},\"headline\":\"Conseil des ministres : le gouvernement dissout l\u2019Unit\u00e9 sp\u00e9ciale d\u2019intervention des Eaux et for\u00eats\",\"datePublished\":\"2024-07-04T15:27:36+00:00\",\"dateModified\":\"2024-07-04T15:27:36+00:00\",\"mainEntityOfPage\":{\"@id\":\"https:\/\/horebnews.net\/index.php\/politique\/conseil-des-ministres-le-gouvernement-dissout-lunite-speciale-dintervention-des-eaux-et-forets\/\"},\"wordCount\":531,\"commentCount\":0,\"publisher\":{\"@id\":\"https:\/\/horebnews.net\/#organization\"},\"image\":{\"@id\":\"https:\/\/horebnews.net\/index.php\/politique\/conseil-des-ministres-le-gouvernement-dissout-lunite-speciale-dintervention-des-eaux-et-forets\/#primaryimage\"},\"thumbnailUrl\":\"https:\/\/horebnews.net\/wp-content\/uploads\/2024\/07\/880a9784.jpg\",\"articleSection\":[\"POLITIQUE\"],\"inLanguage\":\"fr-FR\",\"potentialAction\":[{\"@type\":\"CommentAction\",\"name\":\"Comment\",\"target\":[\"https:\/\/horebnews.net\/index.php\/politique\/conseil-des-ministres-le-gouvernement-dissout-lunite-speciale-dintervention-des-eaux-et-forets\/#respond\"]}]},{\"@type\":\"WebPage\",\"@id\":\"https:\/\/horebnews.net\/index.php\/politique\/conseil-des-ministres-le-gouvernement-dissout-lunite-speciale-dintervention-des-eaux-et-forets\/\",\"url\":\"https:\/\/horebnews.net\/index.php\/politique\/conseil-des-ministres-le-gouvernement-dissout-lunite-speciale-dintervention-des-eaux-et-forets\/\",\"name\":\"Conseil des ministres : le gouvernement dissout l\u2019Unit\u00e9 sp\u00e9ciale d\u2019intervention des Eaux et for\u00eats - HOREBNEWS\",\"isPartOf\":{\"@id\":\"https:\/\/horebnews.net\/#website\"},\"primaryImageOfPage\":{\"@id\":\"https:\/\/horebnews.net\/index.php\/politique\/conseil-des-ministres-le-gouvernement-dissout-lunite-speciale-dintervention-des-eaux-et-forets\/#primaryimage\"},\"image\":{\"@id\":\"https:\/\/horebnews.net\/index.php\/politique\/conseil-des-ministres-le-gouvernement-dissout-lunite-speciale-dintervention-des-eaux-et-forets\/#primaryimage\"},\"thumbnailUrl\":\"https:\/\/horebnews.net\/wp-content\/uploads\/2024\/07\/880a9784.jpg\",\"datePublished\":\"2024-07-04T15:27:36+00:00\",\"dateModified\":\"2024-07-04T15:27:36+00:00\",\"breadcrumb\":{\"@id\":\"https:\/\/horebnews.net\/index.php\/politique\/conseil-des-ministres-le-gouvernement-dissout-lunite-speciale-dintervention-des-eaux-et-forets\/#breadcrumb\"},\"inLanguage\":\"fr-FR\",\"potentialAction\":[{\"@type\":\"ReadAction\",\"target\":[\"https:\/\/horebnews.net\/index.php\/politique\/conseil-des-ministres-le-gouvernement-dissout-lunite-speciale-dintervention-des-eaux-et-forets\/\"]}]},{\"@type\":\"ImageObject\",\"inLanguage\":\"fr-FR\",\"@id\":\"https:\/\/horebnews.net\/index.php\/politique\/conseil-des-ministres-le-gouvernement-dissout-lunite-speciale-dintervention-des-eaux-et-forets\/#primaryimage\",\"url\":\"https:\/\/horebnews.net\/wp-content\/uploads\/2024\/07\/880a9784.jpg\",\"contentUrl\":\"https:\/\/horebnews.net\/wp-content\/uploads\/2024\/07\/880a9784.jpg\",\"width\":1096,\"height\":640},{\"@type\":\"BreadcrumbList\",\"@id\":\"https:\/\/horebnews.net\/index.php\/politique\/conseil-des-ministres-le-gouvernement-dissout-lunite-speciale-dintervention-des-eaux-et-forets\/#breadcrumb\",\"itemListElement\":[{\"@type\":\"ListItem\",\"position\":1,\"name\":\"Accueil\",\"item\":\"https:\/\/horebnews.net\/\"},{\"@type\":\"ListItem\",\"position\":2,\"name\":\"POLITIQUE\",\"item\":\"https:\/\/horebnews.net\/index.php\/category\/politique\/\"},{\"@type\":\"ListItem\",\"position\":3,\"name\":\"Conseil des ministres : le gouvernement dissout l\u2019Unit\u00e9 sp\u00e9ciale d\u2019intervention des Eaux et for\u00eats\"}]},{\"@type\":\"WebSite\",\"@id\":\"https:\/\/horebnews.net\/#website\",\"url\":\"https:\/\/horebnews.net\/\",\"name\":\"HOREBNEWS\",\"description\":\"La vraie info\",\"publisher\":{\"@id\":\"https:\/\/horebnews.net\/#organization\"},\"potentialAction\":[{\"@type\":\"SearchAction\",\"target\":{\"@type\":\"EntryPoint\",\"urlTemplate\":\"https:\/\/horebnews.net\/?s={search_term_string}\"},\"query-input\":\"required name=search_term_string\"}],\"inLanguage\":\"fr-FR\"},{\"@type\":\"Organization\",\"@id\":\"https:\/\/horebnews.net\/#organization\",\"name\":\"HOREBNEWS\",\"url\":\"https:\/\/horebnews.net\/\",\"logo\":{\"@type\":\"ImageObject\",\"inLanguage\":\"fr-FR\",\"@id\":\"https:\/\/horebnews.net\/#\/schema\/logo\/image\/\",\"url\":\"http:\/\/horebnews.net\/wp-content\/uploads\/2024\/06\/Image-collee-7.png\",\"contentUrl\":\"http:\/\/horebnews.net\/wp-content\/uploads\/2024\/06\/Image-collee-7.png\",\"width\":399,\"height\":113,\"caption\":\"HOREBNEWS\"},\"image\":{\"@id\":\"https:\/\/horebnews.net\/#\/schema\/logo\/image\/\"}},{\"@type\":\"Person\",\"@id\":\"https:\/\/horebnews.net\/#\/schema\/person\/34f2415afa4c9d65ffbc118f5eaed57f\",\"name\":\"Madeleine Damiba\",\"image\":{\"@type\":\"ImageObject\",\"inLanguage\":\"fr-FR\",\"@id\":\"https:\/\/horebnews.net\/#\/schema\/person\/image\/\",\"url\":\"https:\/\/secure.gravatar.com\/avatar\/7a94eb61bd560caa59e5462e4a3ca555?s=96&d=mm&r=g\",\"contentUrl\":\"https:\/\/secure.gravatar.com\/avatar\/7a94eb61bd560caa59e5462e4a3ca555?s=96&d=mm&r=g\",\"caption\":\"Madeleine Damiba\"},\"url\":\"https:\/\/horebnews.net\/index.php\/author\/madeleine-damiba\/\"}]}<\/script>\n<!-- \/ Yoast SEO plugin. -->","yoast_head_json":{"title":"Conseil des ministres : le gouvernement dissout l\u2019Unit\u00e9 sp\u00e9ciale d\u2019intervention des Eaux et for\u00eats - HOREBNEWS","robots":{"index":"index","follow":"follow","max-snippet":"max-snippet:-1","max-image-preview":"max-image-preview:large","max-video-preview":"max-video-preview:-1"},"canonical":"https:\/\/horebnews.net\/index.php\/politique\/conseil-des-ministres-le-gouvernement-dissout-lunite-speciale-dintervention-des-eaux-et-forets\/","og_locale":"fr_FR","og_type":"article","og_title":"Conseil des ministres : le gouvernement dissout l\u2019Unit\u00e9 sp\u00e9ciale d\u2019intervention des Eaux et for\u00eats - HOREBNEWS","og_description":"Le Pr\u00e9sident de la Transition, Chef de l\u2019Etat, le Capitaine Ibrahim TRAORE a pr\u00e9sid\u00e9 ce mercredi 28 f\u00e9vrier 2024, le Conseil des ministres qui a examin\u00e9 et adopt\u00e9 des dossiers importants au titre de plusieurs d\u00e9partements minist\u00e9riels, selon le ministre d\u2019Etat, Porte-parole du gouvernement, Jean Emmanuel OUEDRAOGO. Au titre du minist\u00e8re de la Fonction publique, [&hellip;]","og_url":"https:\/\/horebnews.net\/index.php\/politique\/conseil-des-ministres-le-gouvernement-dissout-lunite-speciale-dintervention-des-eaux-et-forets\/","og_site_name":"HOREBNEWS","article_published_time":"2024-07-04T15:27:36+00:00","og_image":[{"width":1096,"height":640,"url":"http:\/\/horebnews.net\/wp-content\/uploads\/2024\/07\/880a9784.jpg","type":"image\/jpeg"}],"author":"Madeleine Damiba","twitter_card":"summary_large_image","twitter_misc":{"\u00c9crit par":"Madeleine Damiba","Dur\u00e9e de lecture estim\u00e9e":"3 minutes"},"schema":{"@context":"https:\/\/schema.org","@graph":[{"@type":"Article","@id":"https:\/\/horebnews.net\/index.php\/politique\/conseil-des-ministres-le-gouvernement-dissout-lunite-speciale-dintervention-des-eaux-et-forets\/#article","isPartOf":{"@id":"https:\/\/horebnews.net\/index.php\/politique\/conseil-des-ministres-le-gouvernement-dissout-lunite-speciale-dintervention-des-eaux-et-forets\/"},"author":{"name":"Madeleine Damiba","@id":"https:\/\/horebnews.net\/#\/schema\/person\/34f2415afa4c9d65ffbc118f5eaed57f"},"headline":"Conseil des ministres : le gouvernement dissout l\u2019Unit\u00e9 sp\u00e9ciale d\u2019intervention des Eaux et for\u00eats","datePublished":"2024-07-04T15:27:36+00:00","dateModified":"2024-07-04T15:27:36+00:00","mainEntityOfPage":{"@id":"https:\/\/horebnews.net\/index.php\/politique\/conseil-des-ministres-le-gouvernement-dissout-lunite-speciale-dintervention-des-eaux-et-forets\/"},"wordCount":531,"commentCount":0,"publisher":{"@id":"https:\/\/horebnews.net\/#organization"},"image":{"@id":"https:\/\/horebnews.net\/index.php\/politique\/conseil-des-ministres-le-gouvernement-dissout-lunite-speciale-dintervention-des-eaux-et-forets\/#primaryimage"},"thumbnailUrl":"https:\/\/horebnews.net\/wp-content\/uploads\/2024\/07\/880a9784.jpg","articleSection":["POLITIQUE"],"inLanguage":"fr-FR","potentialAction":[{"@type":"CommentAction","name":"Comment","target":["https:\/\/horebnews.net\/index.php\/politique\/conseil-des-ministres-le-gouvernement-dissout-lunite-speciale-dintervention-des-eaux-et-forets\/#respond"]}]},{"@type":"WebPage","@id":"https:\/\/horebnews.net\/index.php\/politique\/conseil-des-ministres-le-gouvernement-dissout-lunite-speciale-dintervention-des-eaux-et-forets\/","url":"https:\/\/horebnews.net\/index.php\/politique\/conseil-des-ministres-le-gouvernement-dissout-lunite-speciale-dintervention-des-eaux-et-forets\/","name":"Conseil des ministres : le gouvernement dissout l\u2019Unit\u00e9 sp\u00e9ciale d\u2019intervention des Eaux et for\u00eats - HOREBNEWS","isPartOf":{"@id":"https:\/\/horebnews.net\/#website"},"primaryImageOfPage":{"@id":"https:\/\/horebnews.net\/index.php\/politique\/conseil-des-ministres-le-gouvernement-dissout-lunite-speciale-dintervention-des-eaux-et-forets\/#primaryimage"},"image":{"@id":"https:\/\/horebnews.net\/index.php\/politique\/conseil-des-ministres-le-gouvernement-dissout-lunite-speciale-dintervention-des-eaux-et-forets\/#primaryimage"},"thumbnailUrl":"https:\/\/horebnews.net\/wp-content\/uploads\/2024\/07\/880a9784.jpg","datePublished":"2024-07-04T15:27:36+00:00","dateModified":"2024-07-04T15:27:36+00:00","breadcrumb":{"@id":"https:\/\/horebnews.net\/index.php\/politique\/conseil-des-ministres-le-gouvernement-dissout-lunite-speciale-dintervention-des-eaux-et-forets\/#breadcrumb"},"inLanguage":"fr-FR","potentialAction":[{"@type":"ReadAction","target":["https:\/\/horebnews.net\/index.php\/politique\/conseil-des-ministres-le-gouvernement-dissout-lunite-speciale-dintervention-des-eaux-et-forets\/"]}]},{"@type":"ImageObject","inLanguage":"fr-FR","@id":"https:\/\/horebnews.net\/index.php\/politique\/conseil-des-ministres-le-gouvernement-dissout-lunite-speciale-dintervention-des-eaux-et-forets\/#primaryimage","url":"https:\/\/horebnews.net\/wp-content\/uploads\/2024\/07\/880a9784.jpg","contentUrl":"https:\/\/horebnews.net\/wp-content\/uploads\/2024\/07\/880a9784.jpg","width":1096,"height":640},{"@type":"BreadcrumbList","@id":"https:\/\/horebnews.net\/index.php\/politique\/conseil-des-ministres-le-gouvernement-dissout-lunite-speciale-dintervention-des-eaux-et-forets\/#breadcrumb","itemListElement":[{"@type":"ListItem","position":1,"name":"Accueil","item":"https:\/\/horebnews.net\/"},{"@type":"ListItem","position":2,"name":"POLITIQUE","item":"https:\/\/horebnews.net\/index.php\/category\/politique\/"},{"@type":"ListItem","position":3,"name":"Conseil des ministres : le gouvernement dissout l\u2019Unit\u00e9 sp\u00e9ciale d\u2019intervention des Eaux et for\u00eats"}]},{"@type":"WebSite","@id":"https:\/\/horebnews.net\/#website","url":"https:\/\/horebnews.net\/","name":"HOREBNEWS","description":"La vraie info","publisher":{"@id":"https:\/\/horebnews.net\/#organization"},"potentialAction":[{"@type":"SearchAction","target":{"@type":"EntryPoint","urlTemplate":"https:\/\/horebnews.net\/?s={search_term_string}"},"query-input":"required name=search_term_string"}],"inLanguage":"fr-FR"},{"@type":"Organization","@id":"https:\/\/horebnews.net\/#organization","name":"HOREBNEWS","url":"https:\/\/horebnews.net\/","logo":{"@type":"ImageObject","inLanguage":"fr-FR","@id":"https:\/\/horebnews.net\/#\/schema\/logo\/image\/","url":"http:\/\/horebnews.net\/wp-content\/uploads\/2024\/06\/Image-collee-7.png","contentUrl":"http:\/\/horebnews.net\/wp-content\/uploads\/2024\/06\/Image-collee-7.png","width":399,"height":113,"caption":"HOREBNEWS"},"image":{"@id":"https:\/\/horebnews.net\/#\/schema\/logo\/image\/"}},{"@type":"Person","@id":"https:\/\/horebnews.net\/#\/schema\/person\/34f2415afa4c9d65ffbc118f5eaed57f","name":"Madeleine Damiba","image":{"@type":"ImageObject","inLanguage":"fr-FR","@id":"https:\/\/horebnews.net\/#\/schema\/person\/image\/","url":"https:\/\/secure.gravatar.com\/avatar\/7a94eb61bd560caa59e5462e4a3ca555?s=96&d=mm&r=g","contentUrl":"https:\/\/secure.gravatar.com\/avatar\/7a94eb61bd560caa59e5462e4a3ca555?s=96&d=mm&r=g","caption":"Madeleine Damiba"},"url":"https:\/\/horebnews.net\/index.php\/author\/madeleine-damiba\/"}]}},"wpmagazine_modules_lite_featured_media_urls":{"thumbnail":["https:\/\/horebnews.net\/wp-content\/uploads\/2024\/07\/880a9784-150x150.jpg",150,150,true],"cvmm-medium":["https:\/\/horebnews.net\/wp-content\/uploads\/2024\/07\/880a9784-300x300.jpg",300,300,true],"cvmm-medium-plus":["https:\/\/horebnews.net\/wp-content\/uploads\/2024\/07\/880a9784-305x207.jpg",305,207,true],"cvmm-portrait":["https:\/\/horebnews.net\/wp-content\/uploads\/2024\/07\/880a9784-400x600.jpg",400,600,true],"cvmm-medium-square":["https:\/\/horebnews.net\/wp-content\/uploads\/2024\/07\/880a9784-600x600.jpg",600,600,true],"cvmm-large":["https:\/\/horebnews.net\/wp-content\/uploads\/2024\/07\/880a9784-1024x640.jpg",1024,640,true],"cvmm-small":["https:\/\/horebnews.net\/wp-content\/uploads\/2024\/07\/880a9784-130x95.jpg",130,95,true],"full":["https:\/\/horebnews.net\/wp-content\/uploads\/2024\/07\/880a9784.jpg",1096,640,false]},"categories_names":{"9":{"name":"POLITIQUE","link":"https:\/\/horebnews.net\/index.php\/category\/politique\/"}},"tags_names":[],"comments_number":"0","_links":{"self":[{"href":"https:\/\/horebnews.net\/index.php\/wp-json\/wp\/v2\/posts\/1006"}],"collection":[{"href":"https:\/\/horebnews.net\/index.php\/wp-json\/wp\/v2\/posts"}],"about":[{"href":"https:\/\/horebnews.net\/index.php\/wp-json\/wp\/v2\/types\/post"}],"author":[{"embeddable":true,"href":"https:\/\/horebnews.net\/index.php\/wp-json\/wp\/v2\/users\/2"}],"replies":[{"embeddable":true,"href":"https:\/\/horebnews.net\/index.php\/wp-json\/wp\/v2\/comments?post=1006"}],"version-history":[{"count":1,"href":"https:\/\/horebnews.net\/index.php\/wp-json\/wp\/v2\/posts\/1006\/revisions"}],"predecessor-version":[{"id":1008,"href":"https:\/\/horebnews.net\/index.php\/wp-json\/wp\/v2\/posts\/1006\/revisions\/1008"}],"wp:featuredmedia":[{"embeddable":true,"href":"https:\/\/horebnews.net\/index.php\/wp-json\/wp\/v2\/media\/1007"}],"wp:attachment":[{"href":"https:\/\/horebnews.net\/index.php\/wp-json\/wp\/v2\/media?parent=1006"}],"wp:term":[{"taxonomy":"category","embeddable":true,"href":"https:\/\/horebnews.net\/index.php\/wp-json\/wp\/v2\/categories?post=1006"},{"taxonomy":"post_tag","embeddable":true,"href":"https:\/\/horebnews.net\/index.php\/wp-json\/wp\/v2\/tags?post=1006"}],"curies":[{"name":"wp","href":"https:\/\/api.w.org\/{rel}","templated":true}]}}